{"id":123863,"date":"2025-05-24T06:32:09","date_gmt":"2025-05-24T06:32:09","guid":{"rendered":"https:\/\/www.europesays.com\/fr\/123863\/"},"modified":"2025-05-24T06:32:09","modified_gmt":"2025-05-24T06:32:09","slug":"ludovico-mellano-vainqueur-a-la-ronde-de-lisard-liege-me-fait-rever-actualite","status":"publish","type":"post","link":"https:\/\/www.europesays.com\/fr\/123863\/","title":{"rendered":"Ludovico Mellano, vainqueur \u00e0 la Ronde de l&rsquo;Isard : \u00ab Li\u00e8ge me fait r\u00eaver \u00bb &#8211; Actualit\u00e9"},"content":{"rendered":"<p style=\"text-align: justify;\">Pour sa premi\u00e8re saison chez les Espoirs, Ludovico Mellano (XDS Astana Development Team) signe des d\u00e9buts remarqu\u00e9s : le Pi\u00e9montais s&rsquo;impose ce vendredi au sprint sur la troisi\u00e8me \u00e9tape de la Ronde de l&rsquo;Isard 2025 (<a href=\"https:\/\/www.directvelo.com\/actualite\/120853\/ronde-de-l-isard-et-3-classements\" target=\"_blank\" rel=\"noopener\"><strong>voir le classement<\/strong><\/a>), entre Aspet et Salies-du-Salat (Haute-Garonne). Huit jours avant, il enlevait une \u00e9tape de l&rsquo;Orlen Nations Grand Prix, en Pologne, dont il prend la deuxi\u00e8me place du classement g\u00e9n\u00e9ral. Deux succ\u00e8s UCI coup sur coup. DirectVelo a rencontr\u00e9 ce coureur qui veut encore \u00ab\u00a0progresser\u00a0\u00bb.<\/p>\n<p><strong>DirectVelo : Ce sprint sur la Ronde de l&rsquo;Isard \u00e9tait tr\u00e8s technique : quelle \u00e9tait la cl\u00e9 pour s&rsquo;imposer ?<\/strong><br \/>Ludovico Mellano : D&rsquo;abord, il fallait bien g\u00e9rer la premi\u00e8re partie de l&rsquo;\u00e9tape, puisqu&rsquo;on a mont\u00e9 le Col du Ment\u00e9. J&rsquo;ai perdu 22 secondes sur le groupe du maillot jaune, mais je ne me suis pas affol\u00e9. J&rsquo;ai grimp\u00e9 \u00e0 mon train et j&rsquo;ai recoll\u00e9 dans la descente. Pour ce qui est du sprint, il fallait rep\u00e9rer le final, tout particuli\u00e8rement l&rsquo;encha\u00eenement des virages. La course est pass\u00e9e sur la ligne une premi\u00e8re fois en d\u00e9but d&rsquo;\u00e9tape. \u00c7a m&rsquo;a suffi pour m\u00e9moriser certains d\u00e9tails. On devait \u00eatre tr\u00e8s agile, bouger tr\u00e8s vite et prendre la t\u00eate dans le dernier virage. Mais il n&rsquo;y avait pas beaucoup de vrais sprinters dans le peloton. Moi-m\u00eame, je ne me consid\u00e8re pas comme un sprinter.<\/p>\n<p><strong>\u00ab\u00a0JE VAIS DE NOUVEAU TRAVAILLER POUR LES AUTRES \u00bb<\/strong><\/p>\n<p><strong>Quel est ton profil de coureur ?<\/strong><br \/>J&rsquo;aime les parcours casse-pattes. J&rsquo;aimerais bien me sp\u00e9cialiser dans les classiques, surtout dans Li\u00e8ge-Bastogne-Li\u00e8ge, qui me fait r\u00eaver. Mais il faut s&rsquo;am\u00e9liorer sur tous les terrains et se frotter aux coureurs meilleurs que soi. Je suis content de me confronter avec des super grimpeurs sur cette Ronde de l&rsquo;Isard.\u00a0\u00c0 vrai dire, je suis venu pour \u00e7a : pour progresser ! Je veux aussi aider mes co\u00e9quipiers dans la montagne. J&rsquo;ai eu ma chance aujourd&rsquo;hui, mais je vais de nouveau travailler pour les autres dans les prochains jours.<\/p>\n<p><strong>En attendant, c&rsquo;est ta deuxi\u00e8me victoire en huit jours sur une \u00e9preuve UCI. Ce pic de forme \u00e9tait-il programm\u00e9 ?<\/strong><br \/>Je suis tomb\u00e9 malade apr\u00e8s le Giro del Belvedere et le GP Palio del Recioto (les 21 et 22 avril), j&rsquo;avais de la fi\u00e8vre et j&rsquo;ai \u00e9t\u00e9 oblig\u00e9 de rester pr\u00e8s de trois semaines \u00e0 la maison, sans courir, avec mon entra\u00eeneur. Maintenant, je me sens bien. Je profite d&rsquo;une fen\u00eatre de forme.<\/p>\n<p><strong>LES JAMBES EN VACANCES DIMANCHE SOIR<\/strong><\/p>\n<p><strong>C&rsquo;est pour cela que vous avez encha\u00een\u00e9 l&rsquo;Orlen et la Ronde de l&rsquo;Isard, qui \u00e9taient tr\u00e8s rapproch\u00e9s au calendrier ?<\/strong><br \/>Oui, je veux absolument courir en ce moment. J&rsquo;ai mis deux jours complets pour rentrer de Pologne jusqu&rsquo;\u00e0 chez moi, \u00e0 Cuneo, dans le Pi\u00e9mont, puis \u00e0 repartir sur la Ronde de l&rsquo;Isard. Mais j&rsquo;ai bien r\u00e9cup\u00e9r\u00e9. Le premier jour, j&rsquo;ai eu un peu de mal, mais hier (jeudi, dans l&rsquo;\u00e9tape de Cauterets, o\u00f9 il se classe troisi\u00e8me, NDLR), j&rsquo;\u00e9tais beaucoup mieux. Si je tenais \u00e0 cet encha\u00eenement d&rsquo;\u00e9preuves au calendrier, c&rsquo;est parce que je vais arr\u00eater de courir dimanche soir.<\/p>\n<p><strong>Tu prends d\u00e9j\u00e0 des vacances ?<\/strong><br \/>Mes jambes prennent des vacances, pas la t\u00eate ! Je dois passer ma maturita\u00a0(\u00e9quivalent du bac, NDLR) scientifique. Je reprends la comp\u00e9tition cinq semaines plus tard, le 29 juin, sur les Championnats d&rsquo;Italie. D&rsquo;ici-l\u00e0, j&rsquo;en profite !<\/p>\n","protected":false},"excerpt":{"rendered":"Pour sa premi\u00e8re saison chez les Espoirs, Ludovico Mellano (XDS Astana Development Team) signe des d\u00e9buts remarqu\u00e9s :&hellip;\n","protected":false},"author":2,"featured_media":123864,"comment_status":"","ping_status":"","sticky":false,"template":"","format":"standard","meta":{"footnotes":""},"categories":[1411],"tags":[834,828,836,829,837,827,83,826,824,823,1154,207,814,817,815,816,822,821,832,211,839,1011,27,820,818,819,835,831,830,833,838,60,212,208,825],"class_list":{"0":"post-123863","1":"post","2":"type-post","3":"status-publish","4":"format-standard","5":"has-post-thumbnail","7":"category-cyclisme","8":"tag-attaque","9":"tag-belgique","10":"tag-braquet","11":"tag-bretagne","12":"tag-chute","13":"tag-competition","14":"tag-coupe-de-france","15":"tag-coureur","16":"tag-course-cyclisme","17":"tag-course-cycliste","18":"tag-cycling","19":"tag-cyclisme","20":"tag-direct","21":"tag-direct-velo","22":"tag-directvelo","23":"tag-directvelo-com","24":"tag-epreuve","25":"tag-epreuve-cycliste","26":"tag-federation-francaise-de-cyclisme","27":"tag-ffc","28":"tag-flandres","29":"tag-fr","30":"tag-france","31":"tag-live","32":"tag-live-course","33":"tag-live-epreuve","34":"tag-peloton","35":"tag-radio-peloton","36":"tag-radio-tour","37":"tag-ravitaillement","38":"tag-relance","39":"tag-sports","40":"tag-uci","41":"tag-velo","42":"tag-velos"},"share_on_mastodon":{"url":"https:\/\/pubeurope.com\/@fr\/114561413589434149","error":""},"_links":{"self":[{"href":"https:\/\/www.europesays.com\/fr\/wp-json\/wp\/v2\/posts\/123863","targetHints":{"allow":["GET"]}}],"collection":[{"href":"https:\/\/www.europesays.com\/fr\/wp-json\/wp\/v2\/posts"}],"about":[{"href":"https:\/\/www.europesays.com\/fr\/wp-json\/wp\/v2\/types\/post"}],"author":[{"embeddable":true,"href":"https:\/\/www.europesays.com\/fr\/wp-json\/wp\/v2\/users\/2"}],"replies":[{"embeddable":true,"href":"https:\/\/www.europesays.com\/fr\/wp-json\/wp\/v2\/comments?post=123863"}],"version-history":[{"count":0,"href":"https:\/\/www.europesays.com\/fr\/wp-json\/wp\/v2\/posts\/123863\/revisions"}],"wp:featuredmedia":[{"embeddable":true,"href":"https:\/\/www.europesays.com\/fr\/wp-json\/wp\/v2\/media\/123864"}],"wp:attachment":[{"href":"https:\/\/www.europesays.com\/fr\/wp-json\/wp\/v2\/media?parent=123863"}],"wp:term":[{"taxonomy":"category","embeddable":true,"href":"https:\/\/www.europesays.com\/fr\/wp-json\/wp\/v2\/categories?post=123863"},{"taxonomy":"post_tag","embeddable":true,"href":"https:\/\/www.europesays.com\/fr\/wp-json\/wp\/v2\/tags?post=123863"}],"curies":[{"name":"wp","href":"https:\/\/api.w.org\/{rel}","templated":true}]}}