{"id":123869,"date":"2025-05-24T06:35:11","date_gmt":"2025-05-24T06:35:11","guid":{"rendered":"https:\/\/www.europesays.com\/fr\/123869\/"},"modified":"2025-05-24T06:35:11","modified_gmt":"2025-05-24T06:35:11","slug":"insolite-quand-un-barman-recree-la-boisson-favorite-des-peintres-impressionnistes","status":"publish","type":"post","link":"https:\/\/www.europesays.com\/fr\/123869\/","title":{"rendered":"Insolite. Quand un barman recr\u00e9e la boisson favorite des peintres impressionnistes"},"content":{"rendered":"<p>            Par<br \/>\n        <strong><br \/>\n            <a href=\"https:\/\/actu.fr\/auteur\/redaction-pa\" title=\"Consulter tous les articles de R\u00e9daction Le Pays d&#039;Auge\" target=\"_blank\" rel=\"noopener\">R\u00e9daction Le Pays d&rsquo;Auge<\/a><br \/>\n        <\/strong><\/p>\n<p>        Publi\u00e9 le<\/p>\n<p>            23 mai 2025 \u00e0 19h32        <\/p>\n<p><b>Fabrice Verdier,<\/b> chef barman \u00e0 la <a href=\"https:\/\/actu.fr\/normandie\/honfleur_14333\/honfleur-ces-deux-concierges-clefs-dor-brillent-dans-lhotellerie-de-luxe_62607926.html\" target=\"_blank\" rel=\"noopener\">Ferme Saint-Sim\u00e9on<\/a> \u00e0 <a href=\"https:\/\/actu.fr\/normandie\/honfleur_14333\" target=\"_blank\" rel=\"noopener\">Honfleur <\/a>(Calvados), <b>champion du monde des liqueurs en 2004<\/b> et<b> de France de cocktails 2021 <\/b>et depuis deux ans ambassadeur pour la Normandie des barmen de France, s\u2019est lanc\u00e9 dans cette folle aventure.<\/p>\n<p class=\" wall-content\">Dans une correspondance de 1896 <a href=\"https:\/\/actu.fr\/normandie\/honfleur_14333\/honfleur-150-ans-dimpressionnisme-celebres-au-musee-eugene-boudin_60971318.html\" target=\"_blank\" rel=\"noopener\">du peintre Eug\u00e8ne Boudin<\/a>, il est fait mention pour la premi\u00e8re fois des g\u00e9n\u00e9reux bols de<b> Flip chaud,<\/b> cette boisson au <b>cidre doux <\/b>qu\u2019affectionnaient particuli\u00e8rement les peintres impressionnistes, baptis\u00e9s Les Sim\u00e9onistes. Et c\u2019est aussi dans une de ses <b>aquarelles<\/b>, r\u00e9alis\u00e9e en 1867, que l\u2019on peut voir les artistes de toutes g\u00e9n\u00e9rations, attabl\u00e9s autour de cette boisson, dans une ambiance tr\u00e8s conviviale.<\/p>\n<blockquote class=\"ac-article-quote wall-content\">\n<p>\u00ab\u2009C\u2019\u00e9tait un sacr\u00e9 challenge de r\u00e9cr\u00e9er cette boisson historique, trouver les bonnes doses, les essences, la couleur et les go\u00fbts\u2009\u00bb.<\/p>\n<p>Fabrice Verdier.<\/p><\/blockquote>\n<p class=\" wall-content\">C\u2019est avec l\u2019aide de l\u2019artiste Fabie Lou, historienne du courant impressionniste, qu\u2019il s\u2019est plong\u00e9 dans les archives.<\/p>\n<p>Une recette secr\u00e8te un peu d\u00e9voil\u00e9e<\/p>\n<p class=\" wall-content\">La recette reste un secret que ne veut pas d\u00e9voiler Fabrice bien entendu, mais il admet volontiers qu\u2019il est question de pomme, de cidre, de calvados, de sucre, de bouillon.<\/p>\n<blockquote class=\"ac-article-quote wall-content\">\n<p>\u00ab\u2009Il faut se rappeler que la m\u00e8re Toutain travaillait avec les ustensiles de l\u2019\u00e9poque, une gamelle, un processus de chauffe \u00e0 60\u00b0 seulement, il fallait donc travailler avec ces donn\u00e9es pour arriver au m\u00eame r\u00e9sultat\u2009!\u2009\u00bb.<\/p>\n<p>Fabrice Verdier.<\/p><\/blockquote>\n<p class=\" wall-content\">\u00c0 l\u2019\u00e9poque, on ne fabriquait pas le cidre comme maintenant, on ne le filtrait pas, \u00ab\u2009cela donnait un jus tr\u00e8s marron, qu\u2019on ne trouve plus dans le commerce\u2009\u00bb. Pour acc\u00e9der \u00e0 la<b> couleur ambr\u00e9e,<\/b> caract\u00e9ristique de cette boisson, il a fallu faire preuve d\u2019ing\u00e9niosit\u00e9. La solution a \u00e9t\u00e9 trouv\u00e9e, apr\u00e8s plusieurs nuits d\u2019insomnie, en pensant \u00e0 utiliser du cidre de glace, dont les fruits press\u00e9s sont cueillis tr\u00e8s tardivement, aux premi\u00e8res gel\u00e9es, d\u2019o\u00f9 son nom. Mais le degr\u00e9 d\u2019alcool a pos\u00e9 un souci.<\/p>\n<blockquote class=\"ac-article-quote wall-content\">\n<p>\u00ab\u2009Le calvados \u00e9tait fait manuellement et avait un degr\u00e9 d\u2019alcool tr\u00e8s fort, de 60 \u00e0 65\u00b0, ce qui n\u2019est plus le cas aujourd\u2019hui. M\u00eame si on ne met qu\u2019un centilitre dans cette boisson, ce c\u00f4t\u00e9 punchy \u00e9tait indispensable\u2009! J\u2019ai fini par trouver\u2009: la tripe distillation \u00e0 74\u00b0 de Roger Groult\u2009\u00bb.<\/p>\n<p>Fabrice Verdier.<\/p><\/blockquote>\n<p>Cr\u00e9er un palier de go\u00fbt<\/p>\n<p class=\" wall-content\">Enfin, il \u00e9tait vital de cr\u00e9er <b>un palier de go\u00fbt.<\/b> La premi\u00e8re gorg\u00e9e apportait le c\u00f4t\u00e9 pomme verte, presque un c\u00f4t\u00e9 Tatin, les suivantes devaient apporter le sucre, puis l\u2019alcool puis le c\u00f4t\u00e9 chaud. Pour r\u00e9aliser ce dernier palier, <b>un choc thermique<\/b> \u00e9tait n\u00e9cessaire.<\/p>\n<blockquote class=\"ac-article-quote wall-content\">\n<p>\u00ab\u2009Apr\u00e8s avoir fait bouillir la boisson \u00e0 90\u00b0, j\u2019ai r\u00e9alis\u00e9 ce choc avec de la glace pil\u00e9e, puis j\u2019ai compl\u00e9t\u00e9 avec de l\u2019eau chaude \u00e0 70\u00b0. En refroidissant, on cr\u00e9e un nouveau go\u00fbt\u2009!\u2009\u00bb<\/p>\n<p>Fabrice Verdier.<\/p><\/blockquote>\n<p class=\" wall-content\">Pour \u00eatre s\u00fbr de son fait, il fallait un <b>go\u00fbteur<\/b>, au palais habitu\u00e9 \u00e0 ce type de boisson, et que Fabrice Verdier a trouv\u00e9 en la personne de <b>Pascal Lodieu.<\/b> Celui-ci a apport\u00e9 son exp\u00e9rience familiale, avec un p\u00e8re producteur de calvados et de cidre de p\u00e8re en fils depuis plusieurs g\u00e9n\u00e9rations. Il a sollicit\u00e9 un <b>l\u00e9ger rehaut en calvados <\/b>pour parvenir au souvenir de ce bouquet ancestral, rappelant que la vapeur devait piquer les yeux, signe d\u2019un parfait dosage du Flip\u2009!<\/p>\n<p class=\" wall-content\">Apr\u00e8s avoir \u00e9t\u00e9 inaugur\u00e9e en f\u00e9vrier dernier, la boisson est d\u00e9sormais <b>inscrite \u00e0 la carte du bar,<\/b> \u00e0 l\u2019initiative de la famille propri\u00e9taire de la Ferme Saint-Sim\u00e9on. Elle est servie dans un<b> verre sp\u00e9cial \u00e0 anse, <\/b>dit \u00e0 br\u00fblot, pouvant r\u00e9sister \u00e0 la chaleur et au choc thermique. Un vrai r\u00e9gal des yeux et des papilles, \u00e0 d\u00e9guster bien entendu avec mod\u00e9ration\u2009!<\/p>\n<p>Ferme Saint-Sim\u00e9on \u00e0 Honfleur. 20 rte Adolphe Marais. Contact : 02 31 81 78 00.\u00a0<\/p>\n<p class=\" wall-content\">Suivez toute l\u2019actualit\u00e9 de vos villes et m\u00e9dias favoris en vous inscrivant \u00e0 <a href=\"https:\/\/moncompte.actu.fr\" title=\"D\u00e9couvez Mon Actu\" rel=\"nofollow noopener\" data-trk=\"{&quot;cta&quot;:{&quot;action&quot;:&quot;https:\\\/\\\/moncompte.actu.fr&quot;,&quot;category&quot;:&quot;mon compte&quot;,&quot;from&quot;:&quot;article footer&quot;,&quot;name&quot;:&quot;Mon actu&quot;,&quot;type&quot;:&quot;cta&quot;}}\" target=\"_blank\">Mon Actu<\/a>.<\/p>\n<ul class=\"ac-article-tag wall-content\">\n<li><a href=\"https:\/\/actu.fr\/tag\/impressionnisme\" data-trk=\"{&quot;cta&quot;:{&quot;action&quot;:&quot;impressionnisme&quot;,&quot;category&quot;:&quot;tag&quot;,&quot;from&quot;:&quot;article footer&quot;,&quot;name&quot;:&quot;impressionnisme&quot;,&quot;type&quot;:&quot;cta&quot;}}\" target=\"_blank\" rel=\"noopener\">#impressionnisme<\/a><\/li>\n<li><a href=\"https:\/\/actu.fr\/tag\/made-in-normandie\" data-trk=\"{&quot;cta&quot;:{&quot;action&quot;:&quot;Made in Normandie&quot;,&quot;category&quot;:&quot;tag&quot;,&quot;from&quot;:&quot;article footer&quot;,&quot;name&quot;:&quot;Made in Normandie&quot;,&quot;type&quot;:&quot;cta&quot;}}\" target=\"_blank\" rel=\"noopener\">#Made in Normandie<\/a><\/li>\n<\/ul>\n","protected":false},"excerpt":{"rendered":"Par R\u00e9daction Le Pays d&rsquo;Auge Publi\u00e9 le 23 mai 2025 \u00e0 19h32 Fabrice Verdier, chef barman \u00e0 la&hellip;\n","protected":false},"author":2,"featured_media":123870,"comment_status":"","ping_status":"","sticky":false,"template":"","format":"standard","meta":{"footnotes":""},"categories":[1358],"tags":[1348,1384,1385,1386,58,59,1011,27,11949,1652,24646],"class_list":{"0":"post-123869","1":"post","2":"type-post","3":"status-publish","4":"format-standard","5":"has-post-thumbnail","7":"category-arts-et-design","8":"tag-arts","9":"tag-arts-and-design","10":"tag-arts-et-design","11":"tag-design","12":"tag-divertissement","13":"tag-entertainment","14":"tag-fr","15":"tag-france","16":"tag-impressionnisme","17":"tag-loisirs-culture","18":"tag-made-in-normandie"},"share_on_mastodon":{"url":"https:\/\/pubeurope.com\/@fr\/114561425393771144","error":""},"_links":{"self":[{"href":"https:\/\/www.europesays.com\/fr\/wp-json\/wp\/v2\/posts\/123869","targetHints":{"allow":["GET"]}}],"collection":[{"href":"https:\/\/www.europesays.com\/fr\/wp-json\/wp\/v2\/posts"}],"about":[{"href":"https:\/\/www.europesays.com\/fr\/wp-json\/wp\/v2\/types\/post"}],"author":[{"embeddable":true,"href":"https:\/\/www.europesays.com\/fr\/wp-json\/wp\/v2\/users\/2"}],"replies":[{"embeddable":true,"href":"https:\/\/www.europesays.com\/fr\/wp-json\/wp\/v2\/comments?post=123869"}],"version-history":[{"count":0,"href":"https:\/\/www.europesays.com\/fr\/wp-json\/wp\/v2\/posts\/123869\/revisions"}],"wp:featuredmedia":[{"embeddable":true,"href":"https:\/\/www.europesays.com\/fr\/wp-json\/wp\/v2\/media\/123870"}],"wp:attachment":[{"href":"https:\/\/www.europesays.com\/fr\/wp-json\/wp\/v2\/media?parent=123869"}],"wp:term":[{"taxonomy":"category","embeddable":true,"href":"https:\/\/www.europesays.com\/fr\/wp-json\/wp\/v2\/categories?post=123869"},{"taxonomy":"post_tag","embeddable":true,"href":"https:\/\/www.europesays.com\/fr\/wp-json\/wp\/v2\/tags?post=123869"}],"curies":[{"name":"wp","href":"https:\/\/api.w.org\/{rel}","templated":true}]}}