{"id":123903,"date":"2025-05-24T06:53:19","date_gmt":"2025-05-24T06:53:19","guid":{"rendered":"https:\/\/www.europesays.com\/fr\/123903\/"},"modified":"2025-05-24T06:53:19","modified_gmt":"2025-05-24T06:53:19","slug":"on-veut-juste-travailler-le-maire-de-six-fours-interdit-les-epiceries-de-nuit-des-commercants-crient-a-linjustice","status":"publish","type":"post","link":"https:\/\/www.europesays.com\/fr\/123903\/","title":{"rendered":"\u00ab\u00a0On veut juste travailler\u00a0\u00bb: le maire de Six-Fours interdit les \u00e9piceries de nuit, des commer\u00e7ants crient \u00e0 l\u2019injustice"},"content":{"rendered":"<p>Depuis le d\u00e9but du mois de mai, \u00e0 Six-Fours, un arr\u00eat\u00e9 municipal interdit l\u2019ouverture des \u00e9piceries de nuit entre 22h et 6h du matin, jusqu\u2019au 15 septembre. Idem pour les snacks qui, eux, sont d\u00e9sormais pri\u00e9s de baisser le rideau \u00e0 23h.<\/p>\n<p>Jean-S\u00e9bastien Vialatte et son adjoint en charge de la s\u00e9curit\u00e9 ont accompagn\u00e9 cette d\u00e9cision d\u2019une courte vid\u00e9o sur les r\u00e9seaux de la Ville, dans laquelle le maire rappelle au passage qu\u2019\u00e0 Six-Fours, la vente d\u2019alcool est prohib\u00e9e \u00e0 partir de 20h30(quand le pr\u00e9fet \u00e9dicte 22h), et ce depuis belle lurette. \u00ab\u00a0\u00c0 partir de cette heure-l\u00e0, les rayons en question doivent \u00eatre couverts et inaccessibles aux clients\u00a0\u00bb, ajoute Thierry Mas-Saint-Guiral. Le cabinet du maire compl\u00e8te que cet arr\u00eat\u00e9 vise avant tout \u00e0 \u00ab\u00a0pr\u00e9server la tranquillit\u00e9 durant la saison estivale\u00a0\u00bb. Et qu\u2019il n\u2019est pas exclu de le reconduire \u00e0 compter du 16 septembre.<\/p>\n<p>Tous dans le m\u00eame panier?<\/p>\n<p>Est-ce parce que certains commerces n\u2019ont pas respect\u00e9 les r\u00e8gles que cet arr\u00eat\u00e9 est tomb\u00e9? Une r\u00e9cente op\u00e9ration de contr\u00f4le de police, dans divers commerces nocturnes de la commune, a notamment permis de surprendre une \u00e9picerie en train de vendre de l\u2019alcool \u00e0 une heure indue. Et, d\u2019apr\u00e8s la mairie, d\u2019autres infractions seraient \u00ab\u00a0r\u00e9guli\u00e8rement relev\u00e9es\u00a0\u00bb: \u00ab\u00a0vente de produits p\u00e9rim\u00e9s et de produits interdits dans l\u2019Union europ\u00e9enne, travail dissimul\u00e9\u00a0\u00bb&#8230; Et \u00ab\u00a0certains \u00e9tablissements g\u00e9n\u00e8rent des nuisances avec la pr\u00e9sence de deux-roues\u00a0\u00bb.<\/p>\n<p>\u00ab\u00a0Mais est-ce une raison pour mettre tout le monde dans le m\u00eame panier?\u00a0\u00bb, s\u2019insurge l\u2019un des cog\u00e9rants de l\u2019Epicerie du littoral, sur l\u2019avenue du Mar\u00e9chal-Juin. Une \u00ab\u00a0punition injuste\u00a0\u00bb pour ce commer\u00e7ant, qui se targue de proposer un \u00ab\u00a0service de proximit\u00e9 de qualit\u00e9, o\u00f9 tout le monde est bienvenu\u00a0\u00bb. \u00ab\u00a0Certains disent que sans la vente d\u2019alcool, on ne marcherait pas, mais c\u2019est faux. Nous, nous proposons plus de 800 articles dans notre \u00e9picerie, dont beaucoup qu\u2019on ne trouve pas ailleurs. Et on n\u2019a aucun probl\u00e8me avec le voisinage parce qu\u2019on veille \u00e0 ce qu\u2019il n\u2019y ait pas d\u2019attroupement sur le parking. On d\u00e9panne \u00e9norm\u00e9ment de gens, on rend v\u00e9ritablement service. On ne fait pas du blanchiment d\u2019argent, on veut juste travailler.\u00a0\u00bb<\/p>\n<p>L\u2019arr\u00eat\u00e9 attaqu\u00e9<\/p>\n<p>Il poursuit: \u00ab\u00a0Et puis, on a choisi d\u2019investir dans notre ville, on investit dans notre commerce: on vient d\u2019ailleurs de changer l\u2019enseigne qui nous a co\u00fbt\u00e9 un bras, on a rachet\u00e9 le local \u00e0 c\u00f4t\u00e9 dans le but de s\u2019agrandir\u2026 et on se prend cette fermeture alors qu\u2019on n\u2019a rien \u00e0 se reprocher! Sinc\u00e8rement, je suis pour le respect des r\u00e8gles, mais pas pour l\u2019injustice\u00a0\u00bb, r\u00e9sume celui qui, avec son associ\u00e9, a donc adapt\u00e9 les horaires du magasin. De 16h \u00e0 4h du matin, ils sont pass\u00e9s de 12h \u00e0 22h. \u00ab\u00a0Mais c\u2019est bien moins rentable\u00a0\u00bb, d\u00e9plore-t-il encore, avant de noter qu\u2019\u00a0\u00bben plus, dans sa vid\u00e9o, le maire d\u00e9clare qu\u2019il n\u2019y a quasiment pas de probl\u00e8mes dans sa ville\u2026 C\u2019est incompr\u00e9hensible. Les gens iront \u00e0 La Seyne, c\u2019est tout.\u00a0\u00bb<\/p>\n<p>L\u2019\u00c9picerie du littoral a lanc\u00e9 une p\u00e9tition (sur \u00ab\u00a0mesopinions.com\u00a0\u00bb) appelant au soutien de ses clients. Et ses g\u00e9rants pr\u00e9voient m\u00eame d\u2019attaquer l\u2019arr\u00eat\u00e9 municipal en justice.<\/p>\n","protected":false},"excerpt":{"rendered":"Depuis le d\u00e9but du mois de mai, \u00e0 Six-Fours, un arr\u00eat\u00e9 municipal interdit l\u2019ouverture des \u00e9piceries de nuit&hellip;\n","protected":false},"author":2,"featured_media":123904,"comment_status":"","ping_status":"","sticky":false,"template":"","format":"standard","meta":{"footnotes":""},"categories":[9619],"tags":[1111,11,215,1292,1777,674,1011,27,12,316,882,25,2310,3366],"class_list":{"0":"post-123903","1":"post","2":"type-post","3":"status-publish","4":"format-standard","5":"has-post-thumbnail","7":"category-toulon","8":"tag-actu","9":"tag-actualites","10":"tag-commerce","11":"tag-debat","12":"tag-eu","13":"tag-europe","14":"tag-fr","15":"tag-france","16":"tag-news","17":"tag-politique","18":"tag-provence-alpes-cote-dazur","19":"tag-republique-francaise","20":"tag-toulon","21":"tag-vie-locale"},"share_on_mastodon":{"url":"https:\/\/pubeurope.com\/@fr\/114561496091057943","error":""},"_links":{"self":[{"href":"https:\/\/www.europesays.com\/fr\/wp-json\/wp\/v2\/posts\/123903","targetHints":{"allow":["GET"]}}],"collection":[{"href":"https:\/\/www.europesays.com\/fr\/wp-json\/wp\/v2\/posts"}],"about":[{"href":"https:\/\/www.europesays.com\/fr\/wp-json\/wp\/v2\/types\/post"}],"author":[{"embeddable":true,"href":"https:\/\/www.europesays.com\/fr\/wp-json\/wp\/v2\/users\/2"}],"replies":[{"embeddable":true,"href":"https:\/\/www.europesays.com\/fr\/wp-json\/wp\/v2\/comments?post=123903"}],"version-history":[{"count":0,"href":"https:\/\/www.europesays.com\/fr\/wp-json\/wp\/v2\/posts\/123903\/revisions"}],"wp:featuredmedia":[{"embeddable":true,"href":"https:\/\/www.europesays.com\/fr\/wp-json\/wp\/v2\/media\/123904"}],"wp:attachment":[{"href":"https:\/\/www.europesays.com\/fr\/wp-json\/wp\/v2\/media?parent=123903"}],"wp:term":[{"taxonomy":"category","embeddable":true,"href":"https:\/\/www.europesays.com\/fr\/wp-json\/wp\/v2\/categories?post=123903"},{"taxonomy":"post_tag","embeddable":true,"href":"https:\/\/www.europesays.com\/fr\/wp-json\/wp\/v2\/tags?post=123903"}],"curies":[{"name":"wp","href":"https:\/\/api.w.org\/{rel}","templated":true}]}}