{"id":12391,"date":"2025-04-09T10:34:11","date_gmt":"2025-04-09T10:34:11","guid":{"rendered":"https:\/\/www.europesays.com\/fr\/12391\/"},"modified":"2025-04-09T10:34:11","modified_gmt":"2025-04-09T10:34:11","slug":"un-complice-de-mohamed-amra-extrade-wauquiez-signe-et-persiste-tensions-entre-la-russie-et-la-france-les-3-infos-a-retenir-a-la-mi-journee","status":"publish","type":"post","link":"https:\/\/www.europesays.com\/fr\/12391\/","title":{"rendered":"Un complice de Mohamed Amra extrad\u00e9, Wauquiez \u00absigne et persiste\u00bb, tensions entre la Russie et la France&#8230; Les 3 infos \u00e0 retenir \u00e0 la mi-journ\u00e9e"},"content":{"rendered":"<p><strong>LE POINT DE MIDI &#8211; <\/strong>Retrouvez l\u2019essentiel de l\u2019actualit\u00e9 parue ce mercredi 9 avril au matin sur notre site.<\/p>\n<p>Un complice de Mohamed Amra extrad\u00e9 en France<\/p>\n<p>    Adonis C., faisait l\u2019objet d\u2019une notice rouge Interpol pour son r\u00f4le pr\u00e9sum\u00e9 dans l\u2019\u00e9vasion de Mohamed Amra.<br \/>\n                DR.<\/p>\n<p class=\"fig-paragraph\">Un complice pr\u00e9sum\u00e9 de Mohamed Amra, dont l\u2019\u00e9vasion en mai 2024 a co\u00fbt\u00e9 la vie de deux agents p\u00e9nitentiaires, a \u00e9t\u00e9 \u00abremis \u00e0 la justice fran\u00e7aise\u00bb mercredi matin,\u00a0<a href=\"http:\/\/www.lefigaro.fr\/faits-divers\/evasion-de-mohamed-amra-adonis-c-le-fidele-qui-s-etait-fait-la-belle-en-thailande-en-cours-d-extradition-en-france-20250409\" target=\"_blank\" data-fig-type=\"NewsFlash\" rel=\"noopener\" data-gtm-custom-categorie=\"navigation\" data-gtm-custom-action=\"crossclick\" data-gtm-custom-label=\"Contextuel\" data-gtm-event=\"customEventSPE\" data-fig-domain=\"LEFIGARO\">apr\u00e8s avoir \u00e9t\u00e9 incarc\u00e9r\u00e9 en Tha\u00eflande o\u00f9 il avait fui<\/a>. Selon la proc\u00e9dure judiciaire, il doit se rendre au tribunal judiciaire de Paris, o\u00f9 il sera pr\u00e9sent\u00e9 \u00e0 un juge d\u2019instruction pour son \u00e9ventuelle mise en examen.<\/p>\n<p>Wauquiez \u00absigne et persiste\u00bb apr\u00e8s avoir cr\u00e9\u00e9 la pol\u00e9mique sur les OQTF<\/p>\n<p>    Laurent Wauquiez.<br \/>\n                Sarah Meyssonnier \/ REUTERS<\/p>\n<p class=\"fig-paragraph\">Il ne regrette pas. \u00abJe signe et persiste\u00bb, assure Laurent Wauquiez ce matin,\u00a0<a href=\"http:\/\/www.lefigaro.fr\/politique\/enfermer-les-etrangers-dangereux-sous-oqtf-a-saint-pierre-et-miquelon-wauquiez-provoque-un-tolle-dans-la-classe-politique-20250409\" target=\"_blank\" data-fig-type=\"NewsFlash\" rel=\"noopener\" data-gtm-custom-categorie=\"navigation\" data-gtm-custom-action=\"crossclick\" data-gtm-custom-label=\"Contextuel\" data-gtm-event=\"customEventSPE\" data-fig-domain=\"LEFIGARO\">apr\u00e8s avoir propos\u00e9 hier d\u2019\u00abenfermer les \u00e9trangers dangereux sous OQTF\u00bb \u00e0 Saint-Pierre-et-Miquelon<\/a>, un territoire fran\u00e7ais dans le nord du Pacifique. Cette id\u00e9e a \u00e9t\u00e9 vivement critiqu\u00e9e. \u00abL\u2019exil forc\u00e9, c\u2019est une m\u00e9thode de colon, pas d\u2019\u00e9lu de la R\u00e9publique\u00bb, a lanc\u00e9 Manuel Valls, ministre des Outre-mer, quand l\u2019\u00e9cologiste Marine Tondelier d\u00e9plorait \u00ables ravages du wauquisme\u00bb.<\/p>\n<p>Le Kremlin assure que les relations avec la France sont \u00abaggrav\u00e9es\u00bb<\/p>\n<p>    Moscou assure ne pas avoir \u00abl\u2019intention de laisser cette situation sans cons\u00e9quences\u00bb, apr\u00e8s un nouvel incident diplomatique.<br \/>\n                Yuri Kochetkov \/ REUTERS<\/p>\n<p class=\"fig-paragraph\">Le Kremlin a d\u00e9nonc\u00e9 ce mercredi 9 avril la br\u00e8ve d\u00e9tention en France d\u2019une employ\u00e9e gouvernementale russe dans un a\u00e9roport,\u00a0<a href=\"http:\/\/www.lefigaro.fr\/international\/moscou-convocation-du-numero-deux-de-l-ambassade-de-france-apres-la-breve-detention-d-une-russe-a-roissy-20250409\" target=\"_blank\" data-fig-type=\"NewsFlash\" rel=\"noopener\" data-gtm-custom-categorie=\"navigation\" data-gtm-custom-action=\"crossclick\" data-gtm-custom-label=\"Contextuel\" data-gtm-event=\"customEventSPE\" data-fig-domain=\"LEFIGARO\">d\u00e9plorant un incident qui \u00abaggrave encore plus\u00bb les relations d\u00e9j\u00e0 tendues entre Paris et Moscou<\/a>. \u00abBien entendu, nous condamnons de tels agissements de la France et les consid\u00e9rons comme inadmissibles (&#8230;) Cela aggrave encore plus nos relations bilat\u00e9rales d\u00e9j\u00e0 ab\u00eem\u00e9es\u00bb, a d\u00e9clar\u00e9 le porte-parole de la pr\u00e9sidence russe, Dmitri Peskov.<\/p>\n<p>Le chiffre du jour\u00a0: 2,8%<\/p>\n<p class=\"fig-paragraph\">Soit la chute du CAC 40 \u00e0 l\u2019ouverture ce matin, quelques heures seulement\u00a0<a href=\"https:\/\/www.lefigaro.fr\/conjoncture\/en-direct-guerre-commerciale-les-droits-de-douane-de-donald-trump-entrent-en-vigueur-20250409\" target=\"_blank\" data-fig-type=\"Live\" rel=\"noopener\" data-gtm-custom-categorie=\"navigation\" data-gtm-custom-action=\"crossclick\" data-gtm-custom-label=\"Contextuel\" data-gtm-event=\"customEventSPE\" data-fig-domain=\"LEFIGARO\">apr\u00e8s l\u2019entr\u00e9e en vigueur des surtaxes am\u00e9ricaines d\u00e9cid\u00e9es par Donald Trump.<\/a><\/p>\n<p>La citation du jour\u00a0: que disait Pierre Daninos \u00e0 propos des voitures\u00a0?<\/p>\n<p>    Le Figaro<br \/>\n                Le Figaro<\/p>\n<blockquote class=\"fig-quote&#10;    \">\n<p class=\"fig-quote__text\">Il y a deux sortes de Fran\u00e7ais\u00a0: les \u00e0-pieds et les en-voiture<\/p>\n<p>            Pierre Daninos\n    <\/p><\/blockquote>\n<p>La photo marquante \u00e0 retenir<\/p>\n<p>    Embarqu\u00e9s dans un v\u00e9hicule prot\u00e9g\u00e9 contre les embuscades (MRAP), ces soldats du 49e Bataillon des Forces arm\u00e9es ukrainiennes rentrent apr\u00e8s la mission de combat pr\u00e8s de la ville de Toretsk dans la r\u00e9gion de Donetsk.<br \/>\n                Anatolii Stepanov \/ REUTERS<\/p>\n<p>La vid\u00e9o du jour<\/p>\n<p>\u00a0\u00bb<br \/>\n        data-script=\u00a0\u00bbhttps:\/\/static.lefigaro.fr\/widget-video\/short-ttl\/video\/index.js\u00a0\u00bb<br \/>\n    &gt;<\/p>\n","protected":false},"excerpt":{"rendered":"LE POINT DE MIDI &#8211; Retrouvez l\u2019essentiel de l\u2019actualit\u00e9 parue ce mercredi 9 avril au matin sur notre&hellip;\n","protected":false},"author":2,"featured_media":12392,"comment_status":"","ping_status":"","sticky":false,"template":"","format":"standard","meta":{"footnotes":""},"categories":[1591],"tags":[1111,47,11,1109,1112,118,1887,1108,107,1106,1107,27,1110,1114,14,5639,12,1113,316,1885,1886,132],"class_list":{"0":"post-12391","1":"post","2":"type-post","3":"status-publish","4":"format-standard","5":"has-post-thumbnail","7":"category-russie","8":"tag-actu","9":"tag-actualite","10":"tag-actualites","11":"tag-breves","12":"tag-depeches","13":"tag-faits-divers","14":"tag-federation-de-russie","15":"tag-fil","16":"tag-fil-info","17":"tag-flash","18":"tag-flash-actu","19":"tag-france","20":"tag-informations","21":"tag-infos","22":"tag-international","23":"tag-laurent-wauquiez","24":"tag-news","25":"tag-nouvelles","26":"tag-politique","27":"tag-russia","28":"tag-russian-federation","29":"tag-russie"},"share_on_mastodon":{"url":"https:\/\/pubeurope.com\/@fr\/114307561167602395","error":""},"_links":{"self":[{"href":"https:\/\/www.europesays.com\/fr\/wp-json\/wp\/v2\/posts\/12391","targetHints":{"allow":["GET"]}}],"collection":[{"href":"https:\/\/www.europesays.com\/fr\/wp-json\/wp\/v2\/posts"}],"about":[{"href":"https:\/\/www.europesays.com\/fr\/wp-json\/wp\/v2\/types\/post"}],"author":[{"embeddable":true,"href":"https:\/\/www.europesays.com\/fr\/wp-json\/wp\/v2\/users\/2"}],"replies":[{"embeddable":true,"href":"https:\/\/www.europesays.com\/fr\/wp-json\/wp\/v2\/comments?post=12391"}],"version-history":[{"count":0,"href":"https:\/\/www.europesays.com\/fr\/wp-json\/wp\/v2\/posts\/12391\/revisions"}],"wp:featuredmedia":[{"embeddable":true,"href":"https:\/\/www.europesays.com\/fr\/wp-json\/wp\/v2\/media\/12392"}],"wp:attachment":[{"href":"https:\/\/www.europesays.com\/fr\/wp-json\/wp\/v2\/media?parent=12391"}],"wp:term":[{"taxonomy":"category","embeddable":true,"href":"https:\/\/www.europesays.com\/fr\/wp-json\/wp\/v2\/categories?post=12391"},{"taxonomy":"post_tag","embeddable":true,"href":"https:\/\/www.europesays.com\/fr\/wp-json\/wp\/v2\/tags?post=12391"}],"curies":[{"name":"wp","href":"https:\/\/api.w.org\/{rel}","templated":true}]}}