{"id":123911,"date":"2025-05-24T07:02:23","date_gmt":"2025-05-24T07:02:23","guid":{"rendered":"https:\/\/www.europesays.com\/fr\/123911\/"},"modified":"2025-05-24T07:02:23","modified_gmt":"2025-05-24T07:02:23","slug":"surpris-par-les-policiers-les-trafiquants-jettent-la-drogue-du-5e-etage-2","status":"publish","type":"post","link":"https:\/\/www.europesays.com\/fr\/123911\/","title":{"rendered":"Surpris par les policiers, les trafiquants jettent la drogue du 5e \u00e9tage"},"content":{"rendered":"<p>Du plan com au plan stup. Jeudi, alors que les policiers de <a href=\"https:\/\/www.20minutes.fr\/grenoble\/\" class=\"color-ultramarine c-link\" target=\"_blank\" rel=\"noopener\">Grenoble<\/a> (<a href=\"https:\/\/www.20minutes.fr\/societe\/isere\/\" class=\"color-ultramarine c-link\" target=\"_blank\" rel=\"noopener\">Is\u00e8re<\/a>) r\u00e9alisaient une op\u00e9ration de communication dans un immeuble de la ville, une forte odeur de cannabis leur a mis la puce \u00e0 l\u2019oreille. Selon <a href=\"https:\/\/actu.fr\/auvergne-rhone-alpes\/grenoble_38185\/grenoble-son-appartement-degage-une-odeur-suspecte-il-jette-la-marchandise-par-la-fenetre_62677606.html\" class=\"color-ultramarine c-link\" target=\"_blank\" rel=\"noopener\">Actu.fr<\/a>, les forces de l\u2019ordre sont tomb\u00e9es sur un stock de stup\u00e9fiants impressionnant et ont interpell\u00e9 deux jeunes trafiquants \u00e2g\u00e9s de 18 et 22 ans.<\/p>\n<p>Ce qui devait \u00eatre une simple op\u00e9ration de porte-\u00e0-porte a permis aux policiers grenoblois de mettre la main sur plusieurs sacs de stup\u00e9fiants, non sans mal.<\/p>\n<p>Les sacs de drogue se coincent dans les arbres<\/p>\n<p>Situ\u00e9 au 5e \u00e9tage, sur l\u2019avenue Rhin et Danube \u00e0 Grenoble, l\u2019appartement suspect a \u00e9t\u00e9 inspect\u00e9. \u00c0 l\u2019arriv\u00e9e des policiers, les deux occupants ont tent\u00e9 de se d\u00e9faire des nombreux sacs de <a href=\"https:\/\/www.20minutes.fr\/dossier\/cannabis\" class=\"color-ultramarine c-link\" target=\"_blank\" rel=\"noopener\">cannabis <\/a>stock\u00e9s qui \u00e9taient en leur possession. Pour ce faire, ils les ont jet\u00e9s par la fen\u00eatre. Toutefois, la drogue a termin\u00e9 dans les arbres bloqu\u00e9e.<\/p>\n<\/p>\n<p>Les deux jeunes suspects ont \u00e9t\u00e9 interpell\u00e9s pour d\u00e9tention de stup\u00e9fiants. \u00c0 l\u2019ext\u00e9rieur de l\u2019immeuble, les CRS, arriv\u00e9s en renfort, ont s\u00e9curis\u00e9 les lieux. Puis, les sapeurs-pompiers ont \u00e9t\u00e9 mobilis\u00e9s pour r\u00e9cup\u00e9rer les sacs \u00e0 l\u2019aide d\u2019une grande \u00e9chelle. La quantit\u00e9 de drogue saisie n\u2019a pas \u00e9t\u00e9 d\u00e9voil\u00e9e mais elle est sans doute de plusieurs kilos.<\/p>\n","protected":false},"excerpt":{"rendered":"Du plan com au plan stup. Jeudi, alors que les policiers de Grenoble (Is\u00e8re) r\u00e9alisaient une op\u00e9ration de&hellip;\n","protected":false},"author":2,"featured_media":123912,"comment_status":"","ping_status":"","sticky":false,"template":"","format":"standard","meta":{"footnotes":""},"categories":[9566],"tags":[1111,47,11,2430,3675,12513,1052,1777,674,118,1011,27,2731,108,12,1072,25,2431,887],"class_list":{"0":"post-123911","1":"post","2":"type-post","3":"status-publish","4":"format-standard","5":"has-post-thumbnail","7":"category-grenoble","8":"tag-actu","9":"tag-actualite","10":"tag-actualites","11":"tag-auvergne-rhone-alpes","12":"tag-cannabis","13":"tag-crs","14":"tag-drogue","15":"tag-eu","16":"tag-europe","17":"tag-faits-divers","18":"tag-fr","19":"tag-france","20":"tag-grenoble","21":"tag-isere","22":"tag-news","23":"tag-police","24":"tag-republique-francaise","25":"tag-rhone-alpes","26":"tag-trafic-de-drogue"},"share_on_mastodon":{"url":"https:\/\/pubeurope.com\/@fr\/114561531468428938","error":""},"_links":{"self":[{"href":"https:\/\/www.europesays.com\/fr\/wp-json\/wp\/v2\/posts\/123911","targetHints":{"allow":["GET"]}}],"collection":[{"href":"https:\/\/www.europesays.com\/fr\/wp-json\/wp\/v2\/posts"}],"about":[{"href":"https:\/\/www.europesays.com\/fr\/wp-json\/wp\/v2\/types\/post"}],"author":[{"embeddable":true,"href":"https:\/\/www.europesays.com\/fr\/wp-json\/wp\/v2\/users\/2"}],"replies":[{"embeddable":true,"href":"https:\/\/www.europesays.com\/fr\/wp-json\/wp\/v2\/comments?post=123911"}],"version-history":[{"count":0,"href":"https:\/\/www.europesays.com\/fr\/wp-json\/wp\/v2\/posts\/123911\/revisions"}],"wp:featuredmedia":[{"embeddable":true,"href":"https:\/\/www.europesays.com\/fr\/wp-json\/wp\/v2\/media\/123912"}],"wp:attachment":[{"href":"https:\/\/www.europesays.com\/fr\/wp-json\/wp\/v2\/media?parent=123911"}],"wp:term":[{"taxonomy":"category","embeddable":true,"href":"https:\/\/www.europesays.com\/fr\/wp-json\/wp\/v2\/categories?post=123911"},{"taxonomy":"post_tag","embeddable":true,"href":"https:\/\/www.europesays.com\/fr\/wp-json\/wp\/v2\/tags?post=123911"}],"curies":[{"name":"wp","href":"https:\/\/api.w.org\/{rel}","templated":true}]}}