{"id":123913,"date":"2025-05-24T07:03:27","date_gmt":"2025-05-24T07:03:27","guid":{"rendered":"https:\/\/www.europesays.com\/fr\/123913\/"},"modified":"2025-05-24T07:03:27","modified_gmt":"2025-05-24T07:03:27","slug":"vern-sur-seiche-le-dimanche-des-saveurs-et-createurs-est-de-retour","status":"publish","type":"post","link":"https:\/\/www.europesays.com\/fr\/123913\/","title":{"rendered":"Vern-sur-Seiche. Le dimanche des Saveurs et Cr\u00e9ateurs est de retour"},"content":{"rendered":"<p>D\u00e8s 10\u00a0h une soixantaine de cr\u00e9ateurs investiront la place de la poste et de la mairie. Les \u00e9lus organisateurs pr\u00e9cisent\u00a0: \u00a0Ils proposeront leurs cr\u00e9ations, \u00e0 savoir des objets de d\u00e9coration, bougies, bijoux, textiles, maroquinerie, fleurs s\u00e9ch\u00e9es, petit ameublement\u2026\u00a0<\/p>\n<p>Une dizaine de professionnels des m\u00e9tiers de bouche, des restaurateurs, bars, food-trucks, brasserie\u2026 seront pr\u00e9sents pour r\u00e9galer les papilles et s\u2019installeront \u00e0 partir de 11\u00a0h, place des Droits-de-l\u2019Homme.<\/p>\n<p>C\u2019est l\u2019ensemble jazz du Suet qui d\u00e9marrera l\u2019animation musicale \u00e0 partir de 11\u00a0h.<\/p>\n<p>\u00a0\u00c7a souffle, \u00e7a sonne, \u00e7a claque, \u00e7a swing\u00a0!\u00a0\u00bb, gr\u00e2ce \u00e0 un groupe aux multiples saveurs et instruments qui fait r\u00eaver, danser et parcourir le jazz d\u2019hier jusqu\u2019\u00e0 aujourd\u2019hui. Le Suet annonce son programme\u00a0: \u00a0Un large panel d\u2019arrangements allant de Ahmad Jamal et Yussef Lateef \u00e0 Carla Bley ou encore Brad Meldhau.\u00a0 La chanteuse et DJ Ann-Laora enflammera la place avec un r\u00e9pertoire musical riche et vari\u00e9.<\/p>\n<p>Parmi les nombreuses animations, le centre social des marais sera pr\u00e9sent avec son camion itin\u00e9rant, pr\u00eat \u00e0 accueillir les habitants dans une ambiance chaleureuse et conviviale. <strong>\u00ab\u00a0Cette initiative, baptis\u00e9e \u00a0Les Vadrouilles\u00a0, vise \u00e0 aller \u00e0 la rencontre des habitants, en particulier ceux qui fr\u00e9quentent peu les structures locales, pour les informer des diff\u00e9rents services disponibles et favoriser le lien social\u00a0\u00bb,<\/strong> rappelle Samuel Allain, directeur du Centre. Le camion se transformant en une v\u00e9ritable terrasse de convivialit\u00e9. Au menu, des boissons chaudes et fra\u00eeches et surtout la bonne humeur des b\u00e9n\u00e9voles qui proposeront des jeux g\u00e9ants et parties d\u2019\u00e9checs.<\/p>\n<p>\u00a0<\/p>\n","protected":false},"excerpt":{"rendered":"D\u00e8s 10\u00a0h une soixantaine de cr\u00e9ateurs investiront la place de la poste et de la mairie. Les \u00e9lus&hellip;\n","protected":false},"author":2,"featured_media":123914,"comment_status":"","ping_status":"","sticky":false,"template":"","format":"standard","meta":{"footnotes":""},"categories":[2821],"tags":[1111,11,829,14063,6664,1777,674,1011,27,12,3086,584,25,8133,24647,9310],"class_list":{"0":"post-123913","1":"post","2":"type-post","3":"status-publish","4":"format-standard","5":"has-post-thumbnail","7":"category-rennes","8":"tag-actu","9":"tag-actualites","10":"tag-bretagne","11":"tag-createurs","12":"tag-dimanche","13":"tag-eu","14":"tag-europe","15":"tag-fr","16":"tag-france","17":"tag-news","18":"tag-redon","19":"tag-rennes","20":"tag-republique-francaise","21":"tag-retour","22":"tag-saveurs","23":"tag-vern-sur-seiche"},"share_on_mastodon":{"url":"https:\/\/pubeurope.com\/@fr\/114561535464278506","error":""},"_links":{"self":[{"href":"https:\/\/www.europesays.com\/fr\/wp-json\/wp\/v2\/posts\/123913","targetHints":{"allow":["GET"]}}],"collection":[{"href":"https:\/\/www.europesays.com\/fr\/wp-json\/wp\/v2\/posts"}],"about":[{"href":"https:\/\/www.europesays.com\/fr\/wp-json\/wp\/v2\/types\/post"}],"author":[{"embeddable":true,"href":"https:\/\/www.europesays.com\/fr\/wp-json\/wp\/v2\/users\/2"}],"replies":[{"embeddable":true,"href":"https:\/\/www.europesays.com\/fr\/wp-json\/wp\/v2\/comments?post=123913"}],"version-history":[{"count":0,"href":"https:\/\/www.europesays.com\/fr\/wp-json\/wp\/v2\/posts\/123913\/revisions"}],"wp:featuredmedia":[{"embeddable":true,"href":"https:\/\/www.europesays.com\/fr\/wp-json\/wp\/v2\/media\/123914"}],"wp:attachment":[{"href":"https:\/\/www.europesays.com\/fr\/wp-json\/wp\/v2\/media?parent=123913"}],"wp:term":[{"taxonomy":"category","embeddable":true,"href":"https:\/\/www.europesays.com\/fr\/wp-json\/wp\/v2\/categories?post=123913"},{"taxonomy":"post_tag","embeddable":true,"href":"https:\/\/www.europesays.com\/fr\/wp-json\/wp\/v2\/tags?post=123913"}],"curies":[{"name":"wp","href":"https:\/\/api.w.org\/{rel}","templated":true}]}}