{"id":123916,"date":"2025-05-24T07:05:15","date_gmt":"2025-05-24T07:05:15","guid":{"rendered":"https:\/\/www.europesays.com\/fr\/123916\/"},"modified":"2025-05-24T07:05:15","modified_gmt":"2025-05-24T07:05:15","slug":"leditorial-la-memoire-et-la-morale","status":"publish","type":"post","link":"https:\/\/www.europesays.com\/fr\/123916\/","title":{"rendered":"L\u2019\u00e9ditorial. La m\u00e9moire et la morale"},"content":{"rendered":"<p>L\u2019annonce par Jeanne Barseghian, maire de Strasbourg, d\u2019un projet de jumelage entre sa ville et la commune palestinienne d\u2019Aida, a suscit\u00e9 des r\u00e9actions tranch\u00e9es, les unes soulignant son courage, les autres l\u2019accusant de soutenir ainsi les terroristes du Hamas. Une dialectique banale depuis le massacre anti-isra\u00e9lien du 7-Octobre et la sanglante offensive de Tsahal dans le territoire de Gaza qui en a r\u00e9sult\u00e9.\u2003<\/p>\n<p>Il est difficile pour un \u00e9lu local de trouver le bon chemin pour parler du drame qui se joue au Proche-Orient. Gaza n\u2019est pas qu\u2019une question de politique internationale. \u00c0 Strasbourg, la communaut\u00e9 juive est, par son histoire et son nombre, une constituante majeure de l\u2019identit\u00e9 de la ville. Tout comme les communaut\u00e9s d\u2019origine turque ou maghr\u00e9bine, naturellement solidaires du peuple palestinien. Tout faux pas peut entailler profond\u00e9ment le tissu social de la cit\u00e9. L\u2019\u00e9quilibre n\u2019est possible qu\u2019\u00e0 condition d\u2019oublier la politique et de la remplacer par deux vertus sp\u00e9cifiquement humaines\u00a0: la m\u00e9moire et la morale.\u2003<\/p>\n<p>La m\u00e9moire parce que nul ne peut d\u00e9nier le droit au peuple juif, apr\u00e8s trois mill\u00e9naires de souffrances, de disposer d\u2019un \u00c9tat refuge. Isra\u00ebl, cet \u00c9tat, n\u2019est plus s\u00fbr, il vacille, et c\u2019est autant la faute de l\u2019extr\u00e9misme du clan Netanyahou que du cynisme des terroristes du Hamas. Isra\u00ebl sous sa forme initiale, d\u00e9mocratique et ouverte, doit imp\u00e9rativement survivre \u00e0 ce chaos. En refusant de mettre fin au jumelage avec la ville isra\u00e9lienne de Ramat-Gan et en s\u2019abstenant d\u2019intervenir dans le dossier du partenariat entre Sciences Po Strasbourg et l\u2019universit\u00e9 Reichmann de Tel-Aviv, la ville de Strasbourg maintient cette porte ouverte sur l\u2019avenir. La morale, elle, s\u2019impose d\u2019elle-m\u00eame, les images et les t\u00e9moignages suffisent\u00a0: l\u2019enfer sur Terre inflig\u00e9 aux Gazaouis doit cesser au plus vite. Pour les Palestiniens, pour les Isra\u00e9liens et pour l\u2019Humanit\u00e9 tout enti\u00e8re. Sans m\u00e9moire, ni morale, il n\u2019y a pas de justice possible, de Strasbourg \u00e0 Gaza, en passant par Tel-Aviv.<\/p>\n","protected":false},"excerpt":{"rendered":"L\u2019annonce par Jeanne Barseghian, maire de Strasbourg, d\u2019un projet de jumelage entre sa ville et la commune palestinienne&hellip;\n","protected":false},"author":2,"featured_media":123917,"comment_status":"","ping_status":"","sticky":false,"template":"","format":"standard","meta":{"footnotes":""},"categories":[2820],"tags":[1111,11,3206,2518,1777,674,107,1011,27,329,775,3035,12,316,25,104,640],"class_list":{"0":"post-123916","1":"post","2":"type-post","3":"status-publish","4":"format-standard","5":"has-post-thumbnail","7":"category-strasbourg","8":"tag-actu","9":"tag-actualites","10":"tag-defense-guerre-conflit","11":"tag-edito","12":"tag-eu","13":"tag-europe","14":"tag-fil-info","15":"tag-fr","16":"tag-france","17":"tag-france-monde","18":"tag-grand-est","19":"tag-la-matinale-strasbourg","20":"tag-news","21":"tag-politique","22":"tag-republique-francaise","23":"tag-societe","24":"tag-strasbourg"},"share_on_mastodon":{"url":"https:\/\/pubeurope.com\/@fr\/114561543247211469","error":""},"_links":{"self":[{"href":"https:\/\/www.europesays.com\/fr\/wp-json\/wp\/v2\/posts\/123916","targetHints":{"allow":["GET"]}}],"collection":[{"href":"https:\/\/www.europesays.com\/fr\/wp-json\/wp\/v2\/posts"}],"about":[{"href":"https:\/\/www.europesays.com\/fr\/wp-json\/wp\/v2\/types\/post"}],"author":[{"embeddable":true,"href":"https:\/\/www.europesays.com\/fr\/wp-json\/wp\/v2\/users\/2"}],"replies":[{"embeddable":true,"href":"https:\/\/www.europesays.com\/fr\/wp-json\/wp\/v2\/comments?post=123916"}],"version-history":[{"count":0,"href":"https:\/\/www.europesays.com\/fr\/wp-json\/wp\/v2\/posts\/123916\/revisions"}],"wp:featuredmedia":[{"embeddable":true,"href":"https:\/\/www.europesays.com\/fr\/wp-json\/wp\/v2\/media\/123917"}],"wp:attachment":[{"href":"https:\/\/www.europesays.com\/fr\/wp-json\/wp\/v2\/media?parent=123916"}],"wp:term":[{"taxonomy":"category","embeddable":true,"href":"https:\/\/www.europesays.com\/fr\/wp-json\/wp\/v2\/categories?post=123916"},{"taxonomy":"post_tag","embeddable":true,"href":"https:\/\/www.europesays.com\/fr\/wp-json\/wp\/v2\/tags?post=123916"}],"curies":[{"name":"wp","href":"https:\/\/api.w.org\/{rel}","templated":true}]}}