{"id":123936,"date":"2025-05-24T07:15:12","date_gmt":"2025-05-24T07:15:12","guid":{"rendered":"https:\/\/www.europesays.com\/fr\/123936\/"},"modified":"2025-05-24T07:15:12","modified_gmt":"2025-05-24T07:15:12","slug":"wasquehal-la-patinoire-serge-charles-sera-fermee-tout-lete-voici-pourquoi","status":"publish","type":"post","link":"https:\/\/www.europesays.com\/fr\/123936\/","title":{"rendered":"Wasquehal. La patinoire Serge Charles sera ferm\u00e9e tout l&rsquo;\u00e9t\u00e9 : voici pourquoi"},"content":{"rendered":"<p>            Par<br \/>\n        <strong><br \/>\n            <a href=\"https:\/\/actu.fr\/auteur\/hervine-mahaud\" title=\"Consulter tous les articles de Hervine Mahaud\" target=\"_blank\" rel=\"noopener\">Hervine Mahaud<\/a><br \/>\n        <\/strong><\/p>\n<p>        Publi\u00e9 le<\/p>\n<p>            23 mai 2025 \u00e0 18h20        <\/p>\n<p>Il ne sera pas possible de profiter de la fra\u00eecheur de la glace cet \u00e9t\u00e9. La <b>patinoire Serge Charles<\/b> de <b>Wasquehal<\/b>, dans la <a href=\"https:\/\/actu.fr\/lille\/\" target=\"_blank\" rel=\"noopener\">m\u00e9tropole de Lille<\/a>, a annonc\u00e9 la <b>fermeture<\/b> de ses portes \u00e0 partir du 2 juin 2025. Des <b>travaux d\u2019entretien et de modernisation<\/b> y seront men\u00e9s durant la p\u00e9riode estivale. Mais avant cela, une <b>grande f\u00eate<\/b> est organis\u00e9e le samedi 31 mai.<\/p>\n<p>Une fermeture estivale pour mener de gros travaux<\/p>\n<p class=\" wall-content\"><a href=\"https:\/\/actu.fr\/hauts-de-france\/wasquehal_59646\/a-wasquehal-la-patinoire-se-transforme-en-guinguette-givree-tout-l-ete_51623343.html\" target=\"_blank\" rel=\"noopener\">Habituellement ouverte durant l\u2019\u00e9t\u00e9<\/a>, la patinoire Serge Charles gardera cette ann\u00e9e ses <b>portes closes, jusqu\u2019\u00e0 mi-ao\u00fbt<\/b>. Cet \u00e9quipement de la <a href=\"https:\/\/actu.fr\/tag\/metropole-europeenne-de-lille\" target=\"_blank\" rel=\"noopener\">M\u00e9tropole europ\u00e9enne de Lille<\/a> (MEL) a d\u00e9j\u00e0 subi plusieurs phases de travaux ces derni\u00e8res ann\u00e9es.<\/p>\n<p class=\" wall-content\">\u00ab\u00a0En 2019, une \u00e9tape importante avait permis de remplacer le groupe froid, de r\u00e9nover les locaux du premier \u00e9tage ainsi que l\u2019espace brasserie, devenu un v\u00e9ritable lieu de vie\u00a0\u00bb, rappelle-t-on du c\u00f4t\u00e9 de la patinoire.<\/p>\n<p class=\" wall-content\">Mais en 2025, \u00ab\u00a0la priorit\u00e9 est donn\u00e9e \u00e0 la p\u00e9rennit\u00e9 de cet \u00e9quipement embl\u00e9matique du territoire\u00a0\u00bb.\u00a0Les travaux de cette ann\u00e9e porteront notamment sur :<\/p>\n<ul class=\" wall-content\">\n<li>la remise en \u00e9tat de la tuyauterie dans la zone technique,<\/li>\n<li>le remplacement d\u2019une chaudi\u00e8re,<\/li>\n<li>la r\u00e9novation des gradins,<\/li>\n<li>divers am\u00e9nagements pour am\u00e9liorer la gestion des flux.<\/li>\n<\/ul>\n<p>Vid\u00e9os : en ce moment sur Actu<\/p>\n<p class=\" wall-content\">\u00ab\u00a0Ces interventions s\u2019inscrivent dans une d\u00e9marche de modernisation continue du service public, afin d\u2019offrir les meilleures conditions d\u2019accueil \u00e0 nos clubs r\u00e9sidents \u2014 l\u2019Entente Patinage Wasquehal Lille M\u00e9tropole et les Lions de <a href=\"https:\/\/actu.fr\/hauts-de-france\/wasquehal_59646\" target=\"_blank\" rel=\"noopener\">Wasquehal<\/a> Lille M\u00e9tropole (hockey sur glace) \u2014 ainsi qu\u2019\u00e0 l\u2019ensemble des usagers : scolaires, personnes \u00e0 mobilit\u00e9 r\u00e9duite, centres de loisirs et grand public\u00a0\u00bb, pr\u00e9cise la patinoire. Par ailleurs, l\u2019espace brasserie sera \u00e9galement ferm\u00e9 pendant la dur\u00e9e des travaux.<\/p>\n<p>Trois temps forts pour la f\u00eate du samedi 31 mai<\/p>\n<p class=\" wall-content\">Avant sa fermeture, la patinoire organise une journ\u00e9e festive, samedi 31 mai de 10h \u00e0 23h. Au programme :\u00a0<\/p>\n<ul class=\" wall-content\">\n<li>10h \u00e0 12h30 : Mascotte, peinture sur glace et jardin des glaces<\/li>\n<li>15h \u00e0 18h : Activit\u00e9s sportives (p\u00e9tanque, badminton) et activit\u00e9 sp\u00e9ciale au centre de la glace<\/li>\n<li>21h \u00e0 23h30 : Bubble foot sur glace (sp\u00e9cial Ligue des Champions)<\/li>\n<\/ul>\n<p class=\" wall-content\">Une journ\u00e9e riche en temps forts avant de retrouver l\u2019\u00e9quipe de la patinoire \u00e0 la rentr\u00e9e. Notez d\u00e9j\u00e0 dans vos agendas la date du 6 septembre, journ\u00e9e durant laquelle des animations sp\u00e9ciales seront propos\u00e9es \u00e0 l\u2019occasion des\u00a030 ans de la patinoire Serge Charles.<\/p>\n<p class=\" wall-content\">Suivez toute l\u2019actualit\u00e9 de vos villes et m\u00e9dias favoris en vous inscrivant \u00e0 <a href=\"https:\/\/moncompte.actu.fr\" title=\"D\u00e9couvez Mon Actu\" rel=\"nofollow noopener\" data-trk=\"{&quot;cta&quot;:{&quot;action&quot;:&quot;https:\\\/\\\/moncompte.actu.fr&quot;,&quot;category&quot;:&quot;mon compte&quot;,&quot;from&quot;:&quot;article footer&quot;,&quot;name&quot;:&quot;Mon actu&quot;,&quot;type&quot;:&quot;cta&quot;}}\" target=\"_blank\">Mon Actu<\/a>.<\/p>\n<ul class=\"ac-article-tag wall-content\">\n<li><a href=\"https:\/\/actu.fr\/tag\/metropole-europeenne-de-lille\" data-trk=\"{&quot;cta&quot;:{&quot;action&quot;:&quot;M\\u00e9tropole Europ\\u00e9enne de Lille&quot;,&quot;category&quot;:&quot;tag&quot;,&quot;from&quot;:&quot;article footer&quot;,&quot;name&quot;:&quot;M\\u00e9tropole Europ\\u00e9enne de Lille&quot;,&quot;type&quot;:&quot;cta&quot;}}\" target=\"_blank\" rel=\"noopener\">#M\u00e9tropole Europ\u00e9enne de Lille<\/a><\/li>\n<li><a href=\"https:\/\/actu.fr\/tag\/travaux\" data-trk=\"{&quot;cta&quot;:{&quot;action&quot;:&quot;Travaux&quot;,&quot;category&quot;:&quot;tag&quot;,&quot;from&quot;:&quot;article footer&quot;,&quot;name&quot;:&quot;Travaux&quot;,&quot;type&quot;:&quot;cta&quot;}}\" target=\"_blank\" rel=\"noopener\">#Travaux<\/a><\/li>\n<\/ul>\n","protected":false},"excerpt":{"rendered":"Par Hervine Mahaud Publi\u00e9 le 23 mai 2025 \u00e0 18h20 Il ne sera pas possible de profiter de&hellip;\n","protected":false},"author":2,"featured_media":123937,"comment_status":"","ping_status":"","sticky":false,"template":"","format":"standard","meta":{"footnotes":""},"categories":[2815],"tags":[1111,11,1777,674,1011,27,811,1307,1652,4863,12,25,2086],"class_list":{"0":"post-123936","1":"post","2":"type-post","3":"status-publish","4":"format-standard","5":"has-post-thumbnail","7":"category-lille","8":"tag-actu","9":"tag-actualites","10":"tag-eu","11":"tag-europe","12":"tag-fr","13":"tag-france","14":"tag-hauts-de-france","15":"tag-lille","16":"tag-loisirs-culture","17":"tag-metropole-europeenne-de-lille","18":"tag-news","19":"tag-republique-francaise","20":"tag-travaux"},"share_on_mastodon":{"url":"https:\/\/pubeurope.com\/@fr\/114561582672375799","error":""},"_links":{"self":[{"href":"https:\/\/www.europesays.com\/fr\/wp-json\/wp\/v2\/posts\/123936","targetHints":{"allow":["GET"]}}],"collection":[{"href":"https:\/\/www.europesays.com\/fr\/wp-json\/wp\/v2\/posts"}],"about":[{"href":"https:\/\/www.europesays.com\/fr\/wp-json\/wp\/v2\/types\/post"}],"author":[{"embeddable":true,"href":"https:\/\/www.europesays.com\/fr\/wp-json\/wp\/v2\/users\/2"}],"replies":[{"embeddable":true,"href":"https:\/\/www.europesays.com\/fr\/wp-json\/wp\/v2\/comments?post=123936"}],"version-history":[{"count":0,"href":"https:\/\/www.europesays.com\/fr\/wp-json\/wp\/v2\/posts\/123936\/revisions"}],"wp:featuredmedia":[{"embeddable":true,"href":"https:\/\/www.europesays.com\/fr\/wp-json\/wp\/v2\/media\/123937"}],"wp:attachment":[{"href":"https:\/\/www.europesays.com\/fr\/wp-json\/wp\/v2\/media?parent=123936"}],"wp:term":[{"taxonomy":"category","embeddable":true,"href":"https:\/\/www.europesays.com\/fr\/wp-json\/wp\/v2\/categories?post=123936"},{"taxonomy":"post_tag","embeddable":true,"href":"https:\/\/www.europesays.com\/fr\/wp-json\/wp\/v2\/tags?post=123936"}],"curies":[{"name":"wp","href":"https:\/\/api.w.org\/{rel}","templated":true}]}}