{"id":123940,"date":"2025-05-24T07:17:08","date_gmt":"2025-05-24T07:17:08","guid":{"rendered":"https:\/\/www.europesays.com\/fr\/123940\/"},"modified":"2025-05-24T07:17:08","modified_gmt":"2025-05-24T07:17:08","slug":"le-14-juillet-grandiose-imagine-par-thomas-jolly-pour-marseille-a-fait-pschit","status":"publish","type":"post","link":"https:\/\/www.europesays.com\/fr\/123940\/","title":{"rendered":"Le 14-juillet grandiose imagin\u00e9 par Thomas Jolly pour Marseille a fait pschit"},"content":{"rendered":"<p>Un grand spectacle pour le 14\u00a0juillet, sur l&rsquo;eau, la terre et dans les airs autour du Vieux-Port. Des tableaux chatoyants c\u00e9l\u00e9brant les valeurs de la R\u00e9publique et retransmis en direct \u00e0 la t\u00e9l\u00e9vision avant un grand feu d&rsquo;artifice. Le tout sign\u00e9 <a href=\"https:\/\/www.laprovence.com\/article\/france-monde\/4761084597692315\/ceremonies-des-jo-2024-thomas-jolly-a-le-sentiment-du-travail-accompli\" target=\"_blank\" rel=\"noopener\">Thomas Jolly<\/a> et <a href=\"https:\/\/www.laprovence.com\/article\/economie\/662662698417214\/thierry-reboul-le-publicitaire-maitre-des-jeux\" target=\"_blank\" rel=\"noopener\">Thierry Reboul<\/a>, auteurs des <a href=\"https:\/\/www.laprovence.com\/article\/sports\/9051151789045514\/ceremonie-douverture-des-jo-2024-a-marseille-2-500-personnes-communient-sur-la-plage\" target=\"_blank\" rel=\"noopener\">c\u00e9r\u00e9monies d&rsquo;ouverture des JO 2024<\/a>, bien d\u00e9cid\u00e9s \u00e0 faire phosphorer un savoir-faire \u00e0 succ\u00e8s.<\/p>\n<p>L&rsquo;id\u00e9e pr\u00e9sent\u00e9e par le duo en janvier dernier a tr\u00e8s vite s\u00e9duit dans les couloirs de l&rsquo;h\u00f4tel de ville de Marseille. Pr\u00e9fet, gouverneur militaire ont \u00e9t\u00e9 mis au parfum de l&rsquo;\u00e9v\u00e9nement exceptionnel qui se jouait en coulisses &#8211; et trouverait m\u00eame des \u00e9chos simultan\u00e9s \u00e0 Rouen, autour d&rsquo;un spectacle sur Jeanne d&rsquo;Arc par les m\u00eames. Co\u00fbt de l&rsquo;op\u00e9ration\u00a0? 10\u00a0millions \u00e0 r\u00e9partir pour moiti\u00e9 entre collectivit\u00e9s et financeurs priv\u00e9s.<\/p>\n","protected":false},"excerpt":{"rendered":"Un grand spectacle pour le 14\u00a0juillet, sur l&rsquo;eau, la terre et dans les airs autour du Vieux-Port. Des&hellip;\n","protected":false},"author":2,"featured_media":123941,"comment_status":"","ping_status":"","sticky":false,"template":"","format":"standard","meta":{"footnotes":""},"categories":[2814],"tags":[10915,17,1111,11,5949,1777,674,1011,27,24652,24653,22278,884,12,5912,471,882,25,9134],"class_list":{"0":"post-123940","1":"post","2":"type-post","3":"status-publish","4":"format-standard","5":"has-post-thumbnail","7":"category-marseille","8":"tag-14-juillet","9":"tag-17","10":"tag-actu","11":"tag-actualites","12":"tag-elections","13":"tag-eu","14":"tag-europe","15":"tag-fr","16":"tag-france","17":"tag-grandiose","18":"tag-imagine","19":"tag-jolly","20":"tag-marseille","21":"tag-news","22":"tag-par","23":"tag-pour","24":"tag-provence-alpes-cote-dazur","25":"tag-republique-francaise","26":"tag-thomas"},"share_on_mastodon":{"url":"https:\/\/pubeurope.com\/@fr\/114561590440829089","error":""},"_links":{"self":[{"href":"https:\/\/www.europesays.com\/fr\/wp-json\/wp\/v2\/posts\/123940","targetHints":{"allow":["GET"]}}],"collection":[{"href":"https:\/\/www.europesays.com\/fr\/wp-json\/wp\/v2\/posts"}],"about":[{"href":"https:\/\/www.europesays.com\/fr\/wp-json\/wp\/v2\/types\/post"}],"author":[{"embeddable":true,"href":"https:\/\/www.europesays.com\/fr\/wp-json\/wp\/v2\/users\/2"}],"replies":[{"embeddable":true,"href":"https:\/\/www.europesays.com\/fr\/wp-json\/wp\/v2\/comments?post=123940"}],"version-history":[{"count":0,"href":"https:\/\/www.europesays.com\/fr\/wp-json\/wp\/v2\/posts\/123940\/revisions"}],"wp:featuredmedia":[{"embeddable":true,"href":"https:\/\/www.europesays.com\/fr\/wp-json\/wp\/v2\/media\/123941"}],"wp:attachment":[{"href":"https:\/\/www.europesays.com\/fr\/wp-json\/wp\/v2\/media?parent=123940"}],"wp:term":[{"taxonomy":"category","embeddable":true,"href":"https:\/\/www.europesays.com\/fr\/wp-json\/wp\/v2\/categories?post=123940"},{"taxonomy":"post_tag","embeddable":true,"href":"https:\/\/www.europesays.com\/fr\/wp-json\/wp\/v2\/tags?post=123940"}],"curies":[{"name":"wp","href":"https:\/\/api.w.org\/{rel}","templated":true}]}}