{"id":123945,"date":"2025-05-24T07:20:09","date_gmt":"2025-05-24T07:20:09","guid":{"rendered":"https:\/\/www.europesays.com\/fr\/123945\/"},"modified":"2025-05-24T07:20:09","modified_gmt":"2025-05-24T07:20:09","slug":"un-jeune-blesse-grievement-apres-une-chute-lors-dun-rodeo-urbain-a-la-duchere","status":"publish","type":"post","link":"https:\/\/www.europesays.com\/fr\/123945\/","title":{"rendered":"un jeune bless\u00e9 gri\u00e8vement apr\u00e8s une chute lors d&rsquo;un rod\u00e9o urbain \u00e0 la Duch\u00e8re"},"content":{"rendered":"<p>Lyon : un jeune bless\u00e9 gri\u00e8vement apr\u00e8s une chute lors d&rsquo;un rod\u00e9o urbain \u00e0 la Duch\u00e8re &#8211; LyonMag<\/p>\n<p itemprop=\"description\"><strong>Les faits se sont d\u00e9roul\u00e9s ce vendredi soir \u00e0 la Duch\u00e8re.<\/strong><\/p>\n<p>Dans le quartier du 9e arrondissement de Lyon, et <a href=\"https:\/\/www.lyonmag.com\/article\/144216\/anne-braibant-on-continue-d-avancer-sur-des-projets-d-apaisement-du-9e-arrondissement-de-lyon\" target=\"_blank\" rel=\"noopener\">comme le d\u00e9plorait quelques heures plus t\u00f4t aupr\u00e8s de LyonMag la maire Anne Braibant<\/a>, un rod\u00e9o urbain se d\u00e9roulait aux alentours de 21h.<\/p>\n<p>Un jeune homme de 18 ans r\u00e9alisait des pointes de vitesse avec une motocross avenue Andre\u00ef Sakharov, alors qu&rsquo;il ne portait pas de casque.<\/p>\n<p>Selon les premiers \u00e9l\u00e9ments de l&rsquo;enqu\u00eate, l&rsquo;individu a lourdement chut\u00e9 seul. Gri\u00e8vement bless\u00e9, il a \u00e9t\u00e9 pris en charge par les secours et hospitalis\u00e9 en urgence. Son pronostic vital \u00e9tait engag\u00e9.<\/p>\n<p>A noter que selon Actu Lyon, la motocross a \u00e9t\u00e9 r\u00e9cup\u00e9r\u00e9e par des jeunes du quartier, la police n&rsquo;a donc pas pu la saisir pour les besoins de son enqu\u00eate.<\/p>\n","protected":false},"excerpt":{"rendered":"Lyon : un jeune bless\u00e9 gri\u00e8vement apr\u00e8s une chute lors d&rsquo;un rod\u00e9o urbain \u00e0 la Duch\u00e8re &#8211; LyonMag&hellip;\n","protected":false},"author":2,"featured_media":123946,"comment_status":"","ping_status":"","sticky":false,"template":"","format":"standard","meta":{"footnotes":""},"categories":[1889],"tags":[1111,11,2813,2190,2430,1109,251,1112,2811,1777,674,118,1011,27,1922,1110,1114,2428,2810,12,241,316,25,2812,517,800],"class_list":{"0":"post-123945","1":"post","2":"type-post","3":"status-publish","4":"format-standard","5":"has-post-thumbnail","7":"category-lyon","8":"tag-actu","9":"tag-actualites","10":"tag-article","11":"tag-asvel","12":"tag-auvergne-rhone-alpes","13":"tag-breves","14":"tag-culture","15":"tag-depeches","16":"tag-economique","17":"tag-eu","18":"tag-europe","19":"tag-faits-divers","20":"tag-fr","21":"tag-france","22":"tag-info","23":"tag-informations","24":"tag-infos","25":"tag-lyon","26":"tag-lyonmag","27":"tag-news","28":"tag-ol","29":"tag-politique","30":"tag-republique-francaise","31":"tag-sociale","32":"tag-sport","33":"tag-transports"},"share_on_mastodon":{"url":"https:\/\/pubeurope.com\/@fr\/114561602207477854","error":""},"_links":{"self":[{"href":"https:\/\/www.europesays.com\/fr\/wp-json\/wp\/v2\/posts\/123945","targetHints":{"allow":["GET"]}}],"collection":[{"href":"https:\/\/www.europesays.com\/fr\/wp-json\/wp\/v2\/posts"}],"about":[{"href":"https:\/\/www.europesays.com\/fr\/wp-json\/wp\/v2\/types\/post"}],"author":[{"embeddable":true,"href":"https:\/\/www.europesays.com\/fr\/wp-json\/wp\/v2\/users\/2"}],"replies":[{"embeddable":true,"href":"https:\/\/www.europesays.com\/fr\/wp-json\/wp\/v2\/comments?post=123945"}],"version-history":[{"count":0,"href":"https:\/\/www.europesays.com\/fr\/wp-json\/wp\/v2\/posts\/123945\/revisions"}],"wp:featuredmedia":[{"embeddable":true,"href":"https:\/\/www.europesays.com\/fr\/wp-json\/wp\/v2\/media\/123946"}],"wp:attachment":[{"href":"https:\/\/www.europesays.com\/fr\/wp-json\/wp\/v2\/media?parent=123945"}],"wp:term":[{"taxonomy":"category","embeddable":true,"href":"https:\/\/www.europesays.com\/fr\/wp-json\/wp\/v2\/categories?post=123945"},{"taxonomy":"post_tag","embeddable":true,"href":"https:\/\/www.europesays.com\/fr\/wp-json\/wp\/v2\/tags?post=123945"}],"curies":[{"name":"wp","href":"https:\/\/api.w.org\/{rel}","templated":true}]}}