{"id":12395,"date":"2025-04-09T10:36:09","date_gmt":"2025-04-09T10:36:09","guid":{"rendered":"https:\/\/www.europesays.com\/fr\/12395\/"},"modified":"2025-04-09T10:36:09","modified_gmt":"2025-04-09T10:36:09","slug":"une-fillette-tuee-par-des-fourmis-de-feu-sa-famille-poursuit-lhopital-pour-negligence","status":"publish","type":"post","link":"https:\/\/www.europesays.com\/fr\/12395\/","title":{"rendered":"Une fillette tu\u00e9e par des fourmis de feu, sa famille poursuit l\u2019h\u00f4pital pour n\u00e9gligence"},"content":{"rendered":"<p><strong>drame &#8211; Mordue par des fourmis de feu en G\u00e9orgie (\u00c9tats-Unis), une fillette de 2 ans a succomb\u00e9 \u00e0 une grave r\u00e9action allergique qui n\u2019aurait pas \u00e9t\u00e9 trait\u00e9e \u00e0 temps \u00e0 l\u2019h\u00f4pital<\/strong><\/p>\n<p>Maya avait 2 ans. Mordue par des fourmis de feu, cette petite Am\u00e9ricaine est d\u00e9c\u00e9d\u00e9e en octobre dernier apr\u00e8s avoir \u00e9t\u00e9 admise aux urgences de la ville de Snellville, dans l\u2019\u00c9tat de G\u00e9orgie (<a href=\"https:\/\/www.20minutes.fr\/monde\/etats-unis\/\" rel=\"nofollow noopener\" target=\"_blank\" data-ylk=\"slk:\u00c9tats-Unis;elm:context_link;itc:0;sec:content-canvas\" class=\"link \">\u00c9tats-Unis<\/a>). Vendredi dernier, ses parents ont port\u00e9 <a href=\"https:\/\/www.20minutes.fr\/dossier\/plainte\" rel=\"nofollow noopener\" target=\"_blank\" data-ylk=\"slk:plainte;elm:context_link;itc:0;sec:content-canvas\" class=\"link \">plainte<\/a> contre l\u2019h\u00f4pital Piedmont Eastside Medical Center et son personnel qu\u2019ils accusent de n\u00e9gligence, pr\u00e9cise le <a href=\"https:\/\/www.miamiherald.com\/news\/nation-world\/national\/article303684906.html\" rel=\"nofollow noopener\" target=\"_blank\" data-ylk=\"slk:Miami Herald;elm:context_link;itc:0;sec:content-canvas\" class=\"link \">Miami Herald<\/a>.<\/p>\n<p>Selon <a href=\"https:\/\/www.belllawfirm.com\/wp-content\/uploads\/2025\/04\/2025-04-04-Hundie-Getahun-Complaint.pdf\" rel=\"nofollow noopener\" target=\"_blank\" data-ylk=\"slk:cette plainte d\u00e9pos\u00e9e d\u00e9but avril;elm:context_link;itc:0;sec:content-canvas\" class=\"link \">cette plainte d\u00e9pos\u00e9e d\u00e9but avril<\/a>, la petite Maya pr\u00e9sentait pourtant des sympt\u00f4mes graves et \u00e9vidents d\u2019allergie : \u00e9ruption cutan\u00e9e, respiration sifflante, d\u00e9tresse respiratoire\u2026 Alors qu\u2019une injection d\u2019\u00e9pin\u00e9phrine aurait d\u00fb \u00eatre administr\u00e9e imm\u00e9diatement pour stopper la <a href=\"https:\/\/www.20minutes.fr\/dossier\/allergie\" rel=\"nofollow noopener\" target=\"_blank\" data-ylk=\"slk:r\u00e9action allergique;elm:context_link;itc:0;sec:content-canvas\" class=\"link \">r\u00e9action allergique<\/a>, l\u2019\u00e9quipe m\u00e9dicale aurait attendu plus de vingt minutes avant d\u2019agir.<\/p>\n<p>Elle a \u00ab suffoqu\u00e9 devant ses parents \u00bb<\/p>\n<p>Lorsque l\u2019\u00e9tat de l\u2019<a href=\"https:\/\/www.20minutes.fr\/dossier\/enfant\" rel=\"nofollow noopener\" target=\"_blank\" data-ylk=\"slk:enfant;elm:context_link;itc:0;sec:content-canvas\" class=\"link \">enfant<\/a> s\u2019est d\u00e9grad\u00e9, le <a href=\"https:\/\/www.20minutes.fr\/dossier\/medecin\" rel=\"nofollow noopener\" target=\"_blank\" data-ylk=\"slk:m\u00e9decin;elm:context_link;itc:0;sec:content-canvas\" class=\"link \">m\u00e9decin<\/a> a tent\u00e9 une intubation. Il s\u2019est alors rendu compte qu\u2019aucun mat\u00e9riel p\u00e9diatrique adapt\u00e9 n\u2019\u00e9tait disponible. Maya, d\u00e9j\u00e0 s\u00e9dat\u00e9e, n\u2019a pas pu \u00eatre ventil\u00e9e. Elle est morte par asphyxie.<\/p>\n<p>\u00ab Maya a litt\u00e9ralement suffoqu\u00e9 devant ses parents tandis que les infirmi\u00e8res ouvraient les tiroirs des urgences \u00e0 la recherche d\u2019un tube respiratoire adapt\u00e9 \u00bb, d\u00e9nonce aujourd\u2019hui l\u2019<a href=\"https:\/\/www.20minutes.fr\/dossier\/avocat\" rel=\"nofollow noopener\" target=\"_blank\" data-ylk=\"slk:avocat;elm:context_link;itc:0;sec:content-canvas\" class=\"link \">avocat<\/a> du couple. D\u2019apr\u00e8s nos confr\u00e8res, la plainte vise l\u2019<a href=\"https:\/\/www.20minutes.fr\/dossier\/hopital\" rel=\"nofollow noopener\" target=\"_blank\" data-ylk=\"slk:h\u00f4pital;elm:context_link;itc:0;sec:content-canvas\" class=\"link \">h\u00f4pital<\/a>, sa maison-m\u00e8re Piedmont Healthcare, le m\u00e9decin en charge ainsi que plusieurs membres non identifi\u00e9s du personnel.<\/p>\n<p>Un m\u00e9decin d\u00e9j\u00e0 condamn\u00e9<\/p>\n<p>Le m\u00e9decin, d\u00e9j\u00e0 condamn\u00e9 pour faute m\u00e9dicale dans deux pr\u00e9c\u00e9dentes affaires, est accus\u00e9 (&#8230;)<\/p>\n<p><a href=\"https:\/\/www.20minutes.fr\/monde\/4147759-20250409-fillette-tuee-fourmis-feu-etats-unis-famille-poursuit-hopital-negligence\" rel=\"nofollow noopener\" target=\"_blank\" data-ylk=\"slk:Lire la suite sur 20minutes;elm:context_link;itc:0;sec:content-canvas\" class=\"link \">Lire la suite sur 20minutes<\/a><\/p>\n<p>\u00c0 lire aussi :<br \/><a href=\"https:\/\/www.20minutes.fr\/monde\/etats-unis\/4143446-20250314-etats-unis-fillette-americaine-10-ans-remission-cancer-expulsee-famille-vers-mexique\" rel=\"nofollow noopener\" target=\"_blank\" data-ylk=\"slk:Etats-Unis : Une fillette am\u00e9ricaine de 10 ans en r\u00e9mission d\u2019un cancer expuls\u00e9e avec sa famille vers le Mexique;elm:context_link;itc:0;sec:content-canvas\" class=\"link \">Etats-Unis : Une fillette am\u00e9ricaine de 10 ans en r\u00e9mission d\u2019un cancer expuls\u00e9e avec sa famille vers le Mexique<\/a><br \/><a href=\"https:\/\/www.20minutes.fr\/faits_divers\/4146188-20250331-etats-unis-meurt-violemment-ejectee-porte-hotel-trump-famille-porte-plainte\" rel=\"nofollow noopener\" target=\"_blank\" data-ylk=\"slk:Etats-Unis : Elle meurt \u00ab violemment \u00e9ject\u00e9e \u00bb par la porte d\u2019un h\u00f4tel Trump, sa famille porte plainte;elm:context_link;itc:0;sec:content-canvas\" class=\"link \">Etats-Unis : Elle meurt \u00ab violemment \u00e9ject\u00e9e \u00bb par la porte d\u2019un h\u00f4tel Trump, sa famille porte plainte<\/a><\/p>\n","protected":false},"excerpt":{"rendered":"drame &#8211; Mordue par des fourmis de feu en G\u00e9orgie (\u00c9tats-Unis), une fillette de 2 ans a succomb\u00e9&hellip;\n","protected":false},"author":2,"featured_media":12396,"comment_status":"","ping_status":"","sticky":false,"template":"","format":"standard","meta":{"footnotes":""},"categories":[1589],"tags":[11,73,1866,1312,5706,5707,12,5705,1864,1865,1863,308],"class_list":{"0":"post-12395","1":"post","2":"type-post","3":"status-publish","4":"format-standard","5":"has-post-thumbnail","7":"category-etats-unis","8":"tag-actualites","9":"tag-etats-unis","10":"tag-etats-unis-damerique","11":"tag-feu","12":"tag-maya","13":"tag-mordue","14":"tag-news","15":"tag-reaction-allergique","16":"tag-united-states","17":"tag-united-states-of-america","18":"tag-us","19":"tag-usa"},"share_on_mastodon":{"url":"https:\/\/pubeurope.com\/@fr\/114307568941779314","error":""},"_links":{"self":[{"href":"https:\/\/www.europesays.com\/fr\/wp-json\/wp\/v2\/posts\/12395","targetHints":{"allow":["GET"]}}],"collection":[{"href":"https:\/\/www.europesays.com\/fr\/wp-json\/wp\/v2\/posts"}],"about":[{"href":"https:\/\/www.europesays.com\/fr\/wp-json\/wp\/v2\/types\/post"}],"author":[{"embeddable":true,"href":"https:\/\/www.europesays.com\/fr\/wp-json\/wp\/v2\/users\/2"}],"replies":[{"embeddable":true,"href":"https:\/\/www.europesays.com\/fr\/wp-json\/wp\/v2\/comments?post=12395"}],"version-history":[{"count":0,"href":"https:\/\/www.europesays.com\/fr\/wp-json\/wp\/v2\/posts\/12395\/revisions"}],"wp:featuredmedia":[{"embeddable":true,"href":"https:\/\/www.europesays.com\/fr\/wp-json\/wp\/v2\/media\/12396"}],"wp:attachment":[{"href":"https:\/\/www.europesays.com\/fr\/wp-json\/wp\/v2\/media?parent=12395"}],"wp:term":[{"taxonomy":"category","embeddable":true,"href":"https:\/\/www.europesays.com\/fr\/wp-json\/wp\/v2\/categories?post=12395"},{"taxonomy":"post_tag","embeddable":true,"href":"https:\/\/www.europesays.com\/fr\/wp-json\/wp\/v2\/tags?post=12395"}],"curies":[{"name":"wp","href":"https:\/\/api.w.org\/{rel}","templated":true}]}}