{"id":123951,"date":"2025-05-24T07:23:08","date_gmt":"2025-05-24T07:23:08","guid":{"rendered":"https:\/\/www.europesays.com\/fr\/123951\/"},"modified":"2025-05-24T07:23:08","modified_gmt":"2025-05-24T07:23:08","slug":"pour-se-renflouer-pierre-jean-chalencon-est-contraint-de-vendre-aux-encheres-son-precieux-tresor","status":"publish","type":"post","link":"https:\/\/www.europesays.com\/fr\/123951\/","title":{"rendered":"pour se renflouer, Pierre-Jean Chalen\u00e7on est contraint de vendre aux ench\u00e8res son pr\u00e9cieux tr\u00e9sor"},"content":{"rendered":"<p>            Par<br \/>\n        <strong><br \/>\n            <a href=\"https:\/\/actu.fr\/auteur\/thomas-martin\" title=\"Consulter tous les articles de Thomas Martin\" target=\"_blank\" rel=\"noopener\">Thomas Martin<\/a><br \/>\n        <\/strong><\/p>\n<p>        Publi\u00e9 le<\/p>\n<p>            24 mai 2025 \u00e0 8h18        <\/p>\n<p>Son fameux <a href=\"https:\/\/actu.fr\/ile-de-france\/paris_75056\/paris-apres-plusieurs-rebondissements-le-palais-vivienne-de-pierre-jean-chalencon-echappe-aux-encheres_62659895.html\" target=\"_blank\" rel=\"noopener\">palais Vivienne<\/a> devrait \u00e9chapper \u00e0 la <a href=\"https:\/\/actu.fr\/ile-de-france\/paris_75056\/paris-le-palais-vivienne-de-pierre-jean-chalencon-saisi-par-la-justice-remis-en-vente-aux-encheres_62282911.html\" target=\"_blank\" rel=\"noopener\">vente aux ench\u00e8res<\/a> mais pas sa collection d\u2019objets napol\u00e9oniens. Le fantasque collectionneur Pierre-Jean Chalen\u00e7on est contraint de se s\u00e9parer d\u2019une centaine d\u2019objets ayant appartenu \u00e0 Napol\u00e9on. La vente aura lieu le 25 juin 2025 chez Sotheby\u2019s \u00e0 Paris.\u00a0<\/p>\n<p>Un bicorne de l\u2019Empereur estim\u00e9 entre 500 000 et 800 000 euros<\/p>\n<p class=\" wall-content\">Mobilier imp\u00e9rial, argenterie, porcelaine, sculptures, tableaux de ma\u00eetres anciens, livres et dessins: tous ces objets \u00ab\u00a0brossent un portrait assez complet de Napol\u00e9on Bonaparte, depuis son ascension vers le pouvoir imp\u00e9rial jusqu\u2019\u00e0 son exil final \u00e0 Sainte-H\u00e9l\u00e8ne\u00a0\u00bb, souligne la maison de vente dans un communiqu\u00e9.<\/p>\n<p class=\" wall-content\">Parmi les objets mis en vente figure un bicorne estim\u00e9 entre 500 000 et 800 000 euros, que Napol\u00e9on a rendu c\u00e9l\u00e8bre en le portant \u00ab\u00a0en bataille\u00a0\u00bb, les ailes parall\u00e8les \u00e0 ses \u00e9paules (au lieu d\u2019\u00eatre plac\u00e9es \u00e0 la perpendiculaire), devenu embl\u00e9matique de ce personnage historique dans la m\u00e9moire collective, a d\u00e9taill\u00e9 la maison de vente.<\/p>\n<p class=\" wall-content\">Autres pi\u00e8ces rares: un codicille accompagnant le premier testament de Napol\u00e9on, en exil \u00e0 Sainte-H\u00e9l\u00e8ne, estim\u00e9 entre 300 000 et 500 000 euros, et une \u00e9p\u00e9e ainsi qu\u2019un b\u00e2ton de h\u00e9raut utilis\u00e9s lors de son sacre \u00e0 Notre-Dame de Paris le 2 d\u00e9cembre 1804 (lot estim\u00e9 entre 200.000 et 400.000 euros).<\/p>\n<p>    <a href=\"https:\/\/email.publihebdos.com\/form?lid=Mqc7o19yVDtMEo2FE8aUtw2\" title=\"Ouvrie le lien\" target=\"_blank\" rel=\"noopener\">Cliquez ici pour visualiser le contenu<\/a><\/p>\n<p>Vid\u00e9os : en ce moment sur Actu<\/p>\n<p class=\" wall-content\">Plusieurs v\u00eatements, dont une manche de son v\u00eatement consulaire, ainsi qu\u2019un lit de voyage ou \u00ab\u00a0de campagne\u00a0\u00bb pliant, invent\u00e9 pour Napol\u00e9on, et un fauteuil Empire \u00e0 tr\u00f4ne, font \u00e9galement partie des pi\u00e8ces propos\u00e9es \u00e0 la vente.<\/p>\n<p class=\" wall-content\">Les objets sont expos\u00e9s chez Sotheby\u2019s Hong Kong jusqu\u2019\u00e0 mardi, avant New York (5-11 juin) puis Paris (19-24 juin), juste avant la vente.<\/p>\n<p class=\" wall-content\">Derni\u00e8re vente aux ench\u00e8res napol\u00e9onienne en date dans la capitale fran\u00e7aise, un sabre de Napol\u00e9on Bonaparte a \u00e9t\u00e9 vendu jeudi pr\u00e8s de 4,7 millions d\u2019euros \u00e0 l\u2019H\u00f4tel Drouot, fr\u00f4lant un record mondial pour un artefact napol\u00e9onien.<\/p>\n<p class=\" wall-content\">Suivez toute l\u2019actualit\u00e9 de vos villes et m\u00e9dias favoris en vous inscrivant \u00e0 <a href=\"https:\/\/moncompte.actu.fr\" title=\"D\u00e9couvez Mon Actu\" rel=\"nofollow noopener\" data-trk=\"{&quot;cta&quot;:{&quot;action&quot;:&quot;https:\\\/\\\/moncompte.actu.fr&quot;,&quot;category&quot;:&quot;mon compte&quot;,&quot;from&quot;:&quot;article footer&quot;,&quot;name&quot;:&quot;Mon actu&quot;,&quot;type&quot;:&quot;cta&quot;}}\" target=\"_blank\">Mon Actu<\/a>.<\/p>\n","protected":false},"excerpt":{"rendered":"Par Thomas Martin Publi\u00e9 le 24 mai 2025 \u00e0 8h18 Son fameux palais Vivienne devrait \u00e9chapper \u00e0 la&hellip;\n","protected":false},"author":2,"featured_media":123952,"comment_status":"","ping_status":"","sticky":false,"template":"","format":"standard","meta":{"footnotes":""},"categories":[1888],"tags":[1111,1928,11,1927,1777,674,1011,27,23977,12,1926,626,1925,973,25,104],"class_list":{"0":"post-123951","1":"post","2":"type-post","3":"status-publish","4":"format-standard","5":"has-post-thumbnail","7":"category-paris","8":"tag-actu","9":"tag-actu-paris","10":"tag-actualites","11":"tag-actualites-paris","12":"tag-eu","13":"tag-europe","14":"tag-fr","15":"tag-france","16":"tag-napoleon","17":"tag-news","18":"tag-news-paris","19":"tag-paris","20":"tag-paris-news","21":"tag-people","22":"tag-republique-francaise","23":"tag-societe"},"share_on_mastodon":{"url":"https:\/\/pubeurope.com\/@fr\/114561614061825328","error":""},"_links":{"self":[{"href":"https:\/\/www.europesays.com\/fr\/wp-json\/wp\/v2\/posts\/123951","targetHints":{"allow":["GET"]}}],"collection":[{"href":"https:\/\/www.europesays.com\/fr\/wp-json\/wp\/v2\/posts"}],"about":[{"href":"https:\/\/www.europesays.com\/fr\/wp-json\/wp\/v2\/types\/post"}],"author":[{"embeddable":true,"href":"https:\/\/www.europesays.com\/fr\/wp-json\/wp\/v2\/users\/2"}],"replies":[{"embeddable":true,"href":"https:\/\/www.europesays.com\/fr\/wp-json\/wp\/v2\/comments?post=123951"}],"version-history":[{"count":0,"href":"https:\/\/www.europesays.com\/fr\/wp-json\/wp\/v2\/posts\/123951\/revisions"}],"wp:featuredmedia":[{"embeddable":true,"href":"https:\/\/www.europesays.com\/fr\/wp-json\/wp\/v2\/media\/123952"}],"wp:attachment":[{"href":"https:\/\/www.europesays.com\/fr\/wp-json\/wp\/v2\/media?parent=123951"}],"wp:term":[{"taxonomy":"category","embeddable":true,"href":"https:\/\/www.europesays.com\/fr\/wp-json\/wp\/v2\/categories?post=123951"},{"taxonomy":"post_tag","embeddable":true,"href":"https:\/\/www.europesays.com\/fr\/wp-json\/wp\/v2\/tags?post=123951"}],"curies":[{"name":"wp","href":"https:\/\/api.w.org\/{rel}","templated":true}]}}