{"id":123955,"date":"2025-05-24T07:25:07","date_gmt":"2025-05-24T07:25:07","guid":{"rendered":"https:\/\/www.europesays.com\/fr\/123955\/"},"modified":"2025-05-24T07:25:07","modified_gmt":"2025-05-24T07:25:07","slug":"accusee-davoir-fait-chanter-karine-le-marchand-la-papesse-de-la-presse-people-va-devoir-sexpliquer","status":"publish","type":"post","link":"https:\/\/www.europesays.com\/fr\/123955\/","title":{"rendered":"accus\u00e9e d&rsquo;avoir fait chanter Karine Le Marchand, la papesse de la presse people va devoir s&rsquo;expliquer"},"content":{"rendered":"<p>            Par<br \/>\n        <strong><br \/>\n            <a href=\"https:\/\/actu.fr\/auteur\/thomas-martin\" title=\"Consulter tous les articles de Thomas Martin\" target=\"_blank\" rel=\"noopener\">Thomas Martin<\/a><br \/>\n        <\/strong><\/p>\n<p>        Publi\u00e9 le<\/p>\n<p>            24 mai 2025 \u00e0 9h02        <\/p>\n<p>La fille mineure d\u2019une c\u00e9l\u00e9brit\u00e9 en garde \u00e0 vue, des paparazzi qui trainent inopin\u00e9ment devant le commissariat, et des \u00e9changes aux airs de menaces voil\u00e9es. La papesse de la presse <a href=\"https:\/\/actu.fr\/tag\/people\" target=\"_blank\" rel=\"noopener\">people<\/a> Mimi Marchand est jug\u00e9e \u00e0 partir de lundi \u00e0 Paris, soup\u00e7onn\u00e9e d\u2019avoir fait chanter l\u2019animatrice <a href=\"https:\/\/actu.fr\/tag\/karine-le-marchand\" target=\"_blank\" rel=\"noopener\">Karine Le Marchand<\/a>.<\/p>\n<p>Des paparazzi tr\u00e8s bien inform\u00e9s\u00a0<\/p>\n<p class=\" wall-content\">Mich\u00e8le dite \u00ab\u00a0Mimi\u00a0\u00bb Marchand, et Karine Le Marchand, seront toutes deux pr\u00e9sentes au <a href=\"https:\/\/actu.fr\/tag\/tribunal-de-paris\" target=\"_blank\" rel=\"noopener\">tribunal<\/a>, selon leurs conseils respectifs Caroline Toby et Jean Ennochi, qui n\u2019ont pas souhait\u00e9 s\u2019exprimer avant l\u2019audience.<\/p>\n<p class=\" wall-content\">L\u2019affaire commence en f\u00e9vrier 2020. Karine Le Marchand pousse la porte de l\u2019IGPN, la police des polices. Sa fille, mineure, a \u00e9t\u00e9 photographi\u00e9e quelques jours plus t\u00f4t, sortant de garde \u00e0 vue pour acquisition de cannabis. Elle l\u2019a appris gr\u00e2ce \u00e0 une \u00ab\u00a0source\u00a0\u00bb qui a pu \u00ab\u00a0bloquer\u00a0\u00bb la publication des photos contre r\u00e9mun\u00e9ration. Mais l\u2019animatrice en est convaincue, les paparazzi ont forc\u00e9ment \u00e9t\u00e9 inform\u00e9s par des policiers. Elle porte plainte.<\/p>\n<p class=\" wall-content\">Elle ne le dit pas encore mais cette source, c\u2019est Mimi Marchand, la redout\u00e9e papesse de la presse people \u00e0 l\u2019impressionnant carnet d\u2019adresses. Elles s\u2019\u00e9taient rencontr\u00e9es en 2016, quand Mimi Marchand avait jou\u00e9 l\u2019interm\u00e9diaire pour tenter de convaincre Emmanuel Macron de participer \u00e0 \u00ab\u00a0Une ambition intime\u00a0\u00bb, l\u2019\u00e9mission politique de Karine Le Marchand.<\/p>\n<p class=\" wall-content\">Apr\u00e8s la garde \u00e0 vue, Mimi Marchand pr\u00e9vient l\u2019animatrice qu\u2019un \u00ab\u00a0jeune photographe\u00a0\u00bb inconnu est venu \u00e0 son agence Bestimages avec les photos: \u00ab\u00a0Je l\u2019ai pourri, je lui ai dit que c\u2019\u00e9tait d\u00e9bile parce que ta fille \u00e9tait mineure et tu es m\u00eame pas sur la photo, c\u2019est invendable\u00a0\u00bb, assure-t-elle, disant avoir r\u00e9cup\u00e9r\u00e9 les images contre 3.000 euros. \u00ab\u00a0T\u2019inqui\u00e8te pas \u00e7a va pas sortir\u00a0\u00bb, rassure Mimi Marchand.<\/p>\n<p>Vid\u00e9os : en ce moment sur Actu<\/p>\n<p class=\" wall-content\">\u00ab\u00a0Merci Mimi je te le revaudrai. D\u00e9j\u00e0 je te dois des sous. Ma fille c\u2019est ma princesse, elle morfle d\u00e9j\u00e0 d\u2019avoir une m\u00e8re c\u00e9l\u00e8bre, je veux qu\u2019elle soit apais\u00e9e (et sans p\u00e9tard)\u00a0\u00bb, \u00e9crit l\u2019animatrice de \u00ab\u00a0L\u2019amour est dans le pr\u00e9\u00a0\u00bb sur M6. Un d\u00e9jeuner est rapidement organis\u00e9, Karine Le Marchand \u00ab\u00a0rembourse\u00a0\u00bb la moiti\u00e9 environ, promet de compl\u00e9ter rapidement.\u00a0<br \/>Le temps passe. Mimi Marchand prend des nouvelles pendant l\u2019\u00e9t\u00e9.<\/p>\n<p>\u00a0\u00ab\u00a0Ce sera trop tard\u2026 c\u2019est dommage pour la petite\u00a0\u00bb<\/p>\n<p class=\" wall-content\">Karine Le Marchand: \u00ab\u00a0Comment vas-tu ? Je te dois des sous je n\u2019oublie pas\u00a0\u00bb.<br \/>Mimi Marchand: \u00ab\u00a0On verra \u00e7a \u00e0 la rentr\u00e9e, les temps sont durs. Me serais pas permise de te relancer !\u00a0\u00bb. Et puis: \u00ab\u00a0On peut pas faire des photos de toi, toujours tr\u00e8s belle \u00e0 la plage, seule mais bien gaul\u00e9e ?\u00a0\u00bb Poliment, Karine Le Marchand d\u00e9cline: \u00ab\u00a0Sinc\u00e8rement j\u2019ai d\u00e9j\u00e0 bien gav\u00e9 la corporation pendant des ann\u00e9es \u00e0 mon insu\u00a0\u00bb.<\/p>\n<p class=\" wall-content\">Un an plus tard, l\u2019animatrice rappelle l\u2019IGPN. Elle est \u00ab\u00a0harcel\u00e9e\u00a0\u00bb par Mimi Marchand qui n\u2019arr\u00eate pas de lui demander de la rappeler. L\u2019animatrice dit qu\u2019elle est trop occup\u00e9e en ce moment et Mimi Marchand \u00e9crit : \u00ab\u00a0Ce sera trop tard\u2026 c\u2019est dommage pour la petite\u00a0\u00bb. \u00a0<br \/>L\u2019enqu\u00eate r\u00e9v\u00e9lera que le photographe n\u2019\u00e9tait pas du tout un petit jeune mais le c\u00e9l\u00e8bre paparazzo S\u00e9bastien Valiela (\u00e9galement jug\u00e9), qui travaillait essentiellement pour l\u2019agence de Mimi Marchand. C\u2019est elle qui avait r\u00e9clam\u00e9 les photos de la garde \u00e0 vue selon lui, et il assure n\u2019avoir jamais touch\u00e9 un centime.<\/p>\n<p class=\" wall-content\">Mimi Marchand, concluront les juges d\u2019instruction, s\u2019est procur\u00e9 un \u00ab\u00a0moyen de contrainte\u00a0\u00bb avec ces photos, et a ensuite fait en sorte \u00ab\u00a0au moyen de mensonges et de pressions psychologiques insidieuses\u00a0\u00bb que Karine Le Marchand se sente \u00ab\u00a0financi\u00e8rement et moralement redevable\u00a0\u00bb.<\/p>\n<p>    <a href=\"https:\/\/email.publihebdos.com\/form?lid=Mqc7o19yVDtMEo2FE8aUtw2\" title=\"Ouvrie le lien\" target=\"_blank\" rel=\"noopener\">Cliquez ici pour visualiser le contenu<\/a><\/p>\n<p class=\" wall-content\">Plusieurs policiers seront \u00e9galement jug\u00e9s pour avoir fourni l\u2019information de la garde \u00e0 vue au paparazzo, ainsi qu\u2019une autre trois jours plus t\u00f4t : la filature d\u2019<a href=\"https:\/\/actu.fr\/ile-de-france\/paris_75056\/affaire-de-la-sextape-de-benjamin-griveaux-alexandra-de-taddeo-relaxee-par-la-cour-d-appel-de-paris_62197232.html\" target=\"_blank\" rel=\"noopener\">Alexandra de Taddeo<\/a> pour arr\u00eater son compagnon d\u2019alors, l\u2019artiste russe <a href=\"https:\/\/actu.fr\/ile-de-france\/paris_75056\/affaire-de-la-sextape-de-benjamin-griveaux-piotr-pavlenski-et-alexandra-de-taddeo-juges-a-paris_59785333.html\" target=\"_blank\" rel=\"noopener\">Piotr Pavlenski<\/a>. Les photos de l\u2019artiste russe \u00e0 plat ventre au sol, menott\u00e9 dans le dos \u2013 la publication de telles images est interdite par la loi fran\u00e7aise \u2013 avait fait la Une de Paris Match.<\/p>\n<p class=\" wall-content\">Deux jours auparavant, Piotr Pavlenski avait revendiqu\u00e9 la diffusion de vid\u00e9os \u00e0 caract\u00e8re sexuel de Benjamin Griveaux, alors candidat LREM \u00e0 la mairie de Paris, pr\u00e9cipitant son retrait de la bataille des municipales le 14 f\u00e9vrier 2020.<br \/>Alexandra de Taddeo sera \u00e9galement partie civile pour ce second volet, au c\u00f4t\u00e9 de Karine Le Marchand.<\/p>\n<p class=\" wall-content\"><strong>Avec AFP<\/strong><\/p>\n<p class=\" wall-content\">Suivez toute l\u2019actualit\u00e9 de vos villes et m\u00e9dias favoris en vous inscrivant \u00e0 <a href=\"https:\/\/moncompte.actu.fr\" title=\"D\u00e9couvez Mon Actu\" rel=\"nofollow noopener\" data-trk=\"{&quot;cta&quot;:{&quot;action&quot;:&quot;https:\\\/\\\/moncompte.actu.fr&quot;,&quot;category&quot;:&quot;mon compte&quot;,&quot;from&quot;:&quot;article footer&quot;,&quot;name&quot;:&quot;Mon actu&quot;,&quot;type&quot;:&quot;cta&quot;}}\" target=\"_blank\">Mon Actu<\/a>.<\/p>\n","protected":false},"excerpt":{"rendered":"Par Thomas Martin Publi\u00e9 le 24 mai 2025 \u00e0 9h02 La fille mineure d\u2019une c\u00e9l\u00e9brit\u00e9 en garde \u00e0&hellip;\n","protected":false},"author":2,"featured_media":123956,"comment_status":"","ping_status":"","sticky":false,"template":"","format":"standard","meta":{"footnotes":""},"categories":[1888],"tags":[11,1777,674,118,1011,27,5413,12,626,973,25,4595],"class_list":{"0":"post-123955","1":"post","2":"type-post","3":"status-publish","4":"format-standard","5":"has-post-thumbnail","7":"category-paris","8":"tag-actualites","9":"tag-eu","10":"tag-europe","11":"tag-faits-divers","12":"tag-fr","13":"tag-france","14":"tag-karine-le-marchand","15":"tag-news","16":"tag-paris","17":"tag-people","18":"tag-republique-francaise","19":"tag-tribunal-de-paris"},"share_on_mastodon":{"url":"https:\/\/pubeurope.com\/@fr\/114561621985683944","error":""},"_links":{"self":[{"href":"https:\/\/www.europesays.com\/fr\/wp-json\/wp\/v2\/posts\/123955","targetHints":{"allow":["GET"]}}],"collection":[{"href":"https:\/\/www.europesays.com\/fr\/wp-json\/wp\/v2\/posts"}],"about":[{"href":"https:\/\/www.europesays.com\/fr\/wp-json\/wp\/v2\/types\/post"}],"author":[{"embeddable":true,"href":"https:\/\/www.europesays.com\/fr\/wp-json\/wp\/v2\/users\/2"}],"replies":[{"embeddable":true,"href":"https:\/\/www.europesays.com\/fr\/wp-json\/wp\/v2\/comments?post=123955"}],"version-history":[{"count":0,"href":"https:\/\/www.europesays.com\/fr\/wp-json\/wp\/v2\/posts\/123955\/revisions"}],"wp:featuredmedia":[{"embeddable":true,"href":"https:\/\/www.europesays.com\/fr\/wp-json\/wp\/v2\/media\/123956"}],"wp:attachment":[{"href":"https:\/\/www.europesays.com\/fr\/wp-json\/wp\/v2\/media?parent=123955"}],"wp:term":[{"taxonomy":"category","embeddable":true,"href":"https:\/\/www.europesays.com\/fr\/wp-json\/wp\/v2\/categories?post=123955"},{"taxonomy":"post_tag","embeddable":true,"href":"https:\/\/www.europesays.com\/fr\/wp-json\/wp\/v2\/tags?post=123955"}],"curies":[{"name":"wp","href":"https:\/\/api.w.org\/{rel}","templated":true}]}}