{"id":123961,"date":"2025-05-24T07:28:10","date_gmt":"2025-05-24T07:28:10","guid":{"rendered":"https:\/\/www.europesays.com\/fr\/123961\/"},"modified":"2025-05-24T07:28:10","modified_gmt":"2025-05-24T07:28:10","slug":"ils-croyaient-que-jetais-mort-temoigne-un-veteran-russe-mutile-sur-rtl","status":"publish","type":"post","link":"https:\/\/www.europesays.com\/fr\/123961\/","title":{"rendered":"\u00ab\u00a0Ils croyaient que j\u2019\u00e9tais mort\u00a0\u00bb, t\u00e9moigne un v\u00e9t\u00e9ran russe mutil\u00e9 sur RTL"},"content":{"rendered":"<p class=\"article-p mdl\">Des soldats russes reviennent mutil\u00e9s du front ukrainien. Alors que <strong>Moscou garde le silence et ne publie pas de chiffres officiels sur ses pertes<\/strong>, les experts internationaux estiment que pr\u00e8s d\u2019un million de soldats ont d\u00e9j\u00e0 \u00e9t\u00e9 tu\u00e9s ou bless\u00e9s.<\/p>\n<p class=\"article-p mdl\"><strong>RTL a rencontr\u00e9 Maxim, un v\u00e9t\u00e9ran bless\u00e9<\/strong>, de retour chez lui, dans son village situ\u00e9 \u00e0 60 kilom\u00e8tres de Moscou. Son t\u00e9moignage illustre toute l\u2019horreur de cette guerre, mais \u00e9galement la d\u00e9termination de l\u2019arm\u00e9e russe \u00e0 l\u2019emporter face \u00e0 l\u2019Ukraine.\u00a0<\/p>\n<p class=\"article-p mdl\">De retour du front, Maxim vit d\u00e9sormais sur une chaise roulante, il profite des fleurs et de la tranquillit\u00e9 de son jardin. M\u00e2choire carr\u00e9e, cheveux courts, ce v\u00e9t\u00e9ran de 47 ans porte fi\u00e8rement <strong>son costume militaire qui laisse entrevoir ses moignons<\/strong>. Cette\u00a0<a class=\"link\" href=\"https:\/\/www.rtl.fr\/actu\/international\/guerre-en-ukraine-des-explosions-a-kiev-apres-une-nouvelle-attaque-russe-quelques-heures-apres-un-echange-record-de-prisonniers-7900508624\" title=\"Guerre en Ukraine : des explosions \u00e0 Kiev apr\u00e8s une nouvelle attaque russe, quelques heures apr\u00e8s un \u00e9change record de prisonniers\" target=\"_blank\" rel=\"noopener\">guerre en Ukraine<\/a>\u00a0lui a pris ses bras et ses jambes.\u00a0<\/p>\n<p>            Rest\u00e9 seul dans un champ pendant 12 heures<\/p>\n<p class=\"article-p mdl\">L\u2019homme raconte avoir \u00e9t\u00e9 mobilis\u00e9 deux ans dans un unit\u00e9 d\u2019infanterie. En juillet 2024, il est gri\u00e8vement bless\u00e9, pr\u00e8s de Koupiansk, lorsque <strong>son groupe a re\u00e7u l\u2019ordre de reprendre un village \u00e0 l\u2019arm\u00e9e ukrainienne<\/strong>.<\/p>\n<p class=\"article-p mdl\">\u00ab\u00a0Quand nous avons rejoint notre position, nous avons \u00e9t\u00e9 rep\u00e9r\u00e9s par les Ukrainiens. J\u2019ai \u00e9t\u00e9 vis\u00e9 par un drone kamikaze. J\u2019\u00e9tais pr\u00e8s d\u2019un arbre, \u00e0 d\u00e9couvert, il a percut\u00e9 mon casque et explos\u00e9 au-dessus de moi. J\u2019ai \u00e9t\u00e9 souffl\u00e9 par une pluie d\u2019\u00e9clats et un m\u00e9lange incendiaire, <strong>mon corps br\u00fblait, j\u2019ai vu mes bras et mes jambes en partie d\u00e9chiquet\u00e9s<\/strong>, je ne comprenais pas ce qu\u2019il se passait. Mon objectif \u00e9tait de me sortir de l\u00e0\u00a0\u00bb, revient-il aujourd\u2019hui au micro de RTL.<\/p>\n<p class=\"article-p mdl\">Allong\u00e9 par terre sous les tirs, alors que ses camarades lui posent des garrots, il s\u2019accroche, tente de fixer leur visage pour tenir le coup. \u00ab\u00a0Je perdais beaucoup de sang, une premi\u00e8re \u00e9quipe d\u2019\u00e9vacuation a tent\u00e9 de venir me chercher, mais elle n\u2019a pas r\u00e9ussi. Ils essuyaient des tirs de char. Je suis rest\u00e9 seul dans un champ pendant 12 heures, j\u2019ai beaucoup pri\u00e9, <strong>je me suis dit que j\u2019allais mourir ici<\/strong>. J\u2019ai r\u00e9ussi \u00e0 me tra\u00eener par terre pour me saisir d\u2019un talkie walkie et communiquer avec les miens, ils croyaient que j\u2019\u00e9tais mort. Un v\u00e9hicule est arriv\u00e9 pour m\u2019emmener \u00e0 l\u2019h\u00f4pital, mais il n\u2019y avait rien \u00e0 faire, j\u2019ai \u00e9t\u00e9 amput\u00e9 des quatre membres\u00a0\u00bb, explique Maxim.<\/p>\n<blockquote class=\"article-quote\">\n<p class=\"article-quote-text icon icon-quote-v2\">J\u2019ai d\u00fb tout r\u00e9apprendre, prendre conscience que ma vie ne serait plus jamais la m\u00eame<\/p>\n<p>Maxim, v\u00e9t\u00e9ran russe, sur RTL<\/p>\n<\/blockquote>\n<p class=\"article-p mdl\">Le militaire passe 38 jours \u00e0 l\u2019h\u00f4pital en r\u00e9animation. \u00c0 son r\u00e9veil, l\u2019arm\u00e9e lui annonce qu\u2019il va rejoindre un centre de r\u00e9habilitation. Cet ancien professeur de sport et champion de karat\u00e9 se consid\u00e8re comme un miracul\u00e9 : \u00ab\u00a0J\u2019ai d\u00fb tout r\u00e9apprendre, prendre conscience que ma vie ne serait plus jamais la m\u00eame. Il a fallu pouvoir se redresser, s&rsquo;asseoir et accepter que je d\u00e9pendrai d\u00e9sormais, jusqu\u2019\u00e0 la fin de mes jours, de l\u2019aide des autres. Mais \u00e0 l\u2019int\u00e9rieur, je suis rest\u00e9 le m\u00eame, je suis une personne cr\u00e9ative, j\u2019ai encore tant de projets. Aujourd\u2019hui, beaucoup de personnes trouvent une motivation \u00e0 travers mon exemple car j\u2019ai prouv\u00e9 qu\u2019on pouvait s\u2019en sortir.\u00a0\u00bb<\/p>\n<p class=\"article-p mdl\">Aujourd\u2019hui, <strong>Maxim fait la fiert\u00e9 et l\u2019admiration de sa famille<\/strong>. Ce soldat a \u00e9t\u00e9 d\u00e9cor\u00e9, invit\u00e9, le 9 mai dernier, sur la place Rouge pour assister \u00e0 la parade militaire aux c\u00f4t\u00e9s de\u00a0<a class=\"link\" href=\"https:\/\/www.rtl.fr\/actu\/international\/guerre-en-ukraine-ce-qu-il-faut-retenir-de-l-echange-entre-vladimir-poutine-et-donald-trump-7900506913\" title=\"Guerre en Ukraine : ce qu\u2019il faut retenir de l\u2019\u00e9change entre Vladimir Poutine et Donald Trump\" target=\"_blank\" rel=\"noopener\">Vladimir Poutine<\/a>. Ses trois enfants le voient comme un h\u00e9ros, le consid\u00e8rent comme la nouvelle \u00e9lite de la nation. Son \u00e9pouse, Svetlana, essuie ses larmes lorsqu\u2019elle \u00e9voque le parcours de son mari. Elle ne pensait pas le voir revenir vivant du front.\u00a0<\/p>\n<p>                <img decoding=\"async\" alt=\"\" class=\"media-item lazy\" src=\"https:\/\/www.europesays.com\/fr\/wp-content\/uploads\/2025\/05\/1758022-maxim-et-sa-femme-svetlana.jpeg\"\/><\/p>\n<p>\n            Maxim et sa femme Svetlana.<\/p>\n<p>\n            Cr\u00e9dit : Nicolas Burnens \/ RTL<\/p>\n<p class=\"article-p mdl\">\u00ab\u00a0On m\u2019a pr\u00e9venu qu\u2019il ne fallait pas que je pleure, qu\u2019il ne fallait pas que je m&rsquo;\u00e9vanouisse. Quand je l\u2019ai vu, \u00e7a a \u00e9t\u00e9 un choc. Je me suis dit : \u2018Qu\u2019est-ce qu\u2019il faut faire ?\u2019 Personne n\u2019aurait pu imaginer une telle blessure, c\u2019est Dieu qui d\u00e9cide. <strong>Il est vivant et c\u2019est le plus important<\/strong>. Lorsque l\u2019op\u00e9ration sp\u00e9ciale a commenc\u00e9, il savait qu\u2019il irait, il n\u2019\u00e9tait pas question de s\u2019enfuir, de se cacher. Je l\u2019aime et l\u2019admire pour \u00e7a\u00a0\u00bb, dit-elle.<\/p>\n<p>    Il garde foi en l&rsquo;arm\u00e9e russe<\/p>\n<p class=\"article-p mdl\">Dans cette famille russe, dont les descendants ont combattu pour l\u2019Union sovi\u00e9tiques, <strong>le soutien \u00e0 la ligne du Kremlin est in\u00e9branlable<\/strong>. Le v\u00e9t\u00e9ran reste direct sur le montant de son indemnisation, probablement plus de 60.000 euros. L\u2019\u00c9tat lui a m\u00eame r\u00e9serv\u00e9 un poste de professeur au sein d\u2019un institut militaire.\u00a0<\/p>\n<p>\u00ab\u00a0Je sais pourquoi je suis all\u00e9 combattre la base et ce que j\u2019allais y faire, je ne regrette rien. <strong>Mes grands-parents se sont battus en 1945 contre l\u2019Allemagne nazie, j\u2019ai fait la m\u00eame chose.<\/strong> Le nazisme est une chose terrible dont nous devons nous d\u00e9barrasser pour vivre dans un monde meilleur. Si ce n\u2019est pas nous qui le faisons, qui le fera ? Beaucoup de gens me remercient pour cela, je suis fier d&rsquo;avoir fait mon devoir, d\u2019avoir servi dans l\u2019arm\u00e9e russe et prot\u00e9g\u00e9 mon pays\u00a0\u00bb, clame-t-il.\u00a0<\/p>\n<p>Maxim est aujourd\u2019hui <strong>persuad\u00e9 que Moscou gagnera son combat contre Kiev<\/strong>. Avec son argent, lui r\u00eave de s\u2019acheter une maison pour passer du temps au bord de la mer, loin de cette guerre.<\/p>\n<p>    La r\u00e9daction vous recommande<\/p>\n<p class=\"s-newsletter__title\">\n                L\u2019actualit\u00e9 par la r\u00e9daction de RTL dans votre bo\u00eete mail.\n            <\/p>\n<p class=\"s-newsletter__subtitle\">\n                Gr\u00e2ce \u00e0 votre compte RTL abonnez-vous \u00e0 la newsletter RTL info pour suivre toute l&rsquo;actualit\u00e9 au quotidien\n            <\/p>\n<p>\n                                    Lire la suite\n                                <\/p>\n","protected":false},"excerpt":{"rendered":"Des soldats russes reviennent mutil\u00e9s du front ukrainien. Alors que Moscou garde le silence et ne publie pas&hellip;\n","protected":false},"author":2,"featured_media":123962,"comment_status":"","ping_status":"","sticky":false,"template":"","format":"standard","meta":{"footnotes":""},"categories":[1590],"tags":[11,1777,674,107,1146,131,14,12,362,132,220,135],"class_list":{"0":"post-123961","1":"post","2":"type-post","3":"status-publish","4":"format-standard","5":"has-post-thumbnail","7":"category-ukraine","8":"tag-actualites","9":"tag-eu","10":"tag-europe","11":"tag-fil-info","12":"tag-guerre","13":"tag-guerre-en-ukraine","14":"tag-international","15":"tag-news","16":"tag-replay","17":"tag-russie","18":"tag-ukraine","19":"tag-vladimir-poutine"},"share_on_mastodon":{"url":"https:\/\/pubeurope.com\/@fr\/114561633763888514","error":""},"_links":{"self":[{"href":"https:\/\/www.europesays.com\/fr\/wp-json\/wp\/v2\/posts\/123961","targetHints":{"allow":["GET"]}}],"collection":[{"href":"https:\/\/www.europesays.com\/fr\/wp-json\/wp\/v2\/posts"}],"about":[{"href":"https:\/\/www.europesays.com\/fr\/wp-json\/wp\/v2\/types\/post"}],"author":[{"embeddable":true,"href":"https:\/\/www.europesays.com\/fr\/wp-json\/wp\/v2\/users\/2"}],"replies":[{"embeddable":true,"href":"https:\/\/www.europesays.com\/fr\/wp-json\/wp\/v2\/comments?post=123961"}],"version-history":[{"count":0,"href":"https:\/\/www.europesays.com\/fr\/wp-json\/wp\/v2\/posts\/123961\/revisions"}],"wp:featuredmedia":[{"embeddable":true,"href":"https:\/\/www.europesays.com\/fr\/wp-json\/wp\/v2\/media\/123962"}],"wp:attachment":[{"href":"https:\/\/www.europesays.com\/fr\/wp-json\/wp\/v2\/media?parent=123961"}],"wp:term":[{"taxonomy":"category","embeddable":true,"href":"https:\/\/www.europesays.com\/fr\/wp-json\/wp\/v2\/categories?post=123961"},{"taxonomy":"post_tag","embeddable":true,"href":"https:\/\/www.europesays.com\/fr\/wp-json\/wp\/v2\/tags?post=123961"}],"curies":[{"name":"wp","href":"https:\/\/api.w.org\/{rel}","templated":true}]}}