{"id":123963,"date":"2025-05-24T07:29:14","date_gmt":"2025-05-24T07:29:14","guid":{"rendered":"https:\/\/www.europesays.com\/fr\/123963\/"},"modified":"2025-05-24T07:29:14","modified_gmt":"2025-05-24T07:29:14","slug":"les-etats-unis-formalisent-la-levee-des-sanctions-contre-la-syrie-qui-salue-un-pas-positif","status":"publish","type":"post","link":"https:\/\/www.europesays.com\/fr\/123963\/","title":{"rendered":"Les \u00c9tats-Unis formalisent la lev\u00e9e des sanctions contre la Syrie, qui salue un \u00ab\u00a0pas positif\u00a0\u00bb"},"content":{"rendered":"<p>Les \u00c9tats-Unis ont formellement lev\u00e9 vendredi 23\u00a0mai 2025 les sanctions contre la Syrie, <a target=\"_self\" href=\"https:\/\/www.lanouvellerepublique.fr\/a-la-une\/donald-trump-va-lever-les-sanctions-americaines-contre-la-syrie-1747204373\" rel=\"nofollow noopener\">comme annonc\u00e9 par le pr\u00e9sident Donald Trump<\/a> lors de sa visite la semaine derni\u00e8re en Arabie saoudite. \u00ab\u00a0Le d\u00e9partement du Tr\u00e9sor et le d\u00e9partement d\u2019\u00c9tat mettent en \u0153uvre des autorisations pour encourager de nouveaux investissements en Syrie\u00a0\u00bb, a d\u00e9clar\u00e9 le secr\u00e9taire au Tr\u00e9sor, Scott Bessent, dans un communiqu\u00e9.<\/p>\n<p>En parall\u00e8le, le d\u00e9partement d\u2019\u00c9tat am\u00e9ricain d\u00e9livre une d\u00e9rogation au titre de la loi C\u00e9sar sur la protection des civils en Syrie \u00ab\u00a0qui permettra \u00e0 nos partenaires \u00e9trangers, \u00e0 nos alli\u00e9s et \u00e0 la r\u00e9gion d\u2019exploiter davantage le potentiel (du pays)\u00a0\u00bb, ajoute le communiqu\u00e9.\u00a0Cette loi de 2020 pr\u00e9voyait des sanctions s\u00e9v\u00e8res contre toute entit\u00e9 ou entreprise coop\u00e9rant avec le r\u00e9gime de Bachar al-Assad, <a target=\"_self\" href=\"https:\/\/www.lanouvellerepublique.fr\/a-la-une\/syrie-les-rebelles-annoncent-la-chute-de-bachar-al-assad\" rel=\"nofollow noopener\">renvers\u00e9 en d\u00e9cembre par une coalition de forces islamistes. <\/a>Cette exemption est valable pendant 180 jours, a pr\u00e9cis\u00e9 le secr\u00e9taire d\u2019\u00c9tat am\u00e9ricain Marco Rubio dans un communiqu\u00e9 s\u00e9par\u00e9.<\/p>\n<p>Ces mesures \u00ab\u00a0s\u2019inscrivent dans le cadre d\u2019un effort plus large du gouvernement am\u00e9ricain visant \u00e0 supprimer l\u2019ensemble des sanctions impos\u00e9es \u00e0 la Syrie en raison des abus commis par le r\u00e9gime Assad\u00a0\u00bb, a indiqu\u00e9 le Tr\u00e9sor.<\/p>\n<p>\u00ab\u00a0Bonne direction\u00a0\u00bb<\/p>\n<p>Le minist\u00e8re syrien des Affaires \u00e9trang\u00e8res a salu\u00e9 ce samedi 24\u00a0mai la lev\u00e9e formelle des sanctions. \u00ab\u00a0La R\u00e9publique arabe syrienne se f\u00e9licite de la d\u00e9cision du gouvernement am\u00e9ricain de lever les sanctions impos\u00e9es \u00e0 la Syrie et \u00e0 son peuple depuis de longues ann\u00e9es\u00a0\u00bb, a d\u00e9clar\u00e9 le minist\u00e8re. \u00ab\u00a0Il s\u2019agit d\u2019un pas positif dans la bonne direction pour r\u00e9duire les souffrances sur les plans \u00e9conomique et humanitaire\u00a0\u00bb.<\/p>\n<p>Donald Trump avait cr\u00e9\u00e9 la surprise la semaine derni\u00e8re en annon\u00e7ant depuis Riyad qu\u2019il levait les sanctions am\u00e9ricaines contre la Syrie, parlant de vouloir \u00ab\u00a0donner une chance de grandeur\u00a0\u00bb aux nouvelles autorit\u00e9s au pouvoir \u00e0 Damas. Il s\u2019y est \u00e9galement entretenu avec <a target=\"_self\" href=\"https:\/\/www.lanouvellerepublique.fr\/a-la-une\/offensive-en-syrie-mohammed-al-jolani-le-chef-des-rebelles-qui-cristallise-les-interrogations\" rel=\"nofollow noopener\">le pr\u00e9sident syrien Ahmed al-Charaa<\/a>.<\/p>\n<p>La lev\u00e9e des sanctions am\u00e9ricaines doit permettre de \u00ab\u00a0r\u00e9aliser des investissements favorables \u00e0 la stabilit\u00e9 et \u00e0 faire progresser les efforts de redressement et de reconstruction de la Syrie\u00a0\u00bb, selon Marco Rubio. Cela doit notamment impacter \u00ab\u00a0la fourniture d\u2019\u00e9lectricit\u00e9, d\u2019\u00e9nergie, d\u2019eau et d\u2019installations sanitaires, et permettra une r\u00e9ponse humanitaire plus efficace dans toute la Syrie\u00a0\u00bb, selon Washington.<\/p>\n<p>\u00ab\u00a0Le pr\u00e9sident Trump donne au gouvernement syrien la possibilit\u00e9 de promouvoir la paix et la stabilit\u00e9, tant \u00e0 l\u2019int\u00e9rieur du pays que dans les relations de la Syrie avec ses voisins\u00a0\u00bb, a ajout\u00e9 Marco Rubio, en soulignant que Washington s\u2019attend d\u00e9sormais \u00e0 \u00ab\u00a0une action rapide de la part du gouvernement syrien sur des priorit\u00e9s politiques importantes\u00a0\u00bb.<\/p>\n<p>Le risque d\u2019une \u00ab\u00a0guerre civile\u00a0\u00bb selon Rubio<\/p>\n<p>Lors d\u2019une audition au Congr\u00e8s cette semaine, le chef de la diplomatie am\u00e9ricaine avait averti que \u00ab\u00a0l\u2019autorit\u00e9 de transition, compte tenu des d\u00e9fis auxquels elle est confront\u00e9e, est \u00e0 quelques semaines, voire \u00e0 quelques mois, d\u2019un effondrement potentiel et d\u2019une guerre civile \u00e0 grande \u00e9chelle, c\u2019est-\u00e0-dire d\u2019un \u00e9clatement du pays\u00a0\u00bb.<\/p>\n<p><a target=\"_self\" href=\"https:\/\/www.lanouvellerepublique.fr\/a-la-une\/la-syrie-est-aux-mains-des-terroristes-bachar-al-assad-rompt-le-silence-huit-jours-apres-sa-chute\" rel=\"nofollow noopener\">Bachar al-Assad<\/a> a \u00e9t\u00e9 renvers\u00e9 le 8\u00a0d\u00e9cembre 2024 \u00e0 la suite d\u2019une offensive \u00e9clair men\u00e9e par une coalition de groupes rebelles, domin\u00e9e par des islamistes aujourd\u2019hui au pouvoir \u00e0 Damas. Mais le nouveau gouvernement <a target=\"_self\" href=\"https:\/\/www.lanouvellerepublique.fr\/a-la-une\/en-syrie-le-nouveau-pouvoir-face-a-plusieurs-defis-securitaires-d-envergure-1741427765\" rel=\"nofollow noopener\">peine \u00e0 s\u2019imposer sur l\u2019ensemble du territoire<\/a>, en raison de la pr\u00e9sence de groupes arm\u00e9s aux all\u00e9geances diverses.<\/p>\n","protected":false},"excerpt":{"rendered":"Les \u00c9tats-Unis ont formellement lev\u00e9 vendredi 23\u00a0mai 2025 les sanctions contre la Syrie, comme annonc\u00e9 par le pr\u00e9sident&hellip;\n","protected":false},"author":2,"featured_media":123964,"comment_status":"","ping_status":"","sticky":false,"template":"","format":"standard","meta":{"footnotes":""},"categories":[1589],"tags":[328,11,73,1866,329,74,12,316,32,1864,1865,1863,308],"class_list":{"0":"post-123963","1":"post","2":"type-post","3":"status-publish","4":"format-standard","5":"has-post-thumbnail","7":"category-etats-unis","8":"tag-a-la-une","9":"tag-actualites","10":"tag-etats-unis","11":"tag-etats-unis-damerique","12":"tag-france-monde","13":"tag-monde","14":"tag-news","15":"tag-politique","16":"tag-syrie","17":"tag-united-states","18":"tag-united-states-of-america","19":"tag-us","20":"tag-usa"},"share_on_mastodon":{"url":"https:\/\/pubeurope.com\/@fr\/114561637650942925","error":""},"_links":{"self":[{"href":"https:\/\/www.europesays.com\/fr\/wp-json\/wp\/v2\/posts\/123963","targetHints":{"allow":["GET"]}}],"collection":[{"href":"https:\/\/www.europesays.com\/fr\/wp-json\/wp\/v2\/posts"}],"about":[{"href":"https:\/\/www.europesays.com\/fr\/wp-json\/wp\/v2\/types\/post"}],"author":[{"embeddable":true,"href":"https:\/\/www.europesays.com\/fr\/wp-json\/wp\/v2\/users\/2"}],"replies":[{"embeddable":true,"href":"https:\/\/www.europesays.com\/fr\/wp-json\/wp\/v2\/comments?post=123963"}],"version-history":[{"count":0,"href":"https:\/\/www.europesays.com\/fr\/wp-json\/wp\/v2\/posts\/123963\/revisions"}],"wp:featuredmedia":[{"embeddable":true,"href":"https:\/\/www.europesays.com\/fr\/wp-json\/wp\/v2\/media\/123964"}],"wp:attachment":[{"href":"https:\/\/www.europesays.com\/fr\/wp-json\/wp\/v2\/media?parent=123963"}],"wp:term":[{"taxonomy":"category","embeddable":true,"href":"https:\/\/www.europesays.com\/fr\/wp-json\/wp\/v2\/categories?post=123963"},{"taxonomy":"post_tag","embeddable":true,"href":"https:\/\/www.europesays.com\/fr\/wp-json\/wp\/v2\/tags?post=123963"}],"curies":[{"name":"wp","href":"https:\/\/api.w.org\/{rel}","templated":true}]}}