{"id":123971,"date":"2025-05-24T07:33:09","date_gmt":"2025-05-24T07:33:09","guid":{"rendered":"https:\/\/www.europesays.com\/fr\/123971\/"},"modified":"2025-05-24T07:33:09","modified_gmt":"2025-05-24T07:33:09","slug":"suisse-ue-bilaterales-iii-continuite-ou-tromperie-sur-la-marchandise","status":"publish","type":"post","link":"https:\/\/www.europesays.com\/fr\/123971\/","title":{"rendered":"Suisse-UE: bilat\u00e9rales\u00a0III, continuit\u00e9 ou tromperie sur la marchandise?"},"content":{"rendered":"<p>              <a tabindex=\"-1\" title=\"Romain Clivaz\" href=\"https:\/\/www.letemps.ch\/profil\/romain-clivaz\" rel=\"nofollow noopener\" target=\"_blank\"><\/p>\n<p>                    <img decoding=\"async\" src=\"https:\/\/www.europesays.com\/fr\/wp-content\/uploads\/2025\/05\/1748071989_946_small.jpeg\" class=\"lazy\" alt=\"\"\/><\/p>\n<p><\/a>        <\/p>\n<p>    Publi\u00e9 le 24 mai 2025 \u00e0 08:49. \/ Modifi\u00e9 le 24 mai 2025 \u00e0 08:54.<\/p>\n<p> 2 min. de lecture<\/p>\n<p>    Sur nos monts\u2026<\/p>\n<p>Chaque semaine, notre journaliste s\u2019enthousiasme, s\u2019\u00e9nerve, s\u2019interroge ou analyse une actualit\u00e9 en lien avec la Suisse. De Gen\u00e8ve \u00e0 Sankt Margrethen. De B\u00e2le \u00e0 Chiasso. Et au-del\u00e0.<\/p>\n<p><strong>Retrouvez<\/strong> <a href=\"https:\/\/www.letemps.ch\/profil\/romain-clivaz\" rel=\"nofollow noopener\" target=\"_blank\">tous ses articles et chroniques<\/a><\/p>\n<p>En politique, la bataille des id\u00e9es fait rage. Celle des mots aussi. Exemple parlant en allemand dans le texte: le nucl\u00e9aire. Ses partisans parlent de Kernenergie, terme plus neutre que celui des opposants, Atomenergie, qui fait allusion \u00e0 l\u2019atome et la bombe atomique.<\/p>\n<p>En Suisse, le terrain min\u00e9 des mots, c\u2019est le nouveau paquet d\u2019accords avec l\u2019Union europ\u00e9enne (UE): quelle \u00e9tiquette lui coller? \u00abTrait\u00e9 de soumission\u00bb pour les farouches opposants. \u00abBilat\u00e9rales\u00a0III\u00bb pour les partisans inconditionnels. Au milieu, l\u2019appellation prudente et officielle du Conseil f\u00e9d\u00e9ral: \u00abpaquet de stabilisation et d\u00e9veloppement des relations Suisse-UE\u00bb.<\/p>\n<p>    Poursuivez votre lecture avec un acc\u00e8s complet: -50% sur votre abonnement digital<\/p>\n<p class=\"post-subscribe__mention\">\u2713 Toutes nos analyses et enqu\u00eates exclusives&#13;<br \/>\n<br \/>\u2713 L&rsquo;int\u00e9gralit\u00e9 de nos contenus dans l&rsquo;application mobile&#13;<br \/>\n<br \/>\u2713 Les privil\u00e8ges r\u00e9serv\u00e9s aux abonn\u00e9s<\/p>\n<p class=\"post-subscribe__mention post-subscribe__mention--temporary\">\ud83d\ude80 Offre limit\u00e9e &#8211; Plus que 100 abonnements disponibles<\/p>\n<p>    <a class=\"button is-secondary\" data-event=\"click-&gt;clicked\" href=\"https:\/\/www.letemps.ch\/abonnements?utm_source=lt&amp;utm_medium=paywall&amp;utm_campaign=500&amp;wall_id=24\" rel=\"nofollow noopener\" target=\"_blank\">J&rsquo;en profite maintenant<\/a><\/p>\n<p class=\"post-subscribe__login\">\n        Vous avez d\u00e9j\u00e0 un compte ?<br \/>\n        <a class=\"link\" rel=\"nofollow noopener\" href=\"https:\/\/www.letemps.ch\/compte\/connexion?return_to=https%3A%2F%2Fwww.letemps.ch%2Fopinions%2Fchroniques%2Fsuisse-ue-bilaterales-iii-continuite-ou-tromperie-sur-la-marchandise\" target=\"_blank\">Se connecter<\/a>\n      <\/p>\n","protected":false},"excerpt":{"rendered":"Publi\u00e9 le 24 mai 2025 \u00e0 08:49. \/ Modifi\u00e9 le 24 mai 2025 \u00e0 08:54. 2 min. de&hellip;\n","protected":false},"author":2,"featured_media":123972,"comment_status":"","ping_status":"","sticky":false,"template":"","format":"standard","meta":{"footnotes":""},"categories":[1586],"tags":[11,6702,1777,674,1779,1011,27,17941,12,301,25,2582,1778,364],"class_list":{"0":"post-123971","1":"post","2":"type-post","3":"status-publish","4":"format-standard","5":"has-post-thumbnail","7":"category-europe","8":"tag-actualites","9":"tag-conseil-federal","10":"tag-eu","11":"tag-europe","12":"tag-european-union","13":"tag-fr","14":"tag-france","15":"tag-ignazio-cassis","16":"tag-news","17":"tag-premium","18":"tag-republique-francaise","19":"tag-suisse-ue","20":"tag-ue","21":"tag-union-europeenne"},"share_on_mastodon":{"url":"https:\/\/pubeurope.com\/@fr\/114561653426437742","error":""},"_links":{"self":[{"href":"https:\/\/www.europesays.com\/fr\/wp-json\/wp\/v2\/posts\/123971","targetHints":{"allow":["GET"]}}],"collection":[{"href":"https:\/\/www.europesays.com\/fr\/wp-json\/wp\/v2\/posts"}],"about":[{"href":"https:\/\/www.europesays.com\/fr\/wp-json\/wp\/v2\/types\/post"}],"author":[{"embeddable":true,"href":"https:\/\/www.europesays.com\/fr\/wp-json\/wp\/v2\/users\/2"}],"replies":[{"embeddable":true,"href":"https:\/\/www.europesays.com\/fr\/wp-json\/wp\/v2\/comments?post=123971"}],"version-history":[{"count":0,"href":"https:\/\/www.europesays.com\/fr\/wp-json\/wp\/v2\/posts\/123971\/revisions"}],"wp:featuredmedia":[{"embeddable":true,"href":"https:\/\/www.europesays.com\/fr\/wp-json\/wp\/v2\/media\/123972"}],"wp:attachment":[{"href":"https:\/\/www.europesays.com\/fr\/wp-json\/wp\/v2\/media?parent=123971"}],"wp:term":[{"taxonomy":"category","embeddable":true,"href":"https:\/\/www.europesays.com\/fr\/wp-json\/wp\/v2\/categories?post=123971"},{"taxonomy":"post_tag","embeddable":true,"href":"https:\/\/www.europesays.com\/fr\/wp-json\/wp\/v2\/tags?post=123971"}],"curies":[{"name":"wp","href":"https:\/\/api.w.org\/{rel}","templated":true}]}}