{"id":12398,"date":"2025-04-09T10:38:13","date_gmt":"2025-04-09T10:38:13","guid":{"rendered":"https:\/\/www.europesays.com\/fr\/12398\/"},"modified":"2025-04-09T10:38:13","modified_gmt":"2025-04-09T10:38:13","slug":"en-allemagne-les-conservateurs-annoncent-un-accord-de-gouvernement-avec-les-sociaux-democrates-liberation","status":"publish","type":"post","link":"https:\/\/www.europesays.com\/fr\/12398\/","title":{"rendered":"En Allemagne, les conservateurs annoncent un accord de gouvernement avec les sociaux-d\u00e9mocrates \u2013 Lib\u00e9ration"},"content":{"rendered":"<p class=\"sc-cPiKLX AiZTS text-element\">Plusieurs <a href=\"https:\/\/www.liberation.fr\/international\/europe\/allemagne-les-conservateurs-et-le-spd-annoncent-un-accord-de-principe-pour-une-coalition-20250308_RP4KIJFPUVE7THGQTXEXAIIML4\/\" target=\"_blank\" rel=\"nofollow noopener\">semaines de n\u00e9gociations<\/a> auront \u00e9t\u00e9 n\u00e9cessaires pour parvenir \u00e0 cette poign\u00e9e de main. Les conservateurs du chancelier d\u00e9sign\u00e9,<a href=\"https:\/\/www.liberation.fr\/international\/europe\/en-allemagne-le-conservateur-friedrich-merz-grand-favori-des-legislatives-anticipees-20250220_UZFGXSMITZF5JDAW56NBXFTAFA\/\" target=\"_blank\" rel=\"nofollow noopener\"> Friedrich Merz<\/a>, et les sociaux-d\u00e9mocrates, s\u2019appr\u00eatent \u00e0 pr\u00e9senter ce mercredi 9\u00a0avril leur accord de coalition pour un nouveau gouvernement en\u00a0Allemagne, ont-ils annonc\u00e9.<\/p>\n<p class=\"sc-cPiKLX AiZTS text-element\">Cet accord sera d\u00e9taill\u00e9 lors d\u2019une conf\u00e9rence de presse organis\u00e9e en d\u00e9but d\u2019apr\u00e8s-midi \u00e0 Berlin, indiquent l\u2019Union chr\u00e9tienne-d\u00e9mocrate (CDU), son alli\u00e9e bavaroise CSU et le SPD du chancelier sortant Olaf Scholz. Depuis sa victoire aux \u00e9lections l\u00e9gislatives du 23\u00a0f\u00e9vrier, le bloc conservateur CDU\u00a0\/CSU de Friedrich\u00a0Merz\u00a0\u00e9tait en discussion avec le parti social-d\u00e9mocrate (SPD) <a href=\"https:\/\/www.liberation.fr\/international\/europe\/elections-legislatives-allemandes-olaf-scholz-loin-detre-le-chouchou-de-bruxelles-20250220_3AMS2NNSU5BY3I2T2LUSPWPT4E\/?redirected=1\" target=\"_blank\" rel=\"nofollow noopener\">du chancelier sortant Olaf Scholz<\/a> pour former un nouvel ex\u00e9cutif d\u2019ici la fin d\u2019avril ou d\u00e9but mai. Les n\u00e9gociations tr\u00e8s d\u00e9taill\u00e9es visaient \u00e0 \u00e9tablir une feuille de route pour les quatre ann\u00e9es \u00e0 venir.<\/p>\n<p class=\"sc-cPiKLX AiZTS text-element\">Alors que le pr\u00e9sident am\u00e9ricain, Donald Trump, ne cesse de chambouler les relations en mati\u00e8re de s\u00e9curit\u00e9 et de commerce mondial, et que <a href=\"https:\/\/www.liberation.fr\/international\/europe\/alice-weidel-dediabolisatrice-en-cheffe-de-lextreme-droite-allemande-20250223_ZQUY4YP7M5BUHASZYAWVACJWV4\/\" target=\"_blank\" rel=\"nofollow noopener\">le parti d\u2019extr\u00eame droite allemand<\/a>, l\u2019AfD, ne cesse de progresser dans les sondages d\u2019opinion, Merz et Scholz ont voulu aller aussi vite que possible.<\/p>\n<p class=\"sc-cPiKLX AiZTS text-element\"><b>Plus d\u2019informations \u00e0 venir<\/b><b>.<\/b><\/p>\n","protected":false},"excerpt":{"rendered":"Plusieurs semaines de n\u00e9gociations auront \u00e9t\u00e9 n\u00e9cessaires pour parvenir \u00e0 cette poign\u00e9e de main. Les conservateurs du chancelier&hellip;\n","protected":false},"author":2,"featured_media":12399,"comment_status":"","ping_status":"","sticky":false,"template":"","format":"standard","meta":{"footnotes":""},"categories":[1587],"tags":[11,672,1804,1805,1803,1777,674,4710,1801,12,1802],"class_list":{"0":"post-12398","1":"post","2":"type-post","3":"status-publish","4":"format-standard","5":"has-post-thumbnail","7":"category-allemagne","8":"tag-actualites","9":"tag-allemagne","10":"tag-bundesrepublik-deutschland","11":"tag-de","12":"tag-deutschland","13":"tag-eu","14":"tag-europe","15":"tag-friedrich-merz","16":"tag-germany","17":"tag-news","18":"tag-republique-federale-dallemagne"},"share_on_mastodon":{"url":"https:\/\/pubeurope.com\/@fr\/114307576949469576","error":""},"_links":{"self":[{"href":"https:\/\/www.europesays.com\/fr\/wp-json\/wp\/v2\/posts\/12398","targetHints":{"allow":["GET"]}}],"collection":[{"href":"https:\/\/www.europesays.com\/fr\/wp-json\/wp\/v2\/posts"}],"about":[{"href":"https:\/\/www.europesays.com\/fr\/wp-json\/wp\/v2\/types\/post"}],"author":[{"embeddable":true,"href":"https:\/\/www.europesays.com\/fr\/wp-json\/wp\/v2\/users\/2"}],"replies":[{"embeddable":true,"href":"https:\/\/www.europesays.com\/fr\/wp-json\/wp\/v2\/comments?post=12398"}],"version-history":[{"count":0,"href":"https:\/\/www.europesays.com\/fr\/wp-json\/wp\/v2\/posts\/12398\/revisions"}],"wp:featuredmedia":[{"embeddable":true,"href":"https:\/\/www.europesays.com\/fr\/wp-json\/wp\/v2\/media\/12399"}],"wp:attachment":[{"href":"https:\/\/www.europesays.com\/fr\/wp-json\/wp\/v2\/media?parent=12398"}],"wp:term":[{"taxonomy":"category","embeddable":true,"href":"https:\/\/www.europesays.com\/fr\/wp-json\/wp\/v2\/categories?post=12398"},{"taxonomy":"post_tag","embeddable":true,"href":"https:\/\/www.europesays.com\/fr\/wp-json\/wp\/v2\/tags?post=12398"}],"curies":[{"name":"wp","href":"https:\/\/api.w.org\/{rel}","templated":true}]}}