{"id":123982,"date":"2025-05-24T07:40:08","date_gmt":"2025-05-24T07:40:08","guid":{"rendered":"https:\/\/www.europesays.com\/fr\/123982\/"},"modified":"2025-05-24T07:40:08","modified_gmt":"2025-05-24T07:40:08","slug":"insolite-atp-geneve-djokovic-a-son-fils-qui-lui-pose-une-question-en-conference-de-presse-je-navais-pas-de-casquette-car-tu-me-les-as-toutes-prises-elles-sont-toutes-dans-ton-placard-et-sa","status":"publish","type":"post","link":"https:\/\/www.europesays.com\/fr\/123982\/","title":{"rendered":"Insolite, ATP &#8211; Gen\u00e8ve > Djokovic, \u00e0 son fils qui lui pose une question en conf\u00e9rence de presse : \u00ab\u00a0Je n&rsquo;avais pas de casquette car tu me les as toutes prises ! Elles sont toutes dans ton placard et sans elles, je ne supporte plus beaucoup le soleil !\u00a0\u00bb"},"content":{"rendered":"<p>Le fils de Novak Djokovic, Stefan, a fait une appa\u00adri\u00adtion surprise en conf\u00e9\u00adrence de presse pour poser une ques\u00adtion \u00e0 son p\u00e8re apr\u00e8s sa victoire contre Cameron Norrie en demi\u2010finales de l\u2019ATP 250 de Gen\u00e8ve.\u00a0<\/p>\n<p>Question\u00a0: \u00ab\u202fComment as\u2010tu support\u00e9 le soleil\u202f?\u202f\u00bb<\/p>\n<p><strong>\u00ab\u202fExcellente ques\u00adtion, Stefan. C\u2019\u00e9tait plus dur, je n\u2019avais pas de casquette car tu me les as toutes prises\u202f! Elles sont toutes dans ton placard et sans elles, je ne supporte plus beau\u00adcoup le soleil\u202f!\u202f\u00bb<\/strong><\/p>\n<blockquote class=\"twitter-tweet\">\n<p lang=\"fr\" dir=\"ltr\">\ud83e\udd23\ud83e\udd23 Conf\u00e9rence de presse de Novak Djokovic, \u00e0 Gen\u00e8ve.<\/p>\n<p>\u00ab\u202fDerni\u00e8re ques\u00adtion en serbe ?\u00ab\u202f<\/p>\n<p>Stefan Djokovic, son fils, prend la parole et lui pose une ques\u00adtion. <\/p>\n<p>Excellent\u202f!<a href=\"https:\/\/t.co\/4ELLwWZNpW\" data-wpel-link=\"external\" target=\"_blank\" rel=\"nofollow external noopener\">pic.twitter.com\/4ELLwWZNpW<\/a><\/p>\n<p>\u2014 Tennis Legend (@TennisLegende) <a href=\"https:\/\/twitter.com\/TennisLegende\/status\/1925987844629115360?ref_src=twsrc%5Etfw\" data-wpel-link=\"external\" target=\"_blank\" rel=\"nofollow external noopener\">May 23,\u00a02025<\/a><\/p><\/blockquote>\n<p>Une s\u00e9quence g\u00e9niale entre Djokovic et son fils, avant de jouer ce samedi en finale contre Hubert Hurkacz, juste avant le d\u00e9but de Roland\u2010Garros (25 mai au 8 juin), pour un 100e titre en carri\u00e8re\u202f!<\/p>\n<p class=\"post-published-date\" style=\"color: silver; font-size: 75%; text-align: left;\">Publi\u00e9 le samedi 24 mai 2025 \u00e0 08:18<\/p>\n<p><script async src=\"https:\/\/platform.twitter.com\/widgets.js\" charset=\"utf-8\"><\/script><\/p>\n","protected":false},"excerpt":{"rendered":"Le fils de Novak Djokovic, Stefan, a fait une appa\u00adri\u00adtion surprise en conf\u00e9\u00adrence de presse pour poser une&hellip;\n","protected":false},"author":2,"featured_media":123983,"comment_status":"","ping_status":"","sticky":false,"template":"","format":"standard","meta":{"footnotes":""},"categories":[1415],"tags":[105,1011,27,60,1467],"class_list":{"0":"post-123982","1":"post","2":"type-post","3":"status-publish","4":"format-standard","5":"has-post-thumbnail","7":"category-tennis","8":"tag-djokovic","9":"tag-fr","10":"tag-france","11":"tag-sports","12":"tag-tennis"},"share_on_mastodon":{"url":"https:\/\/pubeurope.com\/@fr\/114561680865665317","error":""},"_links":{"self":[{"href":"https:\/\/www.europesays.com\/fr\/wp-json\/wp\/v2\/posts\/123982","targetHints":{"allow":["GET"]}}],"collection":[{"href":"https:\/\/www.europesays.com\/fr\/wp-json\/wp\/v2\/posts"}],"about":[{"href":"https:\/\/www.europesays.com\/fr\/wp-json\/wp\/v2\/types\/post"}],"author":[{"embeddable":true,"href":"https:\/\/www.europesays.com\/fr\/wp-json\/wp\/v2\/users\/2"}],"replies":[{"embeddable":true,"href":"https:\/\/www.europesays.com\/fr\/wp-json\/wp\/v2\/comments?post=123982"}],"version-history":[{"count":0,"href":"https:\/\/www.europesays.com\/fr\/wp-json\/wp\/v2\/posts\/123982\/revisions"}],"wp:featuredmedia":[{"embeddable":true,"href":"https:\/\/www.europesays.com\/fr\/wp-json\/wp\/v2\/media\/123983"}],"wp:attachment":[{"href":"https:\/\/www.europesays.com\/fr\/wp-json\/wp\/v2\/media?parent=123982"}],"wp:term":[{"taxonomy":"category","embeddable":true,"href":"https:\/\/www.europesays.com\/fr\/wp-json\/wp\/v2\/categories?post=123982"},{"taxonomy":"post_tag","embeddable":true,"href":"https:\/\/www.europesays.com\/fr\/wp-json\/wp\/v2\/tags?post=123982"}],"curies":[{"name":"wp","href":"https:\/\/api.w.org\/{rel}","templated":true}]}}