{"id":123986,"date":"2025-05-24T07:43:10","date_gmt":"2025-05-24T07:43:10","guid":{"rendered":"https:\/\/www.europesays.com\/fr\/123986\/"},"modified":"2025-05-24T07:43:10","modified_gmt":"2025-05-24T07:43:10","slug":"ca-arrive-souvent-a-dautres","status":"publish","type":"post","link":"https:\/\/www.europesays.com\/fr\/123986\/","title":{"rendered":"\u00c7a arrive souvent \u00e0 d&rsquo;autres"},"content":{"rendered":"<p>Pour la deuxi\u00e8me fois de l&rsquo;ann\u00e9e, apr\u00e8s un incident avec <a href=\"https:\/\/fr.motorsport.com\/driver\/pecco-bagnaia\/109394\/\" target=\"_blank\" rel=\"noopener nofollow\">Pecco Bagnaia<\/a> au Grand Prix de Tha\u00eflande <a href=\"https:\/\/fr.motorsport.com\/motogp\/news\/morbidelli-penalite-bagnaia-merite-thailande\/10699182\/\" rel=\"nofollow noopener\" target=\"_blank\">en ouverture de la saison<\/a>, <a href=\"https:\/\/fr.motorsport.com\/driver\/franco-morbidelli\/109417\/\" target=\"_blank\" rel=\"noopener nofollow\">Franco Morbidelli<\/a> sera <a href=\"https:\/\/fr.motorsport.com\/motogp\/news\/morbidelli-encore-penalise-gene-pilote\/10725730\/\" rel=\"nofollow noopener\" target=\"_blank\">p\u00e9nalis\u00e9 de trois places<\/a> sur la grille de d\u00e9part \u00e0 Silverstone. Il est coupable d&rsquo;avoir g\u00ean\u00e9 <a href=\"https:\/\/fr.motorsport.com\/driver\/marco-bezzecchi\/441839\/\" target=\"_blank\" rel=\"noopener nofollow\">Marco Bezzecchi<\/a> au cours des <a href=\"https:\/\/fr.motorsport.com\/motogp\/news\/essais-alex-marquez-record-quartararo-silverstone\/10725663\/\" rel=\"nofollow noopener\" target=\"_blank\">Essais<\/a>.<\/p>\n<p>Le pilote VR46 a la r\u00e9putation d&rsquo;\u00eatre coutumier du fait et a \u00e9t\u00e9 sanctionn\u00e9 pour la m\u00eame raison \u00e0 deux reprises en 2018, et encore deux fois en 2022, mais il juge cette image injustifi\u00e9e.<\/p>\n<p>\u00a0<\/p>\n<p>S&rsquo;il avait fait amende honorable \u00e0 Buriram, en estimant qu&rsquo;il devait \u00ab\u00a0travailler sur ces choses-l\u00e0\u00a0\u00bb et en reconnaissant qu&rsquo;il \u00e9tait \u00ab\u00a0tr\u00e8s souvent\u00a0\u00bb impliqu\u00e9 dans des incidents de la sorte, Morbidelli estime cette fois que son image l&#8217;emporte sur les faits. \u00c0 ses yeux, il est fr\u00e9quent d&rsquo;\u00eatre g\u00ean\u00e9 par un rival sans que cela ne m\u00e8ne \u00e0 la moindre enqu\u00eate, et il n&rsquo;est pas plus souvent fautif que les autres.<\/p>\n<p>\u00ab\u00a0Je ne dirais pas que [cela se produit] assez fr\u00e9quemment parce que \u00e7a fait deux fois en six courses\u00a0\u00bb, a soulign\u00e9 Morbidelli. \u00ab\u00a0Si on parle de r\u00e9currence, on peut ouvrir le d\u00e9bat. Je suis souvent film\u00e9 quand je fais \u00e7a, parce que je peux vous garantir que \u00e7a arrive souvent \u00e0 d&rsquo;autres pilotes, mais \u00e7a passe entre les mailles du filet. J&rsquo;ai plus compris la s\u00e9quence en Tha\u00eflande, qui \u00e9tait un time attack, mais cette fois, c&rsquo;\u00e9tait en milieu de s\u00e9ance.\u00a0\u00bb<\/p>\n<p>\u00ab\u00a0La p\u00e9nalit\u00e9, c&rsquo;est parce que c&rsquo;est encore moi qui ai encore ce genre de comportement. Si on le pr\u00e9sente comme \u00e7a, j&rsquo;accepte la p\u00e9nalit\u00e9 sans probl\u00e8me, mais \u00e7a ouvre un sujet pour de tr\u00e8s nombreuses occasions quand cela se produit, parce que cela arrive \u00e0 tout le monde d&rsquo;\u00eatre lent sur la trajectoire au milieu d&rsquo;une s\u00e9ance.\u00a0\u00bb<\/p>\n<p>\u00ab\u00a0J&rsquo;ai connu \u00e7a au moins trois ou quatre fois lors de ces six premi\u00e8res courses, mais \u00e7a n&rsquo;a pas \u00e9t\u00e9 film\u00e9, il n&rsquo;y a pas eu de plainte&#8230; C&rsquo;est une situation que j&rsquo;accepte, je le comprends, c&rsquo;est tout.\u00a0\u00bb<\/p>\n<p>Une journ\u00e9e difficile pour Morbidelli<br \/>\n   <img decoding=\"async\" draggable=\"false\" src=\"https:\/\/www.europesays.com\/fr\/wp-content\/uploads\/2025\/05\/1748072590_132_franco-morbidelli-vr46-racing-.jpg\" alt=\"Franco Morbidelli (VR46 Racing Team).\" width=\"1200\" height=\"800\" loading=\"lazy\"\/> <\/p>\n<p class=\"title\">Franco Morbidelli (VR46 Racing Team).<\/p>\n<p class=\"photographer\">Photo de: Media VR46<\/p>\n<p>Cette m\u00e9saventure n&rsquo;a pas \u00e9t\u00e9 la seule pour Franco Morbidelli vendredi. Alors qu&rsquo;il avait pris une deuxi\u00e8me place encourageante en <a href=\"https:\/\/fr.motorsport.com\/motogp\/news\/el1-marc-marquez-dominateur-souci-technique\/10725465\/\" rel=\"nofollow noopener\" target=\"_blank\">EL1<\/a>, une chute pendant les Essais a mis fin \u00e0 sa dynamique. Il n&rsquo;a finalement pris que la 15e place, ce qui l&rsquo;obligera \u00e0 passer par la Q1 pour la deuxi\u00e8me fois de l&rsquo;ann\u00e9e apr\u00e8s Termas de R\u00edo Hondo.<\/p>\n<p>\u00ab\u00a0Une journ\u00e9e difficile. Tout se passait bien puis je suis tomb\u00e9 en Essais, ce qui m&rsquo;a ralenti et m&rsquo;a fait perdre en sensations. Quand je me suis lanc\u00e9 dans le time attack, je n&rsquo;avais pas les sensations pour attaquer beaucoup et entrer directement en Q2. C&rsquo;est dommage mais on essaiera de comprendre ce qu&rsquo;il s&rsquo;est pass\u00e9 et de progresser [ce samedi].\u00a0\u00bb<\/p>\n<p>\u00ab\u00a0En plus, j&rsquo;ai eu [cet] \u00e9pisode avec Marco. Apr\u00e8s l&rsquo;\u00e9pisode en Tha\u00eflande, avec Pecco, j&rsquo;aurai une p\u00e9nalit\u00e9 de trois places pour dimanche. C&rsquo;est un nouveau gros coup dur pour nous. mais ce n&rsquo;est que le vendredi, on essaiera de faire mieux demain.\u00a0\u00bb<\/p>\n<p>\u00a0<\/p>\n<p>Invit\u00e9 \u00e0 expliquer sa chute, Morbidelli a reconnu une erreur de pilotage.\u00a0\u00ab\u00a0J&rsquo;ai essay\u00e9 de freiner en entrant dans le virage et j&rsquo;ai perdu l&rsquo;avant\u00a0\u00bb, a-t-il expliqu\u00e9, en insistant sur les effets d\u00e9l\u00e9t\u00e8res de cette erreur : \u00ab\u00a0Apr\u00e8s la chute, j&rsquo;ai perdu en sensations. Je me suis relanc\u00e9 dans un time attack et, dans ces conditions fra\u00eeches, pour moi c&rsquo;\u00e9tait compliqu\u00e9 de donner 100%.\u00a0\u00bb<\/p>\n<p>Morbidelli \u00e9tait pourtant sur la bonne voie avant son erreur\u00a0: \u00ab\u00a0Je me sentais plut\u00f4t bien. J&rsquo;\u00e9tais en confiance. C&rsquo;est s\u00fbr qu&rsquo;il y avait des choses \u00e0 ajuster mais je me sentais plut\u00f4t bien, je travaillais sur le rythme de course et \u00e7a se passait bien, puis j&rsquo;ai soudainement perdu l&rsquo;avant. \u00c0 partir de l\u00e0, les probl\u00e8mes ont commenc\u00e9.\u00a0\u00bb<\/p>\n<p>Lire aussi :<\/p>\n<\/p>\n<\/p>\n<p>Dans cet article<\/p>\n<p>    Vincent Lalanne-Sicaud\n<\/p>\n<p>    MotoGP\n<\/p>\n<p>    Franco Morbidelli\n<\/p>\n<p>    Team VR46\n<\/p>\n<p>Soyez le premier inform\u00e9 et souscrivez aux alertes mails pour recevoir les infos en temps r\u00e9el<\/p>\n<p>    S&rsquo;abonner aux alertes de news<\/p>\n","protected":false},"excerpt":{"rendered":"Pour la deuxi\u00e8me fois de l&rsquo;ann\u00e9e, apr\u00e8s un incident avec Pecco Bagnaia au Grand Prix de Tha\u00eflande en&hellip;\n","protected":false},"author":2,"featured_media":123987,"comment_status":"","ping_status":"","sticky":false,"template":"","format":"standard","meta":{"footnotes":""},"categories":[1412],"tags":[1451,1452,1453,1454,1455,1011,27,7985,23124,1458,23125,60,7276],"class_list":{"0":"post-123986","1":"post","2":"type-post","3":"status-publish","4":"format-standard","5":"has-post-thumbnail","7":"category-f1","8":"tag-f1","9":"tag-formula-1","10":"tag-formula1","11":"tag-formule-1","12":"tag-formule1","13":"tag-fr","14":"tag-france","15":"tag-franco-morbidelli","16":"tag-gp-de-grande-bretagne","17":"tag-motogp","18":"tag-silverstone","19":"tag-sports","20":"tag-team-vr46"},"share_on_mastodon":{"url":"https:\/\/pubeurope.com\/@fr\/114561692807219577","error":""},"_links":{"self":[{"href":"https:\/\/www.europesays.com\/fr\/wp-json\/wp\/v2\/posts\/123986","targetHints":{"allow":["GET"]}}],"collection":[{"href":"https:\/\/www.europesays.com\/fr\/wp-json\/wp\/v2\/posts"}],"about":[{"href":"https:\/\/www.europesays.com\/fr\/wp-json\/wp\/v2\/types\/post"}],"author":[{"embeddable":true,"href":"https:\/\/www.europesays.com\/fr\/wp-json\/wp\/v2\/users\/2"}],"replies":[{"embeddable":true,"href":"https:\/\/www.europesays.com\/fr\/wp-json\/wp\/v2\/comments?post=123986"}],"version-history":[{"count":0,"href":"https:\/\/www.europesays.com\/fr\/wp-json\/wp\/v2\/posts\/123986\/revisions"}],"wp:featuredmedia":[{"embeddable":true,"href":"https:\/\/www.europesays.com\/fr\/wp-json\/wp\/v2\/media\/123987"}],"wp:attachment":[{"href":"https:\/\/www.europesays.com\/fr\/wp-json\/wp\/v2\/media?parent=123986"}],"wp:term":[{"taxonomy":"category","embeddable":true,"href":"https:\/\/www.europesays.com\/fr\/wp-json\/wp\/v2\/categories?post=123986"},{"taxonomy":"post_tag","embeddable":true,"href":"https:\/\/www.europesays.com\/fr\/wp-json\/wp\/v2\/tags?post=123986"}],"curies":[{"name":"wp","href":"https:\/\/api.w.org\/{rel}","templated":true}]}}