{"id":123996,"date":"2025-05-24T07:48:08","date_gmt":"2025-05-24T07:48:08","guid":{"rendered":"https:\/\/www.europesays.com\/fr\/123996\/"},"modified":"2025-05-24T07:48:08","modified_gmt":"2025-05-24T07:48:08","slug":"faille-de-fiancailles-liberation","status":"publish","type":"post","link":"https:\/\/www.europesays.com\/fr\/123996\/","title":{"rendered":"faille de fian\u00e7ailles \u2013 Lib\u00e9ration"},"content":{"rendered":"<p class=\"sc-ksZaOG ehjQrN text-element\">\u00abHonn\u00eatement, j\u2019ai du mal \u00e0 savoir ce que je veux.\u00bb C\u2019est le vertige de la libert\u00e9 et de l\u2019illusion amoureuses qu\u2019autopsie la jeune \u00e9crivaine irlandaise Naoise Dolan dans The Happy Couple, titre vendeur et ironique dans lequel il faut entendre \u00e0 peu pr\u00e8s le contraire, mais pas totalement, puisque si Luke et Celine entretiennent l\u2019apparence du bonheur pour la galerie, ils le font aussi pour se rassurer eux-m\u00eames. Ils sont catholiques et lib\u00e9r\u00e9s \u00e0 la fois ; l\u2019alliance des contraires est l\u2019un des motifs de ce livre qui prend l\u2019allure d\u2019une com\u00e9die romantique enlev\u00e9e et agr\u00e9able. Les h\u00e9ros sont sur le point de se marier alors que tout leur indique qu\u2019ils devraient se fuir l\u2019un l\u2019autre : Luke \u00e9tait absent \u00e0 ses propres fian\u00e7ailles et ses \u00abex\u00bb masculins et f\u00e9minins sont omnipr\u00e9sents dans sa vie. Le catalogue des signaux n\u00e9gatifs, les \u00abred flag\u00bb, comme disent les personnages, n\u2019est pas close. La pers\u00e9v\u00e9rance dans l\u2019erreur en mati\u00e8re de relations amoureuses n\u2019est pas un sujet in\u00e9dit ni aboli par la fin des unions arrang\u00e9es, mais Naoise Dolan parvient \u00e0 faire du contemporain avec de l\u2019archa\u00efque. The Happy Couple est un texte tr\u00e8s vif qui indique parfois trop sa capacit\u00e9 \u00e0 attraper l\u2019\u00e9poque et ses tics, mais le lecteur ne doit pas bouder son plaisir pour autant.<\/p>\n","protected":false},"excerpt":{"rendered":"\u00abHonn\u00eatement, j\u2019ai du mal \u00e0 savoir ce que je veux.\u00bb C\u2019est le vertige de la libert\u00e9 et de&hellip;\n","protected":false},"author":2,"featured_media":123997,"comment_status":"","ping_status":"","sticky":false,"template":"","format":"standard","meta":{"footnotes":""},"categories":[1357],"tags":[1379,10488,58,59,1011,27,516,1380],"class_list":{"0":"post-123996","1":"post","2":"type-post","3":"status-publish","4":"format-standard","5":"has-post-thumbnail","7":"category-livres","8":"tag-books","9":"tag-cahier-livres","10":"tag-divertissement","11":"tag-entertainment","12":"tag-fr","13":"tag-france","14":"tag-irlande","15":"tag-livres"},"share_on_mastodon":{"url":"https:\/\/pubeurope.com\/@fr\/114561712360771905","error":""},"_links":{"self":[{"href":"https:\/\/www.europesays.com\/fr\/wp-json\/wp\/v2\/posts\/123996","targetHints":{"allow":["GET"]}}],"collection":[{"href":"https:\/\/www.europesays.com\/fr\/wp-json\/wp\/v2\/posts"}],"about":[{"href":"https:\/\/www.europesays.com\/fr\/wp-json\/wp\/v2\/types\/post"}],"author":[{"embeddable":true,"href":"https:\/\/www.europesays.com\/fr\/wp-json\/wp\/v2\/users\/2"}],"replies":[{"embeddable":true,"href":"https:\/\/www.europesays.com\/fr\/wp-json\/wp\/v2\/comments?post=123996"}],"version-history":[{"count":0,"href":"https:\/\/www.europesays.com\/fr\/wp-json\/wp\/v2\/posts\/123996\/revisions"}],"wp:featuredmedia":[{"embeddable":true,"href":"https:\/\/www.europesays.com\/fr\/wp-json\/wp\/v2\/media\/123997"}],"wp:attachment":[{"href":"https:\/\/www.europesays.com\/fr\/wp-json\/wp\/v2\/media?parent=123996"}],"wp:term":[{"taxonomy":"category","embeddable":true,"href":"https:\/\/www.europesays.com\/fr\/wp-json\/wp\/v2\/categories?post=123996"},{"taxonomy":"post_tag","embeddable":true,"href":"https:\/\/www.europesays.com\/fr\/wp-json\/wp\/v2\/tags?post=123996"}],"curies":[{"name":"wp","href":"https:\/\/api.w.org\/{rel}","templated":true}]}}