{"id":123998,"date":"2025-05-24T07:49:10","date_gmt":"2025-05-24T07:49:10","guid":{"rendered":"https:\/\/www.europesays.com\/fr\/123998\/"},"modified":"2025-05-24T07:49:10","modified_gmt":"2025-05-24T07:49:10","slug":"pres-de-lyon-vu-sur-cauchemar-en-cuisine-alexis-dechante-une-immense-tristesse","status":"publish","type":"post","link":"https:\/\/www.europesays.com\/fr\/123998\/","title":{"rendered":"Pr\u00e8s de Lyon. Vu sur Cauchemar en cuisine, Alexis d\u00e9chante : \u00ab\u00a0Une immense tristesse\u00a0\u00bb"},"content":{"rendered":"<p>            Par<br \/>\n        <strong><br \/>\n            <a href=\"https:\/\/actu.fr\/auteur\/anthony-soudani\" title=\"Consulter tous les articles de Anthony Soudani\" target=\"_blank\" rel=\"noopener\">Anthony Soudani<\/a><br \/>\n        <\/strong><\/p>\n<p>        Publi\u00e9 le<\/p>\n<p>            24 mai 2025 \u00e0 7h18        <\/p>\n<p>Alexis n\u2019aura pas tenu longtemps. Apr\u00e8s avoir <a href=\"https:\/\/actu.fr\/auvergne-rhone-alpes\/thoissey_01420\/pres-de-lyon-alexis-fait-cauchemar-en-cuisine-et-revele-les-coulisses-de-l-emission_61763212.html\" target=\"_blank\" rel=\"noopener\">particip\u00e9 \u00e0 Cauchemar en Cuisine en 2024<\/a>, le cr\u00eapier de Thoissey (Ain), situ\u00e9 entre <a href=\"https:\/\/actu.fr\/lyon\/\" target=\"_blank\" rel=\"noopener\">Lyon<\/a> et M\u00e2con, a \u00e9t\u00e9 oblig\u00e9 de mettre la cl\u00e9 sous la porte, et ce, malgr\u00e9 l\u2019aide du c\u00e9l\u00e8bre chef<strong> Philippe Etchebest.<\/strong> L\u2019Aindinois \u00e9tait plein d\u2019espoir apr\u00e8s l\u2019\u00e9mission. Quelques semaines plus tard, c\u2019est la douche froide.<\/p>\n<p class=\" wall-content\">\u00ab\u00a0C\u2019est avec une immense tristesse que je vous annonce la fermeture d\u00e9finitive de la cr\u00eaperie chez le p\u00e8re Alex. <strong>Cette d\u00e9cision n\u2019a pas \u00e9t\u00e9 facile \u00e0 prendre<\/strong>, car j\u2019aurais aim\u00e9 continuer \u00e0 partager encore de nombreux moments avec vous, autour de ma cuisine et de votre convivialit\u00e9 qui m\u2019ont tant enrichis\u00a0\u00bb, \u00e9crit le restaurateur sur Facebook d\u00e9but d\u00e9cembre 2024.\u00a0<\/p>\n<p>L\u2019\u00e9pisode rediffus\u00e9 jeudi, Alexis \u00e9tait plein d\u2019espoir<\/p>\n<p class=\" wall-content\">L\u2019\u00e9pisode concernant son restaurant \u00ab\u00a0Chez le p\u00e8re Alex\u00a0\u00bb a \u00e9t\u00e9 rediffus\u00e9 jeudi 22 mai.<\/p>\n<p class=\" wall-content\">Alexis faisait face au remboursement difficile de dettes au moment o\u00f9 il a fait appel \u00e0 l\u2019aide de Philippe Etchebest. Il confiait en octobre dernier sur actu Lyon les coulisses de l\u2019\u00e9mission et la mani\u00e8re dont le chef embl\u00e9matique de M6 l\u2019avait remis sur les rails.<\/p>\n<blockquote class=\"ac-article-quote wall-content\">\n<p>On se laisse entra\u00eener par la vague de l&rsquo;\u00e9mission. Le jour o\u00f9 Philippe Etchebest est venu, j&rsquo;avais l&rsquo;impression d&rsquo;\u00eatre dans un film ou plut\u00f4t dans un cauchemar. Je ne savais plus ce qui se passait quand je suis rentr\u00e9 chez moi. Puis, on r\u00e9alise qu&rsquo;on est bien dans l&rsquo;\u00e9mission et qu&rsquo;on est l\u00e0 pour se rebooster.<\/p>\n<p>    <strong>Alexis<\/strong><br \/>\n        Participant de Cauchemar en cuisine    <\/p><\/blockquote>\n<p class=\" wall-content\">Il attendait beaucoup de ce tournant dans sa vie. \u00ab Nous avons ferm\u00e9 ce week-end pour voir les retomb\u00e9es de l\u2019\u00e9mission. C\u2019est \u00e0 80% positif, m\u00eame s\u2019il y a toujours des critiques. Nous avons eu une r\u00e9servation pour l\u2019instant \u00bb, nous glissait-il \u00e0 la suite de la premi\u00e8re diffusion sur M6.<\/p>\n<p>\u00ab\u00a0La vie me pousse aujourd\u2019hui \u00e0 tourner cette page\u00a0\u00bb<\/p>\n<p class=\" wall-content\">Un optimisme qui est finalement vite retomb\u00e9 face \u00e0 la r\u00e9alit\u00e9.\u00a0\u00ab\u00a0Malheureusement, la vie me pousse aujourd\u2019hui \u00e0 tourner cette page. Je tenais \u00e0 vous remercier du fond du c\u0153ur pour votre fid\u00e9lit\u00e9, votre soutien, et tous les souvenirs inoubliables que nous avons cr\u00e9\u00e9s ensemble.\u00a0\u00bb<\/p>\n<p class=\" wall-content\">Alexis n\u2019a cependant pas fait ses adieux complets. \u00ab\u00a0Si l\u2019occasion se pr\u00e9sente, <strong>j\u2019aimerais organiser des soir\u00e9es ou des \u00e9v\u00e9nements<\/strong> ponctuels pour continuer \u00e0 c\u00e9l\u00e9brer les bons moments avec vous.\u00a0\u00bb<\/p>\n<p class=\" wall-content\">Il a \u00e9galement ajout\u00e9 un mot pour Elodie Ebeyer, sa serveuse dans l\u2019\u00e9tablissement : \u00ab\u00a0Merci d\u2019avoir partag\u00e9 cette aventure avec moi.\u00a0\u00bb<\/p>\n<p class=\" wall-content\">Suivez toute l\u2019actualit\u00e9 de vos villes et m\u00e9dias favoris en vous inscrivant \u00e0 <a href=\"https:\/\/moncompte.actu.fr\" title=\"D\u00e9couvez Mon Actu\" rel=\"nofollow noopener\" data-trk=\"{&quot;cta&quot;:{&quot;action&quot;:&quot;https:\\\/\\\/moncompte.actu.fr&quot;,&quot;category&quot;:&quot;mon compte&quot;,&quot;from&quot;:&quot;article footer&quot;,&quot;name&quot;:&quot;Mon actu&quot;,&quot;type&quot;:&quot;cta&quot;}}\" target=\"_blank\">Mon Actu<\/a>.<\/p>\n","protected":false},"excerpt":{"rendered":"Par Anthony Soudani Publi\u00e9 le 24 mai 2025 \u00e0 7h18 Alexis n\u2019aura pas tenu longtemps. Apr\u00e8s avoir particip\u00e9&hellip;\n","protected":false},"author":2,"featured_media":123999,"comment_status":"","ping_status":"","sticky":false,"template":"","format":"standard","meta":{"footnotes":""},"categories":[1356],"tags":[58,59,1011,27,5387,1340,104,252,1364],"class_list":{"0":"post-123998","1":"post","2":"type-post","3":"status-publish","4":"format-standard","5":"has-post-thumbnail","7":"category-television","8":"tag-divertissement","9":"tag-entertainment","10":"tag-fr","11":"tag-france","12":"tag-philippe-etchebest","13":"tag-restaurant","14":"tag-societe","15":"tag-television","16":"tag-tv"},"share_on_mastodon":{"url":"https:\/\/pubeurope.com\/@fr\/114561716479331318","error":""},"_links":{"self":[{"href":"https:\/\/www.europesays.com\/fr\/wp-json\/wp\/v2\/posts\/123998","targetHints":{"allow":["GET"]}}],"collection":[{"href":"https:\/\/www.europesays.com\/fr\/wp-json\/wp\/v2\/posts"}],"about":[{"href":"https:\/\/www.europesays.com\/fr\/wp-json\/wp\/v2\/types\/post"}],"author":[{"embeddable":true,"href":"https:\/\/www.europesays.com\/fr\/wp-json\/wp\/v2\/users\/2"}],"replies":[{"embeddable":true,"href":"https:\/\/www.europesays.com\/fr\/wp-json\/wp\/v2\/comments?post=123998"}],"version-history":[{"count":0,"href":"https:\/\/www.europesays.com\/fr\/wp-json\/wp\/v2\/posts\/123998\/revisions"}],"wp:featuredmedia":[{"embeddable":true,"href":"https:\/\/www.europesays.com\/fr\/wp-json\/wp\/v2\/media\/123999"}],"wp:attachment":[{"href":"https:\/\/www.europesays.com\/fr\/wp-json\/wp\/v2\/media?parent=123998"}],"wp:term":[{"taxonomy":"category","embeddable":true,"href":"https:\/\/www.europesays.com\/fr\/wp-json\/wp\/v2\/categories?post=123998"},{"taxonomy":"post_tag","embeddable":true,"href":"https:\/\/www.europesays.com\/fr\/wp-json\/wp\/v2\/tags?post=123998"}],"curies":[{"name":"wp","href":"https:\/\/api.w.org\/{rel}","templated":true}]}}