{"id":12400,"date":"2025-04-09T10:39:10","date_gmt":"2025-04-09T10:39:10","guid":{"rendered":"https:\/\/www.europesays.com\/fr\/12400\/"},"modified":"2025-04-09T10:39:10","modified_gmt":"2025-04-09T10:39:10","slug":"alors-que-les-mines-font-leur-retour-en-europe-lukraine-se-demene-pour-decontaminer-30-de-son-territoire","status":"publish","type":"post","link":"https:\/\/www.europesays.com\/fr\/12400\/","title":{"rendered":"Alors que les mines font leur retour en Europe, l\u2019Ukraine se d\u00e9m\u00e8ne pour d\u00e9contaminer 30% de son territoire"},"content":{"rendered":"<p>              <a tabindex=\"-1\" title=\"Camille Pagella\" href=\"https:\/\/www.letemps.ch\/profil\/camille-pagella\" target=\"_blank\" rel=\"noopener\"><\/p>\n<p>                    <img decoding=\"async\" src=\"https:\/\/www.europesays.com\/fr\/wp-content\/uploads\/2025\/04\/1744195150_499_small.jpeg\" class=\"lazy\" alt=\"\"\/><\/p>\n<p><\/a>        <\/p>\n<p>    Publi\u00e9 le 09 avril 2025 \u00e0 12:37.<\/p>\n<p> 4 min. de lecture<\/p>\n<p class=\"article__abstract-call-to-action\" data-ariato=\"TrackableElement\" data-trackable-element-type=\"article_abstract_cta\" data-trackable-element-location=\"article_header\" data-trackable-element-id=\"491067\">\n          <a data-event=\"click-&gt;clicked\" href=\"https:\/\/www.letemps.ch\/abonnements\" target=\"_blank\" rel=\"noopener\">Abonnez-vous<\/a> pour acc\u00e9der au r\u00e9sum\u00e9 en 20 secondes.\n        <\/p>\n<p>L\u2019Ukraine est devenue le plus grand champ de mines du monde. \u00abC\u2019est une comp\u00e9tition \u00e9trange quand on y pense, soupire Ihor Bezkaravainyi, le sous-ministre de l\u2019Economie ukrainienne charg\u00e9 du dossier. Je pr\u00e9f\u00e8re parler du pays le plus affect\u00e9. Et oui, j\u2019ai bien peur que ce soit vrai.\u00bb<\/p>\n<p>Dans une salle du troisi\u00e8me \u00e9tage du Centre international de conf\u00e9rences \u00e0 Gen\u00e8ve, le haut fonctionnaire ukrainien, qui a lui-m\u00eame perdu une partie de sa jambe gauche \u00e0 cause d\u2019une mine russe lors d\u2019un combat dans le Donbass en 2015, commence une semaine marathon. Ce mercredi s&rsquo;ouvre \u00e0 Gen\u00e8ve, le plus grand rassemblement mondial annuel sur la lutte antimine sous l\u2019\u00e9gide du Service d\u2019action contre les mines de l\u2019ONU (UNMAS) et du Centre international de d\u00e9minage humanitaire de Gen\u00e8ve (CIDHG).<\/p>\n<p>    Le reste de l\u2019article est r\u00e9serv\u00e9 \u00e0 nos abonn\u00e9s.<\/p>\n<p>&#13;<br \/>\nRejoignez une communaut\u00e9 de lecteurs engag\u00e9s et curieux. Acc\u00e9dez \u00e0 l\u2019information de qualit\u00e9 d\u00e8s CHF 29.- par mois.<\/p>\n<p>    <a class=\"button is-secondary\" data-event=\"click-&gt;clicked\" href=\"https:\/\/www.letemps.ch\/abonnements?wall_id=1\" target=\"_blank\" rel=\"noopener\">Je m\u2019abonne<\/a><\/p>\n<p class=\"post-subscribe__login\">\n        Vous avez d\u00e9j\u00e0 un compte ?<br \/>\n        <a class=\"link\" rel=\"nofollow noopener\" href=\"https:\/\/www.letemps.ch\/compte\/connexion?return_to=https%3A%2F%2Fwww.letemps.ch%2Fmonde%2Feurope%2Falors-que-les-mines-font-leur-retour-en-europe-l-ukraine-se-demene-pour-decontaminer-30-de-son-territoire\" target=\"_blank\">Se connecter<\/a>\n      <\/p>\n","protected":false},"excerpt":{"rendered":"Publi\u00e9 le 09 avril 2025 \u00e0 12:37. 4 min. de lecture Abonnez-vous pour acc\u00e9der au r\u00e9sum\u00e9 en 20&hellip;\n","protected":false},"author":2,"featured_media":12401,"comment_status":"","ping_status":"","sticky":false,"template":"","format":"standard","meta":{"footnotes":""},"categories":[1586],"tags":[11,1777,674,1011,27,12,301,25,220],"class_list":{"0":"post-12400","1":"post","2":"type-post","3":"status-publish","4":"format-standard","5":"has-post-thumbnail","7":"category-europe","8":"tag-actualites","9":"tag-eu","10":"tag-europe","11":"tag-fr","12":"tag-france","13":"tag-news","14":"tag-premium","15":"tag-republique-francaise","16":"tag-ukraine"},"share_on_mastodon":{"url":"https:\/\/pubeurope.com\/@fr\/114307580785178191","error":""},"_links":{"self":[{"href":"https:\/\/www.europesays.com\/fr\/wp-json\/wp\/v2\/posts\/12400","targetHints":{"allow":["GET"]}}],"collection":[{"href":"https:\/\/www.europesays.com\/fr\/wp-json\/wp\/v2\/posts"}],"about":[{"href":"https:\/\/www.europesays.com\/fr\/wp-json\/wp\/v2\/types\/post"}],"author":[{"embeddable":true,"href":"https:\/\/www.europesays.com\/fr\/wp-json\/wp\/v2\/users\/2"}],"replies":[{"embeddable":true,"href":"https:\/\/www.europesays.com\/fr\/wp-json\/wp\/v2\/comments?post=12400"}],"version-history":[{"count":0,"href":"https:\/\/www.europesays.com\/fr\/wp-json\/wp\/v2\/posts\/12400\/revisions"}],"wp:featuredmedia":[{"embeddable":true,"href":"https:\/\/www.europesays.com\/fr\/wp-json\/wp\/v2\/media\/12401"}],"wp:attachment":[{"href":"https:\/\/www.europesays.com\/fr\/wp-json\/wp\/v2\/media?parent=12400"}],"wp:term":[{"taxonomy":"category","embeddable":true,"href":"https:\/\/www.europesays.com\/fr\/wp-json\/wp\/v2\/categories?post=12400"},{"taxonomy":"post_tag","embeddable":true,"href":"https:\/\/www.europesays.com\/fr\/wp-json\/wp\/v2\/tags?post=12400"}],"curies":[{"name":"wp","href":"https:\/\/api.w.org\/{rel}","templated":true}]}}