{"id":124004,"date":"2025-05-24T07:52:08","date_gmt":"2025-05-24T07:52:08","guid":{"rendered":"https:\/\/www.europesays.com\/fr\/124004\/"},"modified":"2025-05-24T07:52:08","modified_gmt":"2025-05-24T07:52:08","slug":"en-espagne-des-chercheurs-recrutent-10-000-personnes-pour-boire-du-vin-tous-les-jours-pendant-4-ans","status":"publish","type":"post","link":"https:\/\/www.europesays.com\/fr\/124004\/","title":{"rendered":"En Espagne, des chercheurs recrutent 10.000 personnes pour boire du vin tous les jours pendant 4 ans"},"content":{"rendered":"<p>Et si boire du vin pouvait aider la science\u00a0? Voici le pari de l\u2019universit\u00e9 de Navarre, en Espagne, qui lance une \u00e9tude pour comprendre l\u2019impact de la consommation d\u2019alcool sur la sant\u00e9.<\/p>\n<p class=\"fig-paragraph\">Depuis des ann\u00e9es, le lien entre\u00a0<a href=\"http:\/\/avis-vin.lefigaro.fr\/economie-du-vin\/une-baisse-generationnelle-la-consommation-mondiale-de-vin-au-plus-bas-depuis-1961-20250416\" target=\"_blank\" data-fig-type=\"NewsFlash\" rel=\"noopener\" data-gtm-custom-categorie=\"navigation\" data-gtm-custom-action=\"crossclick\" data-gtm-custom-label=\"Contextuel\" data-gtm-event=\"customEventSPE\" data-fig-domain=\"AVIS_VIN\">consommation de vin<\/a>\u00a0et sant\u00e9 fait d\u00e9bat, au point d\u2019entendre tout et son contraire\u00a0: un jour, le moindre verre serait fatal, alors que l\u2019on peut aussi entendre que boire un verre de vin par jour r\u00e9duirait le\u00a0<a href=\"https:\/\/sante.lefigaro.fr\/actualite\/2015\/08\/21\/24030-vin-est-bon-pour-coeura-faible-dose\" target=\"_blank\" data-fig-type=\"Article\" rel=\"noopener\" data-gtm-custom-categorie=\"navigation\" data-gtm-custom-action=\"crossclick\" data-gtm-custom-label=\"Contextuel\" data-gtm-event=\"customEventSPE\" data-fig-domain=\"SANTE\">risque de maladies cardiaques<\/a>. Pour trancher, l\u2019universit\u00e9 de Navarre, en Espagne, lance UNATI (University of Navarra Alumni Trialist Initiative), une \u00e9tude qui entend suivre pendant quatre ans deux groupes distincts\u00a0: l\u2019un totalement abstinent, l\u2019autre consommant du vin de mani\u00e8re mod\u00e9r\u00e9e, selon des recommandations nutritionnelles pr\u00e9cises.<\/p>\n<p class=\"fig-paragraph\">Financ\u00e9e \u00e0 hauteur de 2,4 millions d\u2019euros par le Conseil europ\u00e9en de la recherche, l\u2019\u00e9tude ne d\u00e9pend d\u2019aucun acteur de l\u2019industrie de l\u2019alcool, ce qui garantit une objectivit\u00e9 totale dans l\u2019analyse des r\u00e9sultats. Dirig\u00e9e par le professeur Miguel \u00c1ngel Mart\u00ednez-Gonz\u00e1lez, sp\u00e9cialiste de renomm\u00e9e mondiale dans les domaines de la pr\u00e9vention et de la nutrition, l\u2019\u00e9tude a pour but de v\u00e9rifier si le vin rouge pr\u00e9sente une \u00e9ventuelle protection contre les maladies du c\u0153ur.<\/p>\n<p class=\"fig-paragraph\">Les chercheurs analyseront \u00e9galement si la consommation mod\u00e9r\u00e9e d\u2019alcool augmente le risque de\u00a0<a href=\"http:\/\/sante.lefigaro.fr\/social\/sante-publique\/l-alcool-augmente-le-risque-de-developper-six-types-de-cancer-20241003\" data-fig-type=\"Article\" data-gtm-custom-categorie=\"navigation\" data-gtm-custom-action=\"crossclick\" data-gtm-custom-label=\"Contextuel\" data-gtm-event=\"customEventSPE\" data-fig-domain=\"SANTE\" target=\"_blank\" rel=\"noopener\">d\u00e9velopper certains cancers<\/a>, un point r\u00e9guli\u00e8rement soulev\u00e9 dans les \u00e9tudes. Sans oublier d\u2019analyser les effets potentiels d\u2019une consommation mod\u00e9r\u00e9e sur le bien-\u00eatre psychologique, la\u00a0<a href=\"https:\/\/avis-vin.lefigaro.fr\/connaitre-deguster\/o153120-reves-et-cauchemars-comment-le-vin-influence-t-il-votre-sommeil\" target=\"_blank\" data-fig-type=\"Article\" rel=\"noopener\" data-gtm-custom-categorie=\"navigation\" data-gtm-custom-action=\"crossclick\" data-gtm-custom-label=\"Contextuel\" data-gtm-event=\"customEventSPE\" data-fig-domain=\"AVIS_VIN\">qualit\u00e9 du sommeil<\/a>\u00a0et les maladies chroniques.<\/p>\n<p><strong>Une consommation mod\u00e9r\u00e9e et encadr\u00e9e<\/strong><\/p>\n<p class=\"fig-paragraph\">Contrairement \u00e0 ce que l\u2019on pourrait croire, cette exp\u00e9rience ne consiste pas \u00e0 boire librement sans suivi. Chaque participant s\u2019engage \u00e0 suivre un protocole pr\u00e9cis, con\u00e7u par une \u00e9quipe de m\u00e9decins, nutritionnistes et chercheurs. Le but recherch\u00e9 est de comparer les effets d\u2019une abstinence totale avec ceux d\u2019une consommation mod\u00e9r\u00e9e dans le cadre d\u2019un r\u00e9gime m\u00e9diterran\u00e9en, reconnu pour ses effets positifs sur la sant\u00e9 cardiovasculaire.<\/p>\n<p class=\"fig-paragraph\">Le programme pr\u00e9voit plusieurs \u00e9tapes\u00a0: deux questionnaires approfondis (au d\u00e9but et \u00e0 la fin de l\u2019\u00e9tude), des bilans r\u00e9guliers portant sur le poids, les marqueurs de sant\u00e9, l\u2019\u00e9tat psychologique et la qualit\u00e9 de vie, un suivi m\u00e9dical tous les trois mois, effectu\u00e9 en ligne dans la majorit\u00e9 des cas, et des r\u00e9unions virtuelles avec les autres participants.<\/p>\n<p class=\"fig-body-link\">\n            \u00c0 lire aussi<br \/>\n        <a class=\"fig-body-link__link\" href=\"https:\/\/avis-vin.lefigaro.fr\/connaitre-deguster\/o153136-le-vin-fait-il-maigrir\" target=\"_blank\" data-fig-type=\"Article\" rel=\"noopener\" data-gtm-custom-categorie=\"navigation\" data-gtm-custom-action=\"crossclick\" data-gtm-custom-label=\"Contextuel\" data-gtm-event=\"customEventSPE\" data-fig-domain=\"AVIS_VIN\">Le vin fait-il maigrir\u00a0?<br \/>\n    <\/a>\n<\/p>\n<p class=\"fig-paragraph\">Pour mener \u00e0 bien cette exp\u00e9rience, les chercheurs ont besoin de 10 000 participants. \u00c0 ce jour, plus de 4 000 personnes ont d\u00e9j\u00e0 r\u00e9pondu pr\u00e9sent, mais il en manque 6 000 avant juin 2025. Le profil recherch\u00e9\u00a0? Des personnes habitant en Espagne, d\u00e9j\u00e0 consommatrices d\u2019alcool (au moins trois boissons par semaine), \u00e2g\u00e9es de 50 \u00e0 70 ans pour les hommes et de 55 \u00e0 75 ans pour les femmes. Pour participer, il suffit de remplir un formulaire disponible en ligne via le site officiel du projet. Les candidats doivent s\u2019engager \u00e0 respecter les crit\u00e8res d\u2019\u00e2ge et de consommation, et \u00e0 suivre les recommandations pendant toute la dur\u00e9e de l\u2019\u00e9tude.<\/p>\n","protected":false},"excerpt":{"rendered":"Et si boire du vin pouvait aider la science\u00a0? Voici le pari de l\u2019universit\u00e9 de Navarre, en Espagne,&hellip;\n","protected":false},"author":2,"featured_media":124005,"comment_status":"","ping_status":"","sticky":false,"template":"","format":"standard","meta":{"footnotes":""},"categories":[10],"tags":[11197,7078,4464,1011,27,4463,72,71,1662],"class_list":{"0":"post-124004","1":"post","2":"type-post","3":"status-publish","4":"format-standard","5":"has-post-thumbnail","7":"category-sante","8":"tag-economie-du-vin","9":"tag-etude","10":"tag-figaro-vin","11":"tag-fr","12":"tag-france","13":"tag-guide","14":"tag-health","15":"tag-sante","16":"tag-vin"},"share_on_mastodon":{"url":"https:\/\/pubeurope.com\/@fr\/114561728400208899","error":""},"_links":{"self":[{"href":"https:\/\/www.europesays.com\/fr\/wp-json\/wp\/v2\/posts\/124004","targetHints":{"allow":["GET"]}}],"collection":[{"href":"https:\/\/www.europesays.com\/fr\/wp-json\/wp\/v2\/posts"}],"about":[{"href":"https:\/\/www.europesays.com\/fr\/wp-json\/wp\/v2\/types\/post"}],"author":[{"embeddable":true,"href":"https:\/\/www.europesays.com\/fr\/wp-json\/wp\/v2\/users\/2"}],"replies":[{"embeddable":true,"href":"https:\/\/www.europesays.com\/fr\/wp-json\/wp\/v2\/comments?post=124004"}],"version-history":[{"count":0,"href":"https:\/\/www.europesays.com\/fr\/wp-json\/wp\/v2\/posts\/124004\/revisions"}],"wp:featuredmedia":[{"embeddable":true,"href":"https:\/\/www.europesays.com\/fr\/wp-json\/wp\/v2\/media\/124005"}],"wp:attachment":[{"href":"https:\/\/www.europesays.com\/fr\/wp-json\/wp\/v2\/media?parent=124004"}],"wp:term":[{"taxonomy":"category","embeddable":true,"href":"https:\/\/www.europesays.com\/fr\/wp-json\/wp\/v2\/categories?post=124004"},{"taxonomy":"post_tag","embeddable":true,"href":"https:\/\/www.europesays.com\/fr\/wp-json\/wp\/v2\/tags?post=124004"}],"curies":[{"name":"wp","href":"https:\/\/api.w.org\/{rel}","templated":true}]}}