{"id":124025,"date":"2025-05-24T08:04:10","date_gmt":"2025-05-24T08:04:10","guid":{"rendered":"https:\/\/www.europesays.com\/fr\/124025\/"},"modified":"2025-05-24T08:04:10","modified_gmt":"2025-05-24T08:04:10","slug":"grand-nancy-un-deuxieme-phallus-de-titan-va-fleurir-au-jardin-botanique-une-premiere-en-france","status":"publish","type":"post","link":"https:\/\/www.europesays.com\/fr\/124025\/","title":{"rendered":"Grand Nancy. Un deuxi\u00e8me \u00ab\u00a0Phallus de Titan\u00a0\u00bb va fleurir au jardin botanique\u00a0: une premi\u00e8re en France"},"content":{"rendered":"<p>La derni\u00e8re fois, c\u2019\u00e9tait d\u00e9j\u00e0 exceptionnel. Une seconde fois, c\u2019\u00e9tait tout \u00e0 fait inesp\u00e9r\u00e9.<\/p>\n<p>Et si \u00e7a se produit en effet, le jardin botanique de Villers-l\u00e8s-Nancy sera le tout premier \u00e9tablissement fran\u00e7ais \u00e0 voir fleurir dans ses serres un second Amorphophallus titanum, alias arum titan, alias <a href=\"https:\/\/www.estrepublicain.fr\/edition-nancy-et-agglomeration\/la-floraison-exceptionnelle-d-un-phallus-de-titan-au-jardin-botanique-nancy\" target=\"_blank\" rel=\"noopener\">Phallus de Titan<\/a>.<\/p>\n<p>En soi, un fleurissement de ce type est tout \u00e0 la fois rare et spectaculaire. D\u2019abord pour sa forme assez \u00e9vocatrice (d\u2019o\u00f9 son surnom de phallus), mais aussi pour sa taille (1,95\u00a0m de hauteur pour le pr\u00e9c\u00e9dent, record fran\u00e7ais), ensuite pour la bri\u00e8vet\u00e9 de sa floraison (deux \u00e0 trois jours au sommet de sa forme). Et enfin pour son odeur. En l\u2019occurrence <a href=\"https:\/\/www.estrepublicain.fr\/environnement\/2023\/07\/12\/titan-la-nuit-un-melange-de-poisson-de-vieux-fromage-et-de-mort\" target=\"_blank\" rel=\"noopener\">une odeur pestilentielle<\/a> qui se r\u00e9pand aussit\u00f4t que s\u2019ouvrent ses corolles.<\/p>\n<p>Ce contenu est bloqu\u00e9 car vous n&rsquo;avez pas accept\u00e9 les cookies et autres traceurs.<\/p>\n<p>En cliquant sur \u00ab J\u2019accepte \u00bb, les cookies et autres traceurs seront d\u00e9pos\u00e9s et vous pourrez visualiser les contenus  (<a href=\"\" class=\"consentModule_policy\" target=\"_blank\" title=\"Consulter la politique de protection des donn\u00e9es du fournisseur\">plus d&rsquo;informations<\/a>).<\/p>\n<p>En cliquant sur \u00ab J\u2019accepte tous les cookies \u00bb, vous autorisez des d\u00e9p\u00f4ts de cookies et autres traceurs pour le stockage de vos donn\u00e9es sur nos sites et applications \u00e0 des fins de personnalisation et de ciblage publicitaire.<\/p>\n<p class=\"consentModule_secondaryText\">Vous gardez la possibilit\u00e9 de retirer votre consentement \u00e0 tout moment en consultant notre <a href=\"https:\/\/www.estrepublicain.fr\/protection-des-donnees\" target=\"_blank\" title=\"Consulter notre politique de protection des donn\u00e9es\" rel=\"noopener\">politique de protection des donn\u00e9es<\/a>. <br \/>&#13;<br \/>\n            <a href=\"https:\/\/www.estrepublicain.fr\/environnement\/2025\/05\/24\/javascript:Didomi.notice.show()\" class=\"consentModule_cmp\" target=\"_blank\" rel=\"noopener\">G\u00e9rer mes choix<\/a>&#13;\n        <\/p>\n<p>&#13;<br \/>\n                        J&rsquo;accepte&#13;<br \/>\n            J&rsquo;accepte tous les cookies&#13;\n        <\/p>\n<p>Fr\u00e9d\u00e9ric Pautz ne boude pas son plaisir. D\u2019un point de vue botanique autant que p\u00e9dagogique, sans parler de notori\u00e9t\u00e9, la nouvelle que le directeur du jardin vient de publier sur les r\u00e9seaux sociaux est \u00e0 souligner d\u2019un trait rouge. Et son \u00e9quipe en soigne d\u2019autant plus la communication.<\/p>\n<p>  6\u00a0000 visiteurs\/jour<\/p>\n<p>Rappelons en effet que la floraison pr\u00e9c\u00e9dente, alors in\u00e9dite, avait attir\u00e9 entre 50\u00a0000\u00a0et 60\u00a0000 curieux.<\/p>\n<p>\u00c0 raison de 6\u00a0000 personnes sur les seules journ\u00e9es de floraison optimale. Et depuis des horizons parfois lointains, voire \u00e9trangers.<\/p>\n<p>Aussi n\u2019est-il pas avare de d\u00e9tails concernant le processus qui devrait permettre au\u00a0<a href=\"https:\/\/www.estrepublicain.fr\/culture-loisirs\/2025\/04\/07\/le-jardin-botanique-jean-marie-pelt-celebre-l-art-deco-avec-une-saison-d-expositions-inedites\" target=\"_blank\" rel=\"noopener\">jardin Jean-Marie-Pelt<\/a> de pr\u00e9senter un nouveau show botanique aux amateurs. \u00ab\u00a0Il y a une demi-douzaine d\u2019ann\u00e9es, on avait rapport\u00e9 des bulbes du jardin botanique de Maise, en Belgique, qui en est sp\u00e9cialiste.\u00a0\u00bb<\/p>\n<p>Cinq bulbes, exactement, dont l\u2019un avait rapidement atteint le poids de 32\u00a0kilos, ce qui permettait d\u2019esp\u00e9rer effectivement une floraison. Avec le succ\u00e8s qu\u2019on sait.<\/p>\n<p>\u00ab\u00a0\u00c0 l\u2019\u00e9poque, un deuxi\u00e8me bulbe avait pas mal \u00e9volu\u00e9, mais culminait \u00e0 17\u00a0kilos, ce qui est trop peu pour fleurir. Seulement entretemps, il est pass\u00e9 \u00e0 25\u00a0kilos. Et l\u00e0, \u00e7a commence \u00e0 \u00eatre int\u00e9ressant.\u00a0\u00bb L\u2019individu a alors \u00e9t\u00e9 mis sous haute observation. Une mission pour Douglas Tavares-Lisboa en particulier, le jardinier qui a d\u00e9ploy\u00e9 toute son attention sur ce sujet, comme il l\u2019avait d\u2019ailleurs fait pour le pr\u00e9c\u00e9dent.<\/p>\n<p>  Merveille du monde<\/p>\n<p>Or il y a deux mois, apparaissaient des bourgeons terminaux. Tr\u00e8s bon signe. Et depuis, le d\u00e9veloppement de l\u2019arum titan s\u2019est confirm\u00e9. \u00ab\u00a0Si bien qu\u2019\u00e0 pr\u00e9sent, on a la quasi-certitude qu\u2019il fleurira. Et \u00e7a devrait se faire entre le 15 et le 25\u00a0juin.\u00a0\u00bb<\/p>\n<p>Un deuxi\u00e8me miracle\u00a0? Non. Mais une de ces merveilles que le monde nous donne \u00e0 contempler parfois. Et m\u00eame si certains se satisferont d\u2019en avoir eu la jouissance une fois dans leur existence, la floraison de ce second arum titan ne manquera pas de gonfler le chiffre de fr\u00e9quentation. Pour un show qui, par nature, s\u2019annonce titanesque\u00a0!<\/p>\n","protected":false},"excerpt":{"rendered":"La derni\u00e8re fois, c\u2019\u00e9tait d\u00e9j\u00e0 exceptionnel. Une seconde fois, c\u2019\u00e9tait tout \u00e0 fait inesp\u00e9r\u00e9. Et si \u00e7a se&hellip;\n","protected":false},"author":2,"featured_media":124026,"comment_status":"","ping_status":"","sticky":false,"template":"","format":"standard","meta":{"footnotes":""},"categories":[9635],"tags":[1111,11,3602,1707,1704,1706,1705,10174,436,1777,674,1011,27,775,1757,10262,3457,1702,12,25,767,10261],"class_list":{"0":"post-124025","1":"post","2":"type-post","3":"status-publish","4":"format-standard","5":"has-post-thumbnail","7":"category-nancy","8":"tag-actu","9":"tag-actualites","10":"tag-edition-bar-le-duc","11":"tag-edition-luneville","12":"tag-edition-nancy-et-agglomeration","13":"tag-edition-pont-a-mousson","14":"tag-edition-toul","15":"tag-edition-verdun","16":"tag-environnement","17":"tag-eu","18":"tag-europe","19":"tag-fr","20":"tag-france","21":"tag-grand-est","22":"tag-insolite","23":"tag-metropole-du-grand-nancy-54b5","24":"tag-meurthe-et-moselle","25":"tag-nancy","26":"tag-news","27":"tag-republique-francaise","28":"tag-science-et-technologie","29":"tag-villers-les-nancy"},"share_on_mastodon":{"url":"https:\/\/pubeurope.com\/@fr\/114561775326630593","error":""},"_links":{"self":[{"href":"https:\/\/www.europesays.com\/fr\/wp-json\/wp\/v2\/posts\/124025","targetHints":{"allow":["GET"]}}],"collection":[{"href":"https:\/\/www.europesays.com\/fr\/wp-json\/wp\/v2\/posts"}],"about":[{"href":"https:\/\/www.europesays.com\/fr\/wp-json\/wp\/v2\/types\/post"}],"author":[{"embeddable":true,"href":"https:\/\/www.europesays.com\/fr\/wp-json\/wp\/v2\/users\/2"}],"replies":[{"embeddable":true,"href":"https:\/\/www.europesays.com\/fr\/wp-json\/wp\/v2\/comments?post=124025"}],"version-history":[{"count":0,"href":"https:\/\/www.europesays.com\/fr\/wp-json\/wp\/v2\/posts\/124025\/revisions"}],"wp:featuredmedia":[{"embeddable":true,"href":"https:\/\/www.europesays.com\/fr\/wp-json\/wp\/v2\/media\/124026"}],"wp:attachment":[{"href":"https:\/\/www.europesays.com\/fr\/wp-json\/wp\/v2\/media?parent=124025"}],"wp:term":[{"taxonomy":"category","embeddable":true,"href":"https:\/\/www.europesays.com\/fr\/wp-json\/wp\/v2\/categories?post=124025"},{"taxonomy":"post_tag","embeddable":true,"href":"https:\/\/www.europesays.com\/fr\/wp-json\/wp\/v2\/tags?post=124025"}],"curies":[{"name":"wp","href":"https:\/\/api.w.org\/{rel}","templated":true}]}}