{"id":124029,"date":"2025-05-24T08:06:11","date_gmt":"2025-05-24T08:06:11","guid":{"rendered":"https:\/\/www.europesays.com\/fr\/124029\/"},"modified":"2025-05-24T08:06:11","modified_gmt":"2025-05-24T08:06:11","slug":"un-cador-de-top-14-veut-signer-paul-mallez","status":"publish","type":"post","link":"https:\/\/www.europesays.com\/fr\/124029\/","title":{"rendered":"Un cador de Top 14 veut signer Paul Mallez"},"content":{"rendered":"<p style=\"text-align: justify;\"><strong>TRANSFERTS RUGBY \u2013 Selon les informations d\u2019<a href=\"https:\/\/actu.fr\/provence-alpes-cote-d-azur\/toulon_83137\/transferts-un-pilier-de-toulouse-dans-le-viseur-de-toulon-pour-la-saison-prochaine_62679924.html\" target=\"_blank\" rel=\"noopener\">Actu Rugby<\/a>, le RC Toulon voudrait recruter Paul Mallez (Toulouse) pour la saison prochaine.<\/strong><\/p>\n<p style=\"text-align: justify;\"><strong>Bernard<\/strong> <strong>Lema\u00eetre<\/strong> a officialis\u00e9 le recrutement du RC Toulon pour la saison prochaine. Aucune surprise puisque les noms annonc\u00e9s par le pr\u00e9sident varois \u00e9taient d\u00e9j\u00e0 tous connus. <strong>Zach<\/strong> <strong>Mercer<\/strong>, <strong>Mathis<\/strong> <strong>Fert\u00e9<\/strong> et <strong>Patrick<\/strong> <strong>Tuifua<\/strong> seront bien sur la Rade d\u00e8s cet \u00e9t\u00e9, et le recrutement pourrait ne pas encore \u00eatre termin\u00e9, avec notamment du poids dans le paquet d\u2019avants recherch\u00e9.<\/p>\n<p>Toulon veut Paul Mallez<\/p>\n<p style=\"text-align: justify;\">Les <strong>Varois<\/strong> seraient notamment en qu\u00eate d\u2019un pilier droit, et ce serait un Toulousain qui serait en t\u00eate de liste. S\u2019il \u00e9volue avec Provence Rugby depuis deux saisons, <strong>Paul<\/strong> <strong>Mallez<\/strong> est toujours li\u00e9 aux champions de France. Pr\u00eat\u00e9 ces deux derni\u00e8res saisons en Pro D2 pour s\u2019aguerrir, il devrait faire son retour dans l\u2019effectif toulousain pour la saison prochaine.<\/p>\n<p style=\"text-align: justify;\">Mais <strong>Paul<\/strong> <strong>Mallez<\/strong> sera-t-il \u00e0 <strong>Toulouse<\/strong> dans quelques semaines ? S\u2019il est bien sous contrat, la concurrence sera rude dans le groupe d\u2019<strong>Ugo Mola<\/strong>. Et le <strong>RC<\/strong> <strong>Toulon<\/strong> compte d\u2019ailleurs jouer l\u00e0-dessus pour l\u2019attirer dans ses filets. Alors qu\u2019il reste sur 44 matchs de Pro D2 en deux saisons, le pilier droit de 24 ans devrait bien \u00e9voluer en Top 14 la saison prochaine, mais sans savoir dans quel club pour le moment. Pour le recruter, <strong>Toulon<\/strong> va devoir obtenir sa lib\u00e9ration par le <strong>Stade<\/strong> <strong>Toulousain<\/strong>. Affaire \u00e0 suivre donc !<\/p>\n<p>\u00c0 ce sujet<br \/>\n<a href=\"https:\/\/dicodusport.fr\/blog\/transferts-rc-toulon-2025-arrivees-departs-et-prolongations\/\" class=\"vlp-link\" title=\"Transferts RC Toulon 2025 : Recrues, d\u00e9parts et prolongations\" target=\"_blank\" rel=\"noopener\"><img loading=\"lazy\" decoding=\"async\" style=\"max-width: 792px;\" width=\"792\" height=\"445\" src=\"https:\/\/www.europesays.com\/fr\/wp-content\/uploads\/2025\/05\/Transferts-Rugby-Garry-Ringrose-Mathis-Ferte-Karim-Ghezal-les-infos-du-jeudi-5-decembre.png\" class=\"attachment-800x445 size-800x445\" alt=\"Transferts Rugby Garry Ringrose, Mathis Fert\u00e9, Karim Ghezal, les infos du jeudi 5 d\u00e9cembre\"  \/><\/p>\n<p>Transferts RC Toulon 2025 : Recrues, d\u00e9parts et prolongations<\/p>\n<p>Arriv\u00e9es, d\u00e9parts et prolongations au RC Toulon<\/p>\n<p>Lire l&rsquo;article<\/p>\n<p>dicodusport.fr<\/p>\n","protected":false},"excerpt":{"rendered":"TRANSFERTS RUGBY \u2013 Selon les informations d\u2019Actu Rugby, le RC Toulon voudrait recruter Paul Mallez (Toulouse) pour la&hellip;\n","protected":false},"author":2,"featured_media":124030,"comment_status":"","ping_status":"","sticky":false,"template":"","format":"standard","meta":{"footnotes":""},"categories":[9619],"tags":[1111,11,2113,1777,674,1011,27,12,24661,882,25,2115,476,2310,24662],"class_list":{"0":"post-124029","1":"post","2":"type-post","3":"status-publish","4":"format-standard","5":"has-post-thumbnail","7":"category-toulon","8":"tag-actu","9":"tag-actualites","10":"tag-breve","11":"tag-eu","12":"tag-europe","13":"tag-fr","14":"tag-france","15":"tag-news","16":"tag-paul-mallez","17":"tag-provence-alpes-cote-dazur","18":"tag-republique-francaise","19":"tag-rugby-a-xv","20":"tag-stade-toulousain","21":"tag-toulon","22":"tag-transferts-rc-toulon"},"share_on_mastodon":{"url":"https:\/\/pubeurope.com\/@fr\/114561783464194655","error":""},"_links":{"self":[{"href":"https:\/\/www.europesays.com\/fr\/wp-json\/wp\/v2\/posts\/124029","targetHints":{"allow":["GET"]}}],"collection":[{"href":"https:\/\/www.europesays.com\/fr\/wp-json\/wp\/v2\/posts"}],"about":[{"href":"https:\/\/www.europesays.com\/fr\/wp-json\/wp\/v2\/types\/post"}],"author":[{"embeddable":true,"href":"https:\/\/www.europesays.com\/fr\/wp-json\/wp\/v2\/users\/2"}],"replies":[{"embeddable":true,"href":"https:\/\/www.europesays.com\/fr\/wp-json\/wp\/v2\/comments?post=124029"}],"version-history":[{"count":0,"href":"https:\/\/www.europesays.com\/fr\/wp-json\/wp\/v2\/posts\/124029\/revisions"}],"wp:featuredmedia":[{"embeddable":true,"href":"https:\/\/www.europesays.com\/fr\/wp-json\/wp\/v2\/media\/124030"}],"wp:attachment":[{"href":"https:\/\/www.europesays.com\/fr\/wp-json\/wp\/v2\/media?parent=124029"}],"wp:term":[{"taxonomy":"category","embeddable":true,"href":"https:\/\/www.europesays.com\/fr\/wp-json\/wp\/v2\/categories?post=124029"},{"taxonomy":"post_tag","embeddable":true,"href":"https:\/\/www.europesays.com\/fr\/wp-json\/wp\/v2\/tags?post=124029"}],"curies":[{"name":"wp","href":"https:\/\/api.w.org\/{rel}","templated":true}]}}