{"id":124031,"date":"2025-05-24T08:07:09","date_gmt":"2025-05-24T08:07:09","guid":{"rendered":"https:\/\/www.europesays.com\/fr\/124031\/"},"modified":"2025-05-24T08:07:09","modified_gmt":"2025-05-24T08:07:09","slug":"le-ministre-de-lindustrie-et-de-lenergie-a-la-convention-nationale-du-medef","status":"publish","type":"post","link":"https:\/\/www.europesays.com\/fr\/124031\/","title":{"rendered":"le ministre de l&rsquo;Industrie et de l&rsquo;\u00c9nergie \u00e0 la Convention nationale du MEDEF"},"content":{"rendered":"<p>            Par<br \/>\n        <strong><br \/>\n            <a href=\"https:\/\/actu.fr\/auteur\/jm-aubert\" title=\"Consulter tous les articles de Jean-Marc Aubert\" rel=\"nofollow noopener\" target=\"_blank\">Jean-Marc Aubert<\/a><br \/>\n        <\/strong><\/p>\n<p>        Publi\u00e9 le<\/p>\n<p>            24 mai 2025 \u00e0 9h36        <\/p>\n<p>Un nouveau ministre \u00e9tait dans l\u2019H\u00e9rault et plus pr\u00e9cis\u00e9ment \u00e0 <strong>Montpellier<\/strong> et \u00e0 <strong>Castelnau-le-Lez<\/strong>, ce vendredi 23 mai 2025. <strong>Marc Ferracci<\/strong>, ministre de l\u2019Industrie et de l\u2019\u00c9nergie, a \u00e9t\u00e9 accueilli par Fran\u00e7ois-Xavier Lauch, pr\u00e9fet de l\u2019H\u00e9rault, avant d\u2019intervenir \u00e0 la <strong>Convention nationale du MEDEF,<\/strong> r\u00e9unie depuis jeudi dans le d\u00e9cor champ\u00eatre du Domaine du Grand Chai \u00e0 <strong>Mauguio<\/strong>.<\/p>\n<p>    <a href=\"https:\/\/www.google.com\/maps\/embed?pb=!1m18!1m12!1m3!1d4074.540937067913!2d3.9787911142300567!3d43.59678403691784!2m3!1f0!2f0!3f0!3m2!1i1024!2i768!4f13.1!3m3!1m2!1s0x12b6a4853a2a73f5%3A0xa01cc18cda623b8a!2sDomaine%20des%20Grands%20Chais!5e0!3m2!1sfr!2sfr!4v1748023385281!5m2!1sfr!2sfr\" title=\"Ouvrie le lien\" rel=\"nofollow noopener\" target=\"_blank\">Cliquez ici pour visualiser le contenu<\/a><\/p>\n<p class=\" wall-content\">Le ministre d\u2019\u00c9tat a assist\u00e9 \u00e0 un \u00e9change consacr\u00e9 aux grands enjeux de r\u00e9industrialisation, d\u2019\u00e9nergie et de cadre l\u00e9gislatif europ\u00e9en, devant quelque 250 chefs d\u2019entreprise venus des territoires d\u00e9partementaux et r\u00e9gionaux et en pr\u00e9sence du pr\u00e9sident national du MEDEF, <strong>Patrick Martin<\/strong>. \u00ab\u00a0Nous avons organis\u00e9 des tables rondes et des ateliers, notamment sur les th\u00e8mes des municipales de 2026, sur l\u2019\u00e9tat des lieux du monde \u00e9conomique, avec les nouvelles menaces sur les taxes europ\u00e9ennes par Donald Trump, sur les enjeux du num\u00e9rique, de la cyber et de l\u2019intelligence artificielle, sur le mod\u00e8le \u00e9conomique avec des \u00e9conomistes de renom\u00a0\u00bb, r\u00e9sume <strong>Samuel Herv\u00e9<\/strong>, le <a href=\"https:\/\/actu.fr\/occitanie\/montpellier_34172\/samuel-herve-nouveau-president-du-medef-34_22331231.html\" rel=\"nofollow noopener\" target=\"_blank\">pr\u00e9sident du MEDEF Occitanie,<\/a> en pr\u00e9sence notamment de <strong>Jean-Marc Oluski<\/strong>, le pr\u00e9sident h\u00e9raultais et de <strong>Carole Delga<\/strong>, la pr\u00e9sidente de la R\u00e9gion Occitanie.<\/p>\n<p>    <img   decoding=\"async\" loading=\"lazy\" src=\"https:\/\/www.europesays.com\/fr\/wp-content\/uploads\/2025\/05\/0-69-2-960x640.jpeg\" alt=\"Le ministre d'\u00c9tat et le pr\u00e9fet de l'H\u00e9rault en conversation au MEDEF \u00e0 Mauguio\" width=\"960\" height=\"640\"\/><br \/>\n    Le ministre d\u2019\u00c9tat et le pr\u00e9fet de l\u2019H\u00e9rault en conversation au MEDEF \u00e0 Mauguio (\u00a9M\u00e9tropolitain)<\/p>\n<p class=\" wall-content\">Le pr\u00e9sident de l\u2019Universit\u00e9 de Montpellier, <strong>Philippe Aug\u00e9<\/strong>, les PDG du groupe ATR (construction d\u2019avions de petite capacit\u00e9) et de la marque de chaussures Paraboot ont particip\u00e9 \u00e0 ces travaux sur deux jours, avec un d\u00eener qui s\u2019est d\u00e9roul\u00e9 jeudi soir \u00e0 l\u2019Abbaye de Valmagne, \u00e0 <strong>Villeveyrac<\/strong>.\u00a0<\/p>\n<p>Vid\u00e9os : en ce moment sur Actu<\/p>\n<p class=\" wall-content\">Dans l\u2019apr\u00e8s-midi, le ministre s\u2019est rendu sur le site de l\u2019entreprise innovante <strong>Quantum Surgical\u00a0<\/strong>accompagn\u00e9 de V\u00e9ronique Martin Saint-L\u00e9on, la sous-pr\u00e9f\u00e8te, secr\u00e9taire g\u00e9n\u00e9rale de la pr\u00e9fecture de l\u2019H\u00e9rault. Quantum Surgical d\u00e9veloppe le <strong>robot m\u00e9dical Epione<\/strong>, con\u00e7u pour assister les chirurgiens dans les interventions de destruction de tumeurs. \u00ab\u00a0Le ministre a assist\u00e9 \u00e0 une d\u00e9monstration de cette technologie de pointe. Il a profit\u00e9 de cette visite pour rappeler l\u2019engagement de <strong>France 2030<\/strong> en faveur de l\u2019innovation dans le secteur du dispositif m\u00e9dical et annoncer le lancement d\u2019un nouveau dispositif de soutien d\u00e9di\u00e9 \u00e0 st\u00e9rilisation bas-carbone et \u00e0 l\u2019\u00e9co-conception des \u00e9quipements utilis\u00e9s au bloc op\u00e9ratoire\u00a0\u00bb, rappelle le pr\u00e9fet de l\u2019H\u00e9rault.<\/p>\n<p>    <img   decoding=\"async\" loading=\"lazy\" src=\"https:\/\/www.europesays.com\/fr\/wp-content\/uploads\/2025\/05\/grpkm-owwaajjwb-960x640.jpeg\" alt=\"Le ministre d'\u00c9tat en visite \u00e0 Quantum Surgical \u00e0 Montpellier d\u00e9couvre le robot Epione \" width=\"960\" height=\"640\"\/><br \/>\n    Le ministre d\u2019\u00c9tat en visite \u00e0 Quantum Surgical \u00e0 Montpellier d\u00e9couvre le robot Epione (\u00a9Pr\u00e9fecture H\u00e9rault)<\/p>\n<p class=\" wall-content\">Cette ann\u00e9e, c\u2019\u00e9tait la cinqui\u00e8me \u00e9dition de la Convention nationale du MEDEF dans l\u2019H\u00e9rault, apr\u00e8s les quatre pr\u00e9c\u00e9dentes en Champagne, \u00e0 Angers, \u00e0 Beaune et \u00e0 Bordeaux, \u00ab\u00a0des territoires viticoles c\u00e9l\u00e8bres, mais c\u2019est simplement symbolique\u00a0\u00bb selon Samuel Herv\u00e9. En 2026, elle se d\u00e9roulera \u00e0 Lille dans les Hauts de France, avec quand m\u00eame quelques bons \u00a0vins pour les agapes !\u00a0<\/p>\n<p class=\" wall-content\">Suivez toute l\u2019actualit\u00e9 de vos villes et m\u00e9dias favoris en vous inscrivant \u00e0 <a href=\"https:\/\/moncompte.actu.fr\" title=\"D\u00e9couvez Mon Actu\" rel=\"nofollow noopener\" data-trk=\"{&quot;cta&quot;:{&quot;action&quot;:&quot;https:\\\/\\\/moncompte.actu.fr&quot;,&quot;category&quot;:&quot;mon compte&quot;,&quot;from&quot;:&quot;article footer&quot;,&quot;name&quot;:&quot;Mon actu&quot;,&quot;type&quot;:&quot;cta&quot;}}\" target=\"_blank\">Mon Actu<\/a>.<\/p>\n","protected":false},"excerpt":{"rendered":"Par Jean-Marc Aubert Publi\u00e9 le 24 mai 2025 \u00e0 9h36 Un nouveau ministre \u00e9tait dans l\u2019H\u00e9rault et plus&hellip;\n","protected":false},"author":2,"featured_media":124032,"comment_status":"","ping_status":"","sticky":false,"template":"","format":"standard","meta":{"footnotes":""},"categories":[9599],"tags":[1111,11,33,1777,674,1011,27,2208,12,2680,25,216],"class_list":{"0":"post-124031","1":"post","2":"type-post","3":"status-publish","4":"format-standard","5":"has-post-thumbnail","7":"category-montpellier","8":"tag-actu","9":"tag-actualites","10":"tag-economie","11":"tag-eu","12":"tag-europe","13":"tag-fr","14":"tag-france","15":"tag-montpellier","16":"tag-news","17":"tag-occitanie","18":"tag-republique-francaise","19":"tag-vie-des-entreprises"},"share_on_mastodon":{"url":"https:\/\/pubeurope.com\/@fr\/114561787072783960","error":""},"_links":{"self":[{"href":"https:\/\/www.europesays.com\/fr\/wp-json\/wp\/v2\/posts\/124031","targetHints":{"allow":["GET"]}}],"collection":[{"href":"https:\/\/www.europesays.com\/fr\/wp-json\/wp\/v2\/posts"}],"about":[{"href":"https:\/\/www.europesays.com\/fr\/wp-json\/wp\/v2\/types\/post"}],"author":[{"embeddable":true,"href":"https:\/\/www.europesays.com\/fr\/wp-json\/wp\/v2\/users\/2"}],"replies":[{"embeddable":true,"href":"https:\/\/www.europesays.com\/fr\/wp-json\/wp\/v2\/comments?post=124031"}],"version-history":[{"count":0,"href":"https:\/\/www.europesays.com\/fr\/wp-json\/wp\/v2\/posts\/124031\/revisions"}],"wp:featuredmedia":[{"embeddable":true,"href":"https:\/\/www.europesays.com\/fr\/wp-json\/wp\/v2\/media\/124032"}],"wp:attachment":[{"href":"https:\/\/www.europesays.com\/fr\/wp-json\/wp\/v2\/media?parent=124031"}],"wp:term":[{"taxonomy":"category","embeddable":true,"href":"https:\/\/www.europesays.com\/fr\/wp-json\/wp\/v2\/categories?post=124031"},{"taxonomy":"post_tag","embeddable":true,"href":"https:\/\/www.europesays.com\/fr\/wp-json\/wp\/v2\/tags?post=124031"}],"curies":[{"name":"wp","href":"https:\/\/api.w.org\/{rel}","templated":true}]}}