{"id":124035,"date":"2025-05-24T08:09:07","date_gmt":"2025-05-24T08:09:07","guid":{"rendered":"https:\/\/www.europesays.com\/fr\/124035\/"},"modified":"2025-05-24T08:09:07","modified_gmt":"2025-05-24T08:09:07","slug":"des-centaines-de-voitures-volees-pres-de-rouen-210-000-euros-de-prejudice-quatre-personnes-impliquees","status":"publish","type":"post","link":"https:\/\/www.europesays.com\/fr\/124035\/","title":{"rendered":"Des centaines de voitures vol\u00e9es pr\u00e8s de Rouen, 210 000 euros de pr\u00e9judice : quatre personnes impliqu\u00e9es"},"content":{"rendered":"<p>            Par<br \/>\n        <strong><br \/>\n            <a href=\"https:\/\/actu.fr\/auteur\/eaube\" title=\"Consulter tous les articles de Elo\u00efse Aub\u00e9\" rel=\"nofollow noopener\" target=\"_blank\">Elo\u00efse Aub\u00e9<\/a><br \/>\n        <\/strong><\/p>\n<p>        Publi\u00e9 le<\/p>\n<p>            24 mai 2025 \u00e0 9h57        <\/p>\n<p>Coup de filet. Apr\u00e8s plusieurs mois d\u2019investigations men\u00e9es par les brigades de recherches de Rouen et d\u2019Yvetot, le parquet de <a href=\"https:\/\/actu.fr\/normandie\/rouen_76540\" rel=\"nofollow noopener\" target=\"_blank\">Rouen<\/a>, par la voix du procureur de la R\u00e9publique S\u00e9bastien Gallois, a annonc\u00e9 l\u2019<strong>arrestation de quatre personnes dont un mineur<\/strong>. Toutes ont \u00e9t\u00e9 pr\u00e9sent\u00e9es au tribunal vendredi 23\u00a0mai 2025.<\/p>\n<p class=\" wall-content\">Ces personnes sont soup\u00e7onn\u00e9es d\u2019\u00eatre impliqu\u00e9es, entre octobre\u00a02024 et mai\u00a02025, dans <strong>plus d\u2019une centaine de vols de v\u00e9hicules et d\u2019accessoires de voitures<\/strong>, notamment des roues ou jantes, dans le secteur de Pavilly.<\/p>\n<p class=\" wall-content\">Le montant du pr\u00e9judice est estim\u00e9, pour le moment, \u00e0 plus de <strong>210\u2009000\u00a0euros.<\/strong><\/p>\n<p>Tous plac\u00e9s en d\u00e9tention provisoire<\/p>\n<p class=\" wall-content\">Les trois individus majeurs seront jug\u00e9s le 9\u00a0juillet et le mineur, le 19\u00a0juin. Dans l\u2019attente de leur proc\u00e8s, trois d\u2019entre eux dont le mineur, ont \u00e9t\u00e9 plac\u00e9s en d\u00e9tention provisoire. Le dernier, lui, a \u00e9t\u00e9 plac\u00e9 sous contr\u00f4le judiciaire.<\/p>\n<p>Suivez l\u2019actualit\u00e9 de Rouen sur notre<a href=\"https:\/\/www.whatsapp.com\/channel\/0029VaKfnf99hXF2ddApFB1D\" rel=\"nofollow noopener\" target=\"_blank\"> cha\u00eene WhatsApp<\/a> et sur notre <a href=\"https:\/\/www.tiktok.com\/@76actu.fr?lang=fr\" rel=\"nofollow noopener\" target=\"_blank\">compte TikTok<\/a>Vid\u00e9os : en ce moment sur Actu<\/p>\n<p class=\" wall-content\">Suivez toute l\u2019actualit\u00e9 de vos villes et m\u00e9dias favoris en vous inscrivant \u00e0 <a href=\"https:\/\/moncompte.actu.fr\" title=\"D\u00e9couvez Mon Actu\" rel=\"nofollow noopener\" data-trk=\"{&quot;cta&quot;:{&quot;action&quot;:&quot;https:\\\/\\\/moncompte.actu.fr&quot;,&quot;category&quot;:&quot;mon compte&quot;,&quot;from&quot;:&quot;article footer&quot;,&quot;name&quot;:&quot;Mon actu&quot;,&quot;type&quot;:&quot;cta&quot;}}\" target=\"_blank\">Mon Actu<\/a>.<\/p>\n<p>                    <script async src=\"\/\/www.tiktok.com\/embed.js\"><\/script><\/p>\n","protected":false},"excerpt":{"rendered":"Par Elo\u00efse Aub\u00e9 Publi\u00e9 le 24 mai 2025 \u00e0 9h57 Coup de filet. Apr\u00e8s plusieurs mois d\u2019investigations men\u00e9es&hellip;\n","protected":false},"author":2,"featured_media":124036,"comment_status":"","ping_status":"","sticky":false,"template":"","format":"standard","meta":{"footnotes":""},"categories":[9587],"tags":[1111,11,646,1777,674,118,1011,27,303,12,5161,1072,25,9590],"class_list":{"0":"post-124035","1":"post","2":"type-post","3":"status-publish","4":"format-standard","5":"has-post-thumbnail","7":"category-rouen","8":"tag-actu","9":"tag-actualites","10":"tag-automobile","11":"tag-eu","12":"tag-europe","13":"tag-faits-divers","14":"tag-fr","15":"tag-france","16":"tag-justice","17":"tag-news","18":"tag-normandie","19":"tag-police","20":"tag-republique-francaise","21":"tag-rouen"},"share_on_mastodon":{"url":"https:\/\/pubeurope.com\/@fr\/114561795021237470","error":""},"_links":{"self":[{"href":"https:\/\/www.europesays.com\/fr\/wp-json\/wp\/v2\/posts\/124035","targetHints":{"allow":["GET"]}}],"collection":[{"href":"https:\/\/www.europesays.com\/fr\/wp-json\/wp\/v2\/posts"}],"about":[{"href":"https:\/\/www.europesays.com\/fr\/wp-json\/wp\/v2\/types\/post"}],"author":[{"embeddable":true,"href":"https:\/\/www.europesays.com\/fr\/wp-json\/wp\/v2\/users\/2"}],"replies":[{"embeddable":true,"href":"https:\/\/www.europesays.com\/fr\/wp-json\/wp\/v2\/comments?post=124035"}],"version-history":[{"count":0,"href":"https:\/\/www.europesays.com\/fr\/wp-json\/wp\/v2\/posts\/124035\/revisions"}],"wp:featuredmedia":[{"embeddable":true,"href":"https:\/\/www.europesays.com\/fr\/wp-json\/wp\/v2\/media\/124036"}],"wp:attachment":[{"href":"https:\/\/www.europesays.com\/fr\/wp-json\/wp\/v2\/media?parent=124035"}],"wp:term":[{"taxonomy":"category","embeddable":true,"href":"https:\/\/www.europesays.com\/fr\/wp-json\/wp\/v2\/categories?post=124035"},{"taxonomy":"post_tag","embeddable":true,"href":"https:\/\/www.europesays.com\/fr\/wp-json\/wp\/v2\/tags?post=124035"}],"curies":[{"name":"wp","href":"https:\/\/api.w.org\/{rel}","templated":true}]}}