{"id":124039,"date":"2025-05-24T08:11:11","date_gmt":"2025-05-24T08:11:11","guid":{"rendered":"https:\/\/www.europesays.com\/fr\/124039\/"},"modified":"2025-05-24T08:11:11","modified_gmt":"2025-05-24T08:11:11","slug":"voici-le-programme-du-week-end","status":"publish","type":"post","link":"https:\/\/www.europesays.com\/fr\/124039\/","title":{"rendered":"voici le programme du week-end"},"content":{"rendered":"<p>\u201cExister, r\u00e9sister, c\u00e9l\u00e9brer\u201d\u00a0: ce samedi 24\u00a0mai, Grenoble d\u00e9filera au rythme de ces trois mots pour la Marche des fiert\u00e9s. Vous souhaitez y prendre part\u00a0? Voici les rendez-vous \u00e0 ne pas manquer\u00a0!<\/p>\n<p>  Samedi 24\u00a0mai<\/p>\n<p>Organis\u00e9e par Grenoble Fiert\u00e9s, la journ\u00e9e du 24\u00a0mai s\u2019inscrit dans le cadre du Mois des fiert\u00e9s, qui a commenc\u00e9 le 15\u00a0mai et dure jusqu\u2019au 15\u00a0juin.<\/p>\n<p>\u25b6 De 13\u00a0h \u00e0 19\u00a0h\u00a0: un village associatif avec de nombreuses organisations LGBTQIA +\u00a0sera pr\u00e9sent au Jardin de ville. On y retrouvera des stands d\u2019information, des ateliers, des rencontres avec la participation d\u2019une trentaine d\u2019associations dont\u00a0: Aides (lutte contre le VIH\/sida), le Centre LGBTI de Grenoble, Contact (dialogue entre personnes LGBTI +, leurs parents et proches), La Qu\u00eate 38, Le Planning familial 38, la chorale Freesons, Le Refuge ou encore Queers for Palestine 38 (liste compl\u00e8te \u00e0 retrouver sur le site grenoble-fiertes.com).<\/p>\n<p>\u25b6 De 13\u00a0h \u00e0 15\u00a0h\u00a0: les prises de parole et shows drag se succ\u00e9deront avec les performances et discours d\u2019Honey Nasty, BO TOX, Icon Ass, Raz, Onefoxkai et Bibiche Peccino.<\/p>\n<p>\u25b6 De 15\u00a0h \u00e0 17\u00a0h\u00a0: la manifestation d\u00e9ambulera depuis le Jardin de ville, direction les quais de l\u2019Is\u00e8re, le boulevard Agutte-Sembat, la rue Lesdigui\u00e8res, le cours Jean-Jaur\u00e8s, puis retour au Jardin de ville par les quais.<\/p>\n<p>\u25b6 De 17\u00a0h \u00e0 19\u00a0h\u00a0: nouvelles prises de paroles pour cl\u00f4turer la marche et playlist participative pour une ambiance musicale.<\/p>\n<p>\u25b6 Le soir, l\u2019after Pride officiel aura lieu \u00e0 la Belle \u00c9lectrique (de 23\u00a0h\u00a030 \u00e0 5\u00a0h\u00a030) avec les artistes Tribade, Eustache, Sabrina Oberlin, Non-Binary Beats, Foutrine et Hellmut Rocher. D\u2019autres after partenaires sont organis\u00e9s au bar Les Voisins (de 17\u00a0h \u00e0 2\u00a0h), Au Temps suspendu (de 18\u00a0h \u00e0 2\u00a0h), au George V (show drag de 23\u00a0h \u00e0 6\u00a0h), au LP3 avec Honey Nasty (shows drag de 21\u00a0h \u00e0 1\u00a0h), et \u00e0 la brasserie Neptune (de 17\u00a0h \u00e0 minuit).<\/p>\n<p>  Dimanche 25\u00a0mai<\/p>\n<p>Pour cl\u00f4turer le week-end, la drag-queen grenobloise Honey Nasty organise une soir\u00e9e, la Nasty Night, \u00e0 l\u2019Austra Rocks de Neyrpic, de 18\u00a0h \u00e0 1\u00a0h. Au programme, drag show et DJ set.<\/p>\n<p>  Le Mois des fiert\u00e9s continue jusqu\u2019au 15\u00a0juin<\/p>\n<p>\u25b6 Lundi 26\u00a0mai\u00a0: spectacle Burger queer, \u00e0 mi-chemin entre Burger King et le Burger quiz\u2026 sans frites, ni Alain Chabat\u00a0! De 20\u00a0h \u00e0 21\u00a0h\u00a030 \u00e0 la Maison de la vie associative et citoyenne.<\/p>\n<p>\u25b6 Mardi 27\u00a0mai\u00a0: projection du film Elda and the monsters organis\u00e9e par Libule et Vue d\u2019en face, \u00e0 EVE, de 20\u00a0h \u00e0 21\u00a0h\u00a030.<\/p>\n<p>\u25b6 Samedi 31\u00a0mai\u00a0: soir\u00e9e caritative au George V au profit du Refuge, de 23\u00a0h \u00e0 6\u00a0h.<\/p>\n<p class=\"note\">Le programme complet est \u00e0 retrouver sur le site <a href=\"https:\/\/grenoble-fiertes.com\/edition-2025\/programme\/\" target=\"_blank\" rel=\"noopener\">grenoble-fiertes.com<\/a><\/p>\n","protected":false},"excerpt":{"rendered":"\u201cExister, r\u00e9sister, c\u00e9l\u00e9brer\u201d\u00a0: ce samedi 24\u00a0mai, Grenoble d\u00e9filera au rythme de ces trois mots pour la Marche des&hellip;\n","protected":false},"author":2,"featured_media":124040,"comment_status":"","ping_status":"","sticky":false,"template":"","format":"standard","meta":{"footnotes":""},"categories":[9566],"tags":[1111,11,2430,1687,6084,112,1777,674,1011,27,2731,2732,108,12,25,104],"class_list":{"0":"post-124039","1":"post","2":"type-post","3":"status-publish","4":"format-standard","5":"has-post-thumbnail","7":"category-grenoble","8":"tag-actu","9":"tag-actualites","10":"tag-auvergne-rhone-alpes","11":"tag-culture-loisirs","12":"tag-droit","13":"tag-edition-grenoble-agglomeration","14":"tag-eu","15":"tag-europe","16":"tag-fr","17":"tag-france","18":"tag-grenoble","19":"tag-grenoble-bassin","20":"tag-isere","21":"tag-news","22":"tag-republique-francaise","23":"tag-societe"},"share_on_mastodon":{"url":"https:\/\/pubeurope.com\/@fr\/114561802767121873","error":""},"_links":{"self":[{"href":"https:\/\/www.europesays.com\/fr\/wp-json\/wp\/v2\/posts\/124039","targetHints":{"allow":["GET"]}}],"collection":[{"href":"https:\/\/www.europesays.com\/fr\/wp-json\/wp\/v2\/posts"}],"about":[{"href":"https:\/\/www.europesays.com\/fr\/wp-json\/wp\/v2\/types\/post"}],"author":[{"embeddable":true,"href":"https:\/\/www.europesays.com\/fr\/wp-json\/wp\/v2\/users\/2"}],"replies":[{"embeddable":true,"href":"https:\/\/www.europesays.com\/fr\/wp-json\/wp\/v2\/comments?post=124039"}],"version-history":[{"count":0,"href":"https:\/\/www.europesays.com\/fr\/wp-json\/wp\/v2\/posts\/124039\/revisions"}],"wp:featuredmedia":[{"embeddable":true,"href":"https:\/\/www.europesays.com\/fr\/wp-json\/wp\/v2\/media\/124040"}],"wp:attachment":[{"href":"https:\/\/www.europesays.com\/fr\/wp-json\/wp\/v2\/media?parent=124039"}],"wp:term":[{"taxonomy":"category","embeddable":true,"href":"https:\/\/www.europesays.com\/fr\/wp-json\/wp\/v2\/categories?post=124039"},{"taxonomy":"post_tag","embeddable":true,"href":"https:\/\/www.europesays.com\/fr\/wp-json\/wp\/v2\/tags?post=124039"}],"curies":[{"name":"wp","href":"https:\/\/api.w.org\/{rel}","templated":true}]}}