{"id":124048,"date":"2025-05-24T08:16:08","date_gmt":"2025-05-24T08:16:08","guid":{"rendered":"https:\/\/www.europesays.com\/fr\/124048\/"},"modified":"2025-05-24T08:16:08","modified_gmt":"2025-05-24T08:16:08","slug":"parcours-records-strasbourg-cinq-questions-avant-la-finale-de-coupe-de-france","status":"publish","type":"post","link":"https:\/\/www.europesays.com\/fr\/124048\/","title":{"rendered":"parcours, records, Strasbourg\u2026 Cinq questions avant la finale de Coupe de France"},"content":{"rendered":"<p><strong>D\u00c9CRYPTAGE \u2013 <\/strong>Tout ce qu\u2019il faut savoir avant la finale de Coupe de France opposant ce samedi, \u00e0 Saint-Denis, le PSG au Stade de Reims.<\/p>\n<p class=\"fig-paragraph\">Jour de finale. Le tenant du titre parisien d\u00e9fie Reims, 16e\u00a0<a href=\"https:\/\/www.lefigaro.fr\/sports\/football\/ligue-1\/classement\" target=\"_blank\" rel=\"noopener nofollow\" data-gtm-custom-categorie=\"navigation\" data-gtm-custom-action=\"crossclick\" data-gtm-custom-label=\"Contextuel\" data-gtm-event=\"customEventSPE\">au classement de Ligue 1<\/a>\u00a0\u00e0 l\u2019issue de la saison, ce samedi en finale de la Coupe de France. Coup d\u2019envoi \u00e0 21 heures sur la pelouse du Stade de France. BeIN SPORTS et France 2 diffuseront cette rencontre, qui sera bien \u00e9videmment \u00e0 suivre\u00a0<a href=\"https:\/\/www.lefigaro.fr\/sports\/football\/live\/coupe-de-france\/2024\/2512480\/paris-sg-reims\" target=\"_blank\" rel=\"noopener nofollow\" data-gtm-custom-categorie=\"navigation\" data-gtm-custom-action=\"crossclick\" data-gtm-custom-label=\"Contextuel\" data-gtm-event=\"customEventSPE\">en direct comment\u00e9 sur notre site<\/a>.<\/p>\n<p>Quel parcours pour les deux \u00e9quipes\u00a0?<\/p>\n<p class=\"fig-paragraph\">Apr\u00e8s avoir sorti\u00a0<a href=\"http:\/\/www.lefigaro.fr\/sports\/football\/coupe-de-france\/rc-lens-psg-le-jour-de-gloire-de-safonov-ramos-roi-de-la-gachette-koffi-petard-mouille-les-tops-et-les-flops-20241223\" data-fig-type=\"NewsFlash\" data-gtm-custom-categorie=\"navigation\" data-gtm-custom-action=\"crossclick\" data-gtm-custom-label=\"Contextuel\" data-gtm-event=\"customEventSPE\" data-fig-domain=\"LEFIGARO\" rel=\"nofollow noopener\" target=\"_blank\">Lens aux tirs au but en 32es de finale (1-1, 4-3 tab), \u00e0 Bollaert<\/a>, le PSG a affront\u00e9 quatre clubs de divisions inf\u00e9rieures pour se hisser en finale, Espaly (4-2), Le Mans (2-0), le Stade briochin (7-0) et Dunkerque (4-2), tous en d\u00e9placement. Dans cette Coupe de France pleine de surprises, le Stade de Reims a pour sa part \u00e9cart\u00e9 deux clubs de l\u2019\u00e9lite, dont Monaco (1-1, 3-1 tab) en 16es, mais aussi Angers (1-1, 5-3 tab), en quarts. Les Champenois ont par ailleurs \u00e9limin\u00e9 trois \u00e9quipes de divisions inf\u00e9rieures, Still Mutzig (3-1), Bourgoin-Jallieu (0-0, 3-2 tab) et enfin Cannes (2-1) en demi-finales.<\/p>\n<p class=\"fig-paragraph\">\u00c0 noter que Reims est l\u2019une des deux seules \u00e9quipes invaincues face au PSG en Ligue 1 cette saison, avec Nice (1-1, 1-3). Les Parisiens ont perdu leurs premiers points de la saison\u00a0<a href=\"http:\/\/www.lefigaro.fr\/sports\/football\/ligue-1\/reims-psg-dembele-encore-decisif-kolo-muani-pas-inspire-les-tops-et-les-flops-20240921\" data-fig-type=\"NewsFlash\" data-gtm-custom-categorie=\"navigation\" data-gtm-custom-action=\"crossclick\" data-gtm-custom-label=\"Contextuel\" data-gtm-event=\"customEventSPE\" data-fig-domain=\"LEFIGARO\" rel=\"nofollow noopener\" target=\"_blank\">\u00e0 Auguste-Delaune fin septembre (1-1)<\/a>. Entre les matchs cruciaux de C1 contre City (4-2) et \u00e0 Stuttgart (1-4), fin janvier,\u00a0<a href=\"http:\/\/www.lefigaro.fr\/sports\/football\/ligue-1\/psg-reims-les-prouesses-de-diouf-le-trou-d-air-parisien-l-inefficacite-de-ramos-les-tops-et-les-flops-20250126\" data-fig-type=\"NewsFlash\" data-gtm-custom-categorie=\"navigation\" data-gtm-custom-action=\"crossclick\" data-gtm-custom-label=\"Contextuel\" data-gtm-event=\"customEventSPE\" data-fig-domain=\"LEFIGARO\" rel=\"nofollow noopener\" target=\"_blank\">ils ont ensuite laiss\u00e9 filer deux nouveaux points face au SDR (1-1)<\/a>, \u00e0 domicile.<\/p>\n<p class=\"fig-body-link\">\n            \u00c0 lire aussi<br \/>\n        <a class=\"fig-body-link__link\" href=\"http:\/\/www.lefigaro.fr\/sports\/football\/coupe-de-france\/coupe-de-france-psg-reims-une-finale-avec-la-tete-ailleurs-20250523\" data-fig-type=\"NewsFlash\" data-gtm-custom-categorie=\"navigation\" data-gtm-custom-action=\"crossclick\" data-gtm-custom-label=\"Contextuel\" data-gtm-event=\"customEventSPE\" data-fig-domain=\"LEFIGARO\" rel=\"nofollow noopener\" target=\"_blank\">Coupe de France\u00a0: PSG-Reims, une finale\u2026 avec la t\u00eate ailleurs\u00a0?<br \/>\n    <\/a>\n<\/p>\n<p>Depuis quand Reims n\u2019a plus soulev\u00e9 la Coupe de France\u00a0?<\/p>\n<p class=\"fig-paragraph\">Une \u00e9ternit\u00e9. Reims est apparu en finale de la Coupe de France \u00e0 trois reprises, s\u2019imposant en 1950 face au RC Paris (2-0) et 1958, contre N\u00eemes (3-1), au stade Yves-du-Manoir de Colombes, avant de s\u2019incliner en 1977, contre l\u2019AS Saint-Etienne (1-2), au Parc des Princes. Un palmar\u00e8s \u00e9videmment sans commune mesure avec celui du Paris-SG, qui a remport\u00e9 15 de ses 20 finales de Coupe de France,\u00a0<a href=\"http:\/\/www.lefigaro.fr\/sports\/football\/coupe-de-france\/les-notes-de-lyon-psg-dembele-lumineux-mbappe-maladroit-perri-presque-parfait-20240525\" data-fig-type=\"NewsFlash\" data-gtm-custom-categorie=\"navigation\" data-gtm-custom-action=\"crossclick\" data-gtm-custom-label=\"Contextuel\" data-gtm-event=\"customEventSPE\" data-fig-domain=\"LEFIGARO\" rel=\"nofollow noopener\" target=\"_blank\">dont celle de l\u2019an dernier, contre Lyon (2-1)<\/a>. \u00c0 noter que quatre clubs ont remport\u00e9 la Coupe de France et \u00e9t\u00e9 rel\u00e9gu\u00e9s en deuxi\u00e8me division la m\u00eame saison, Saint-\u00c9tienne (1962), Nice (1997), Strasbourg (2001) et Lorient (2002). Le Stade de Reims esp\u00e9rera ne pas agrandir cette liste\u2026<\/p>\n<p>Quels records \u00e0 battre pour le PSG\u00a0?<\/p>\n<p class=\"fig-paragraph\">Le club de la capitale est d\u00e9j\u00e0 en t\u00eate au nombre de troph\u00e9es (15) et d\u2019apparition en finale (20). Il d\u00e9tient aussi la plus longue s\u00e9rie de victoires, quatre \u00e0 la suite entre 2015 et 2018, et d\u2019apparitions en finale, sept de rang entre 2015 et 2021. Le plus grand nombre de doubl\u00e9s championnat\/Coupe de France\u00a0? C\u2019est aussi la propri\u00e9t\u00e9 du PSG, qui a r\u00e9alis\u00e9 cette performance \u00e0 cinq reprises (2015, 2016, 2018, 2020 et 2024) et vise bien \u00e9videmment la passe de six apr\u00e8s\u00a0<a href=\"http:\/\/www.lefigaro.fr\/sports\/football\/ligue-1\/ligue-1-le-psg-champion-attendu-et-frais-a-la-fois-20250405\" data-fig-type=\"NewsFlash\" data-gtm-custom-categorie=\"navigation\" data-gtm-custom-action=\"crossclick\" data-gtm-custom-label=\"Contextuel\" data-gtm-event=\"customEventSPE\" data-fig-domain=\"LEFIGARO\" rel=\"nofollow noopener\" target=\"_blank\">l\u2019obtention du titre de champion de France<\/a>. Last but not least, Marquinhos est d\u2019ores et d\u00e9j\u00e0 le joueur le plus titr\u00e9 de la comp\u00e9tition, avec sept troph\u00e9es (2015, 2016, 2017, 2018, 2020, 2021 et 2024). En clair, le Paris Saint-Germain a d\u00e9j\u00e0 fait une sacr\u00e9e razzia en termes de records\u2026<\/p>\n<p class=\"fig-paragraph\">Les joueurs de Luis Enrique peuvent garder en t\u00eate que Saint-Etienne a \u00e9cras\u00e9 Nantes 5-0 lors de la finale 1970, c\u2019est un record, sachant que la finale la plus prolifique date de 1957 et un 6-3 entre Toulouse et Angers. Soulignons enfin que seuls deux clubs ont remport\u00e9 la Coupe de France sans disputer le moindre match \u00e0 domicile pendant leur parcours, Bordeaux en 2013 et\u2026 le Paris Saint-Germain, en 2020. Bis repetita en 2025 pour les Rouge et Bleu\u00a0?<\/p>\n<p class=\"fig-body-link\">\n            \u00c0 lire aussi<br \/>\n        <a class=\"fig-body-link__link\" href=\"http:\/\/www.lefigaro.fr\/sports\/football\/transferts\/mercato-j-ai-encore-beaucoup-a-donner-a-cette-equipe-l-appel-du-pied-de-marquinhos-au-psg-20250523\" data-fig-type=\"NewsFlash\" data-gtm-custom-categorie=\"navigation\" data-gtm-custom-action=\"crossclick\" data-gtm-custom-label=\"Contextuel\" data-gtm-event=\"customEventSPE\" data-fig-domain=\"LEFIGARO\" rel=\"nofollow noopener\" target=\"_blank\">Mercato\u00a0: \u00abJ\u2019ai encore beaucoup \u00e0 donner \u00e0 cette \u00e9quipe\u00bb, l\u2019appel du pied de Marquinhos au PSG<br \/>\n    <\/a>\n<\/p>\n<p>Barrages de Ligue 1 et Ligue des champions, quelle influence\u00a0?<\/p>\n<p class=\"fig-paragraph\">Pour le PSG, cette finale repr\u00e9sente un dernier galop d\u2019essai avant de se tourner vers la finale de C1 \u00e0 Munich. A priori, Luis Enrique n\u2019a pas vocation \u00e0 faire tourner son effectif. Depuis leur qualification face \u00e0 Arsenal, en demi-finales, les Parisiens n\u2019ont jou\u00e9 que deux matchs de championnat, \u00e0 Montpellier (1-4) et\u00a0<a href=\"http:\/\/www.lefigaro.fr\/sports\/football\/ligue-1\/psg-auxerre-kvara-voit-double-le-parc-en-feu-paris-fete-son-sacre-avec-la-maniere-20250517\" data-fig-type=\"NewsFlash\" data-gtm-custom-categorie=\"navigation\" data-gtm-custom-action=\"crossclick\" data-gtm-custom-label=\"Contextuel\" data-gtm-event=\"customEventSPE\" data-fig-domain=\"LEFIGARO\" rel=\"nofollow noopener\" target=\"_blank\">contre Auxerre (3-1)<\/a>. En plus, Luis Enrique a permis \u00e0 plusieurs de ses cadres de couper pendant plusieurs jours. En termes de fra\u00eecheur mentale et physique, pas de souci. Le PSG a besoin de rythme. Et donc d\u2019\u00eatre \u00e0 fond ce samedi. Pour Reims, la priorit\u00e9 est ailleurs.<\/p>\n<p class=\"fig-paragraph\">Tomb\u00e9s \u00e0 la 16e place \u00e0 la derni\u00e8re seconde de\u00a0<a href=\"https:\/\/www.lefigaro.fr\/sports\/football\/ligue-1\/calendrier-resultats\" target=\"_blank\" rel=\"noopener nofollow\" data-gtm-custom-categorie=\"navigation\" data-gtm-custom-action=\"crossclick\" data-gtm-custom-label=\"Contextuel\" data-gtm-event=\"customEventSPE\">la 34e journ\u00e9e<\/a>, les joueurs de Samba Diawara jouent leur survie au sein de l\u2019\u00e9lite en barrages, contre Metz.\u00a0<a href=\"http:\/\/www.lefigaro.fr\/sports\/football\/ligue-1\/ligue-1-metz-et-reims-se-neutralisent-en-barrage-aller-20250521\" data-fig-type=\"NewsFlash\" data-gtm-custom-categorie=\"navigation\" data-gtm-custom-action=\"crossclick\" data-gtm-custom-label=\"Contextuel\" data-gtm-event=\"customEventSPE\" data-fig-domain=\"LEFIGARO\" rel=\"nofollow noopener\" target=\"_blank\">Match aller mercredi dernier (1-1)<\/a>, match retour jeudi prochain. Si la finale passe de facto \u00abau second plan\u00bb, le coach r\u00e9mois n\u2019entend pas la galvauder. \u00abJe ne pourrais pas me regarder dans une glace si je disais \u00e0 mes joueurs de ne pas disputer cette Coupe de France\u00bb, assure-t-il, \u00e9voquant \u00abun match d\u2019amusement\u00bb dans le sens ou Reims n\u2019a qu\u2019une \u00abinfime chance\u00bb de l\u2019emporter. Une id\u00e9e fixe\u00a0: \u00abQu\u2019on n\u2019hypoth\u00e8que pas nos chances pour jeudi prochain\u00bb. \u00c0 voir comment tout cela se traduit en termes de composition.<\/p>\n<p>Pourquoi Strasbourg et Lyon supporteront le PSG\u00a0?<\/p>\n<p class=\"fig-paragraph\">L\u2019effet papillon. La panenka d\u2019Abdoulaye Tour\u00e9 \u00e0 la 99e minute du match de\u00a0<a href=\"https:\/\/www.lefigaro.fr\/sports\/football\/ligue-1\/calendrier-resultats?journee=34\" target=\"_blank\" rel=\"noopener nofollow\" data-gtm-custom-categorie=\"navigation\" data-gtm-custom-action=\"crossclick\" data-gtm-custom-label=\"Contextuel\" data-gtm-event=\"customEventSPE\">la 34e journ\u00e9e de Ligue 1<\/a>\u00a0entre Strasbourg et Le Havre a eu des cons\u00e9quences majeures \u00e0 tous les \u00e9tages. Elle a d\u2019abord permis\u00a0<a href=\"http:\/\/www.lefigaro.fr\/sports\/football\/ligue-1\/ligue-1-direction-ligue-2-pour-saint-etienne-le-havre-heroique-reims-en-sursis-20250517\" data-fig-type=\"NewsFlash\" data-gtm-custom-categorie=\"navigation\" data-gtm-custom-action=\"crossclick\" data-gtm-custom-label=\"Contextuel\" data-gtm-event=\"customEventSPE\" data-fig-domain=\"LEFIGARO\" rel=\"nofollow noopener\" target=\"_blank\">au HAC d\u2019assurer son maintien<\/a>, tout en poussant Reims en barrages. Ce n\u2019est pas tout\u00a0:\u00a0<a href=\"http:\/\/www.lefigaro.fr\/sports\/football\/ligue-1\/ligue-1-nice-en-ligue-des-champions-lyon-qualifie-in-extremis-strasbourg-peut-s-en-mordre-les-doigts-20250517\" data-fig-type=\"NewsFlash\" data-gtm-custom-categorie=\"navigation\" data-gtm-custom-action=\"crossclick\" data-gtm-custom-label=\"Contextuel\" data-gtm-event=\"customEventSPE\" data-fig-domain=\"LEFIGARO\" rel=\"nofollow noopener\" target=\"_blank\">Lyon a profit\u00e9 de la d\u00e9faite strasbourgeoise pour s\u2019inviter en coupe d\u2019Europe<\/a>. \u00c0 l\u2019heure qu\u2019il est, les Gones ont un billet pour la Ligue Europa Conf\u00e9rence. Et Strasbourg, qui pouvait encore r\u00eaver de la Ligue des champions il n\u2019y a pas si longtemps\u00a0? Rien. Les Alsaciens ont termin\u00e9 septi\u00e8mes\u00a0<a href=\"https:\/\/www.lefigaro.fr\/sports\/football\/ligue-1\/classement\" target=\"_blank\" rel=\"noopener nofollow\" data-gtm-custom-categorie=\"navigation\" data-gtm-custom-action=\"crossclick\" data-gtm-custom-label=\"Contextuel\" data-gtm-event=\"customEventSPE\">au classement du championnat<\/a>. Ils n\u2019ont plus qu\u2019\u00e0 esp\u00e9rer un coup de pouce du PSG\u00a0: en cas de victoire parisienne ce samedi, Strasbourg h\u00e9riterait d\u2019une place en Ligue Europa Conf\u00e9rence, tandis que Lyon serait promu en Ligue Europa. Sans quoi, c\u2019est Reims qui h\u00e9riterait du deuxi\u00e8me billet en C3. Et les Strasbourgeois n\u2019auraient que leurs yeux pour pleurer\u2026<\/p>\n","protected":false},"excerpt":{"rendered":"D\u00c9CRYPTAGE \u2013 Tout ce qu\u2019il faut savoir avant la finale de Coupe de France opposant ce samedi, \u00e0&hellip;\n","protected":false},"author":2,"featured_media":124049,"comment_status":"","ping_status":"","sticky":false,"template":"","format":"standard","meta":{"footnotes":""},"categories":[2820],"tags":[1111,11,525,1981,615,83,814,1777,674,2257,63,1011,27,775,955,12,93,4448,25,1980,464,640],"class_list":{"0":"post-124048","1":"post","2":"type-post","3":"status-publish","4":"format-standard","5":"has-post-thumbnail","7":"category-strasbourg","8":"tag-actu","9":"tag-actualites","10":"tag-calendrier","11":"tag-classement","12":"tag-coupe","13":"tag-coupe-de-france","14":"tag-direct","15":"tag-eu","16":"tag-europe","17":"tag-foot","18":"tag-football","19":"tag-fr","20":"tag-france","21":"tag-grand-est","22":"tag-match","23":"tag-news","24":"tag-psg","25":"tag-rc-strasbourg","26":"tag-republique-francaise","27":"tag-resultats","28":"tag-stade-de-reims","29":"tag-strasbourg"},"share_on_mastodon":{"url":"https:\/\/pubeurope.com\/@fr\/114561822421051846","error":""},"_links":{"self":[{"href":"https:\/\/www.europesays.com\/fr\/wp-json\/wp\/v2\/posts\/124048","targetHints":{"allow":["GET"]}}],"collection":[{"href":"https:\/\/www.europesays.com\/fr\/wp-json\/wp\/v2\/posts"}],"about":[{"href":"https:\/\/www.europesays.com\/fr\/wp-json\/wp\/v2\/types\/post"}],"author":[{"embeddable":true,"href":"https:\/\/www.europesays.com\/fr\/wp-json\/wp\/v2\/users\/2"}],"replies":[{"embeddable":true,"href":"https:\/\/www.europesays.com\/fr\/wp-json\/wp\/v2\/comments?post=124048"}],"version-history":[{"count":0,"href":"https:\/\/www.europesays.com\/fr\/wp-json\/wp\/v2\/posts\/124048\/revisions"}],"wp:featuredmedia":[{"embeddable":true,"href":"https:\/\/www.europesays.com\/fr\/wp-json\/wp\/v2\/media\/124049"}],"wp:attachment":[{"href":"https:\/\/www.europesays.com\/fr\/wp-json\/wp\/v2\/media?parent=124048"}],"wp:term":[{"taxonomy":"category","embeddable":true,"href":"https:\/\/www.europesays.com\/fr\/wp-json\/wp\/v2\/categories?post=124048"},{"taxonomy":"post_tag","embeddable":true,"href":"https:\/\/www.europesays.com\/fr\/wp-json\/wp\/v2\/tags?post=124048"}],"curies":[{"name":"wp","href":"https:\/\/api.w.org\/{rel}","templated":true}]}}