{"id":124054,"date":"2025-05-24T08:20:05","date_gmt":"2025-05-24T08:20:05","guid":{"rendered":"https:\/\/www.europesays.com\/fr\/124054\/"},"modified":"2025-05-24T08:20:05","modified_gmt":"2025-05-24T08:20:05","slug":"pres-de-nantes-cette-ligne-electrique-de-90-000-volts-va-etre-supprimee-cet-ete","status":"publish","type":"post","link":"https:\/\/www.europesays.com\/fr\/124054\/","title":{"rendered":"Pr\u00e8s de Nantes, cette ligne \u00e9lectrique de 90 000 volts va \u00eatre supprim\u00e9e cet \u00e9t\u00e9"},"content":{"rendered":"<p>            Par<br \/>\n        <strong><br \/>\n            <a href=\"https:\/\/actu.fr\/auteur\/journaliste-sm\" title=\"Consulter tous les articles de R\u00e9daction Clisson\" target=\"_blank\" rel=\"noopener\">R\u00e9daction Clisson<\/a><br \/>\n        <\/strong><\/p>\n<p>        Publi\u00e9 le<\/p>\n<p>            23 mai 2025 \u00e0 16h16        <\/p>\n<p>Il y a deux ans, le maire de <a href=\"https:\/\/actu.fr\/pays-de-la-loire\/basse-goulaine_44009\" target=\"_blank\" rel=\"noopener\"><b>Basse-Goulaine<\/b><\/a>, Alain Vey avait particip\u00e9 \u00e0 une r\u00e9union destin\u00e9e \u00e0 pr\u00e9senter<b> le projet de d\u00e9construction partielle de la ligne a\u00e9rienne de 90\u2009000 volts <\/b>qui traverse la commune depuis le <a href=\"https:\/\/www.basse-goulaine.fr\/medias\/2025\/03\/info-travaux-depose-Lion-dOr-Le-Praud-Nantes-Vertou-St-Sebastien-Basse-Goulaine.pdf\" target=\"_blank\" rel=\"noopener\">poste du Lion d\u2019Or<\/a> pour l\u2019enfouir. Un projet qui date d\u2019il y a une vingtaine d\u2019ann\u00e9es.<\/p>\n<p>Travaux en ao\u00fbt<\/p>\n<p class=\" wall-content\">Il est sur le point d\u2019\u00eatre concr\u00e9tis\u00e9.<b> Les travaux sur la commune auront lieu du 4 au 29\u00a0ao\u00fbt prochain<\/b>. Pour rappel,<b> la ville est travers\u00e9e par deux lignes \u00e9lectriques\u2009:<\/b> une de 90\u2009000 volts (3 c\u00e2bles sur des pyl\u00f4nes ordinaires) au nord de la commune et une autre haute-tension de 225 0000 volts (gros pyl\u00f4nes) qui, elle, passe notamment au-dessus du lotissement de Launay Sillay.<\/p>\n<p class=\" wall-content\">La ligne de 90\u2009000 volts passe par les rues de la Jarnigarni\u00e8re-Grandes Guibardi\u00e8res-Vend\u00e9e, le rond-point de la Champagn\u00e8re, l\u2019aire de jeux de la Champagn\u00e8re, la rue de l\u2019Echalier, le club canin et rejoint un pyl\u00f4ne au rond-point de la vall\u00e9e maraich\u00e8re (de l\u2019autre c\u00f4t\u00e9 de la route de Cholet par rapport \u00e0 Basse-Goulaine).<\/p>\n<p>    <img   decoding=\"async\" loading=\"lazy\" class=\"size-large\" src=\"https:\/\/www.europesays.com\/fr\/wp-content\/uploads\/2025\/05\/016960f5cee76356960f5cee739696v-960x640.jpg\" alt=\"Sur ce plan, la ligne 90 000 volts est en jaune\" width=\"960\" height=\"640\"\/><br \/>\n    Sur ce plan, la ligne 90\u2009000 volts est en jaune. \u00a9Mairie de Basse-GoulaineVid\u00e9os : en ce moment sur Actu<\/p>\n<p class=\" wall-content\">Pour assurer la continuit\u00e9 de cette alimentation qui, apr\u00e8s la commune, court le long de la vall\u00e9e maraich\u00e8re, un raccordement en souterrain sera r\u00e9alis\u00e9.<\/p>\n<blockquote class=\"ac-article-quote wall-content\">\n<p>La ligne passera par la route de desserte qui longe la 2X2 voies Nantes-Cholet puis traversera Haute-Goulaine. Le raccordement se fera sur le transformateur de 90\u2009000 volts situ\u00e9 \u00e0 c\u00f4t\u00e9 du Bois Brul\u00e9. Cet \u00e9quipement avait justement \u00e9t\u00e9 cr\u00e9\u00e9 il y a 20 ans pour accueillir cette ligne.<\/p>\n<p>La mairie<\/p><\/blockquote>\n<p class=\" wall-content\">Ces travaux sont financ\u00e9s par l\u2019\u00c9tat.<\/p>\n<p class=\" wall-content\">Suivez toute l\u2019actualit\u00e9 de vos villes et m\u00e9dias favoris en vous inscrivant \u00e0 <a href=\"https:\/\/moncompte.actu.fr\" title=\"D\u00e9couvez Mon Actu\" rel=\"nofollow noopener\" data-trk=\"{&quot;cta&quot;:{&quot;action&quot;:&quot;https:\\\/\\\/moncompte.actu.fr&quot;,&quot;category&quot;:&quot;mon compte&quot;,&quot;from&quot;:&quot;article footer&quot;,&quot;name&quot;:&quot;Mon actu&quot;,&quot;type&quot;:&quot;cta&quot;}}\" target=\"_blank\">Mon Actu<\/a>.<\/p>\n","protected":false},"excerpt":{"rendered":"Par R\u00e9daction Clisson Publi\u00e9 le 23 mai 2025 \u00e0 16h16 Il y a deux ans, le maire de&hellip;\n","protected":false},"author":2,"featured_media":124055,"comment_status":"","ping_status":"","sticky":false,"template":"","format":"standard","meta":{"footnotes":""},"categories":[2818],"tags":[1111,11,579,1777,674,1011,27,766,12,2636,25,104,2086,2900],"class_list":{"0":"post-124054","1":"post","2":"type-post","3":"status-publish","4":"format-standard","5":"has-post-thumbnail","7":"category-nantes","8":"tag-actu","9":"tag-actualites","10":"tag-electricite","11":"tag-eu","12":"tag-europe","13":"tag-fr","14":"tag-france","15":"tag-nantes","16":"tag-news","17":"tag-pays-de-la-loire","18":"tag-republique-francaise","19":"tag-societe","20":"tag-travaux","21":"tag-vignoble-nantais"},"share_on_mastodon":{"url":"https:\/\/pubeurope.com\/@fr\/114561838265690472","error":""},"_links":{"self":[{"href":"https:\/\/www.europesays.com\/fr\/wp-json\/wp\/v2\/posts\/124054","targetHints":{"allow":["GET"]}}],"collection":[{"href":"https:\/\/www.europesays.com\/fr\/wp-json\/wp\/v2\/posts"}],"about":[{"href":"https:\/\/www.europesays.com\/fr\/wp-json\/wp\/v2\/types\/post"}],"author":[{"embeddable":true,"href":"https:\/\/www.europesays.com\/fr\/wp-json\/wp\/v2\/users\/2"}],"replies":[{"embeddable":true,"href":"https:\/\/www.europesays.com\/fr\/wp-json\/wp\/v2\/comments?post=124054"}],"version-history":[{"count":0,"href":"https:\/\/www.europesays.com\/fr\/wp-json\/wp\/v2\/posts\/124054\/revisions"}],"wp:featuredmedia":[{"embeddable":true,"href":"https:\/\/www.europesays.com\/fr\/wp-json\/wp\/v2\/media\/124055"}],"wp:attachment":[{"href":"https:\/\/www.europesays.com\/fr\/wp-json\/wp\/v2\/media?parent=124054"}],"wp:term":[{"taxonomy":"category","embeddable":true,"href":"https:\/\/www.europesays.com\/fr\/wp-json\/wp\/v2\/categories?post=124054"},{"taxonomy":"post_tag","embeddable":true,"href":"https:\/\/www.europesays.com\/fr\/wp-json\/wp\/v2\/tags?post=124054"}],"curies":[{"name":"wp","href":"https:\/\/api.w.org\/{rel}","templated":true}]}}