{"id":124056,"date":"2025-05-24T08:21:14","date_gmt":"2025-05-24T08:21:14","guid":{"rendered":"https:\/\/www.europesays.com\/fr\/124056\/"},"modified":"2025-05-24T08:21:14","modified_gmt":"2025-05-24T08:21:14","slug":"un-sac-abandonne-dans-le-tram-train-le-trafic-arrete","status":"publish","type":"post","link":"https:\/\/www.europesays.com\/fr\/124056\/","title":{"rendered":"un sac abandonn\u00e9 dans le tram-train, le trafic arr\u00eat\u00e9"},"content":{"rendered":"<p>            Par<br \/>\n        <strong><br \/>\n            <a href=\"https:\/\/actu.fr\/auteur\/morgane-mace\" title=\"Consulter tous les articles de Morgane Mac\u00e9\" target=\"_blank\" rel=\"noopener\">Morgane Mac\u00e9<\/a><br \/>\n        <\/strong><\/p>\n<p>        Publi\u00e9 le<\/p>\n<p>            24 mai 2025 \u00e0 9h08        <\/p>\n<p>Vers 16\u2009h\u200930, <b>jeudi 22\u00a0mai 2025<\/b>, une \u00e9quipe de d\u00e9minage est intervenue dans un tram-train sur la ligne Nantes-Ch\u00e2teaubriant en gare de<b> Nort-sur-Erdre<\/b> (Loire-Atlantique), en raison d\u2019un bagage abandonn\u00e9. Le trafic a \u00e9t\u00e9 interrompu <b>pendant une heure<\/b>.<\/p>\n<p>Nantes-Ch\u00e2teaubriant\u2009: un sac abandonn\u00e9 dans le tram-train, le trafic arr\u00eat\u00e9<\/p>\n<p class=\" wall-content\">Jeudi 22\u00a0mai 2025 \u00e0 16\u2009h\u200930, l\u2019alerte a \u00e9t\u00e9 donn\u00e9e suite \u00e0 la d\u00e9couverte d\u2019un <b>sac \u00e0 dos \u00e0 l\u2019abandon <\/b>dans une rame du tram-train arrivant en gare de Nort-sur-Erdre (Loire-Atlantique), sur la ligne SNCF Nantes-Ch\u00e2teaubriant.<\/p>\n<p class=\" wall-content\">\n<p class=\" wall-content\">Selon la proc\u00e9dure d\u2019usage et en pr\u00e9sence des gendarmes, les <b>d\u00e9mineurs <\/b>ont proc\u00e9d\u00e9 \u00e0 une intervention sur place en installant un p\u00e9rim\u00e8tre de s\u00e9curit\u00e9, pour inspecter le bagage et s\u2019assurer de la s\u00e9curit\u00e9 de tous.<\/p>\n<p class=\" wall-content\">La circulation a \u00e9t\u00e9<b> interrompue pendant une heure<\/b> avant le retour \u00e0 la normale \u00e0 17h30.<\/p>\n<p class=\" wall-content\">Suivez toute l\u2019actualit\u00e9 de vos villes et m\u00e9dias favoris en vous inscrivant \u00e0 <a href=\"https:\/\/moncompte.actu.fr\" title=\"D\u00e9couvez Mon Actu\" rel=\"nofollow noopener\" data-trk=\"{&quot;cta&quot;:{&quot;action&quot;:&quot;https:\\\/\\\/moncompte.actu.fr&quot;,&quot;category&quot;:&quot;mon compte&quot;,&quot;from&quot;:&quot;article footer&quot;,&quot;name&quot;:&quot;Mon actu&quot;,&quot;type&quot;:&quot;cta&quot;}}\" target=\"_blank\">Mon Actu<\/a>.<\/p>\n<ul class=\"ac-article-tag wall-content\">\n<li><a href=\"https:\/\/actu.fr\/tag\/tram-train-nantes-chateaubriant\" data-trk=\"{&quot;cta&quot;:{&quot;action&quot;:&quot;Tram-train Nantes-Ch\\u00e2teaubriant&quot;,&quot;category&quot;:&quot;tag&quot;,&quot;from&quot;:&quot;article footer&quot;,&quot;name&quot;:&quot;Tram-train Nantes-Ch\\u00e2teaubriant&quot;,&quot;type&quot;:&quot;cta&quot;}}\" target=\"_blank\" rel=\"noopener\">#Tram-train Nantes-Ch\u00e2teaubriant<\/a><\/li>\n<\/ul>\n","protected":false},"excerpt":{"rendered":"Par Morgane Mac\u00e9 Publi\u00e9 le 24 mai 2025 \u00e0 9h08 Vers 16\u2009h\u200930, jeudi 22\u00a0mai 2025, une \u00e9quipe de&hellip;\n","protected":false},"author":2,"featured_media":124057,"comment_status":"","ping_status":"","sticky":false,"template":"","format":"standard","meta":{"footnotes":""},"categories":[2818],"tags":[1111,11,1777,674,118,1011,27,766,12,2636,25,23861],"class_list":{"0":"post-124056","1":"post","2":"type-post","3":"status-publish","4":"format-standard","5":"has-post-thumbnail","7":"category-nantes","8":"tag-actu","9":"tag-actualites","10":"tag-eu","11":"tag-europe","12":"tag-faits-divers","13":"tag-fr","14":"tag-france","15":"tag-nantes","16":"tag-news","17":"tag-pays-de-la-loire","18":"tag-republique-francaise","19":"tag-tram-train-nantes-chateaubriant"},"share_on_mastodon":{"url":"https:\/\/pubeurope.com\/@fr\/114561842538296832","error":""},"_links":{"self":[{"href":"https:\/\/www.europesays.com\/fr\/wp-json\/wp\/v2\/posts\/124056","targetHints":{"allow":["GET"]}}],"collection":[{"href":"https:\/\/www.europesays.com\/fr\/wp-json\/wp\/v2\/posts"}],"about":[{"href":"https:\/\/www.europesays.com\/fr\/wp-json\/wp\/v2\/types\/post"}],"author":[{"embeddable":true,"href":"https:\/\/www.europesays.com\/fr\/wp-json\/wp\/v2\/users\/2"}],"replies":[{"embeddable":true,"href":"https:\/\/www.europesays.com\/fr\/wp-json\/wp\/v2\/comments?post=124056"}],"version-history":[{"count":0,"href":"https:\/\/www.europesays.com\/fr\/wp-json\/wp\/v2\/posts\/124056\/revisions"}],"wp:featuredmedia":[{"embeddable":true,"href":"https:\/\/www.europesays.com\/fr\/wp-json\/wp\/v2\/media\/124057"}],"wp:attachment":[{"href":"https:\/\/www.europesays.com\/fr\/wp-json\/wp\/v2\/media?parent=124056"}],"wp:term":[{"taxonomy":"category","embeddable":true,"href":"https:\/\/www.europesays.com\/fr\/wp-json\/wp\/v2\/categories?post=124056"},{"taxonomy":"post_tag","embeddable":true,"href":"https:\/\/www.europesays.com\/fr\/wp-json\/wp\/v2\/tags?post=124056"}],"curies":[{"name":"wp","href":"https:\/\/api.w.org\/{rel}","templated":true}]}}