{"id":124068,"date":"2025-05-24T08:29:10","date_gmt":"2025-05-24T08:29:10","guid":{"rendered":"https:\/\/www.europesays.com\/fr\/124068\/"},"modified":"2025-05-24T08:29:10","modified_gmt":"2025-05-24T08:29:10","slug":"prives-de-bus-nocturne-les-habitants-de-la-solidarite-assignes-a-residence","status":"publish","type":"post","link":"https:\/\/www.europesays.com\/fr\/124068\/","title":{"rendered":"Priv\u00e9s de bus nocturne, les habitants de la Solidarit\u00e9 \u00ab\u00a0assign\u00e9s \u00e0 r\u00e9sidence\u00a0\u00bb"},"content":{"rendered":"<p>\t    Priv\u00e9s de bus nocturne, les habitants de la Solidarit\u00e9 \u00ab\u00a0assign\u00e9s \u00e0 r\u00e9sidence\u00a0\u00bb &#8211; Marsactu<\/p>\n<p>&#13;<br \/>\n\t\t&#13;<br \/>\n\t\tNous utilisons des cookies pour vous garantir la meilleure exp\u00e9rience sur notre site. Vous pouvez choisir de refuser les cookies.<a href=\"#\" id=\"cn-accept-cookie\" data-cookie-set=\"accept\" class=\"cn-set-cookie cn-button cn-button-custom button\" aria-label=\"J'accepte\">J&rsquo;accepte<\/a><a href=\"#\" id=\"cn-refuse-cookie\" data-cookie-set=\"refuse\" class=\"cn-set-cookie cn-button cn-button-custom button\" aria-label=\"Non\">Non<\/a><a href=\"https:\/\/marsactu.fr\/societe\/cgu\/\" target=\"_blank\" id=\"cn-more-info\" class=\"cn-more-info cn-button cn-button-custom button\" aria-label=\"En savoir plus\" rel=\"noopener\">En savoir plus<\/a><\/p>\n<p>\t\t&#13;<\/p>\n","protected":false},"excerpt":{"rendered":"Priv\u00e9s de bus nocturne, les habitants de la Solidarit\u00e9 \u00ab\u00a0assign\u00e9s \u00e0 r\u00e9sidence\u00a0\u00bb &#8211; Marsactu &#13; &#13; Nous utilisons&hellip;\n","protected":false},"author":2,"featured_media":124069,"comment_status":"","ping_status":"","sticky":false,"template":"","format":"standard","meta":{"footnotes":""},"categories":[2814],"tags":[1111,11,24663,24664,1777,674,1011,27,24665,884,12,882,2687,25,10783,2843],"class_list":{"0":"post-124068","1":"post","2":"type-post","3":"status-publish","4":"format-standard","5":"has-post-thumbnail","7":"category-marseille","8":"tag-actu","9":"tag-actualites","10":"tag-aixmarseillemetropole","11":"tag-busdenuit","12":"tag-eu","13":"tag-europe","14":"tag-fr","15":"tag-france","16":"tag-lasolidarite","17":"tag-marseille","18":"tag-news","19":"tag-provence-alpes-cote-dazur","20":"tag-reportage","21":"tag-republique-francaise","22":"tag-rtm","23":"tag-zaluwe"},"share_on_mastodon":{"url":"https:\/\/pubeurope.com\/@fr\/114561873593564038","error":""},"_links":{"self":[{"href":"https:\/\/www.europesays.com\/fr\/wp-json\/wp\/v2\/posts\/124068","targetHints":{"allow":["GET"]}}],"collection":[{"href":"https:\/\/www.europesays.com\/fr\/wp-json\/wp\/v2\/posts"}],"about":[{"href":"https:\/\/www.europesays.com\/fr\/wp-json\/wp\/v2\/types\/post"}],"author":[{"embeddable":true,"href":"https:\/\/www.europesays.com\/fr\/wp-json\/wp\/v2\/users\/2"}],"replies":[{"embeddable":true,"href":"https:\/\/www.europesays.com\/fr\/wp-json\/wp\/v2\/comments?post=124068"}],"version-history":[{"count":0,"href":"https:\/\/www.europesays.com\/fr\/wp-json\/wp\/v2\/posts\/124068\/revisions"}],"wp:featuredmedia":[{"embeddable":true,"href":"https:\/\/www.europesays.com\/fr\/wp-json\/wp\/v2\/media\/124069"}],"wp:attachment":[{"href":"https:\/\/www.europesays.com\/fr\/wp-json\/wp\/v2\/media?parent=124068"}],"wp:term":[{"taxonomy":"category","embeddable":true,"href":"https:\/\/www.europesays.com\/fr\/wp-json\/wp\/v2\/categories?post=124068"},{"taxonomy":"post_tag","embeddable":true,"href":"https:\/\/www.europesays.com\/fr\/wp-json\/wp\/v2\/tags?post=124068"}],"curies":[{"name":"wp","href":"https:\/\/api.w.org\/{rel}","templated":true}]}}