{"id":124078,"date":"2025-05-24T08:36:09","date_gmt":"2025-05-24T08:36:09","guid":{"rendered":"https:\/\/www.europesays.com\/fr\/124078\/"},"modified":"2025-05-24T08:36:09","modified_gmt":"2025-05-24T08:36:09","slug":"paris-incendie-dans-un-immeuble-de-montmartre-plusieurs-personnes-intoxiquees","status":"publish","type":"post","link":"https:\/\/www.europesays.com\/fr\/124078\/","title":{"rendered":"Paris : incendie dans un immeuble de Montmartre, plusieurs personnes intoxiqu\u00e9es"},"content":{"rendered":"<p>Un incendie s&rsquo;est d\u00e9clar\u00e9 dans la nuit de vendredi \u00e0 samedi dans un immeuble du quartier de Montmartre, \u00e0 Paris (18e arrondissement).Les occupants du logement, situ\u00e9 au 4e \u00e9tage, ont pu \u00eatre \u00e9vacu\u00e9s gr\u00e2ce \u00e0 l&rsquo;intervention rapide des sapeurs-pompiers.<\/p>\n<p data-module=\"article-paragraph\" class=\"jsx-362436225 Paragraph\">Un drame a \u00e9t\u00e9 \u00e9vit\u00e9 de justesse. Un incendie s\u2019est d\u00e9clar\u00e9 dans la nuit de vendredi 23 \u00e0 samedi 24 mai dans un immeuble du quartier touristique de Montmartre, \u00e0 Paris (18e arrondissement).\u00a0<\/p>\n<p data-module=\"article-paragraph\" class=\"jsx-362436225 Paragraph Paragraph__End\">\u00ab\u00a0Cette nuit, vers 3h, les pompiers de Paris sont intervenus pour un feu d\u2019appartement \u00e0 Paris 18\u00a0\u00bb, indiquait ce samedi matin le compte X de la brigade des sapeurs-pompiers de Paris, photos \u00e0 l&rsquo;appui.<\/p>\n<blockquote data-testid=\"EmbedTwitter\" id=\"tweet-1926152714272039203-:Rbmij9n79m:\" class=\"jsx-aeff1a1c40f54d7a twitter-tweet flex justify-center items-center\"><p>[\ud83d\udea8 #Intervention ] Cette nuit, vers 3 h, les pompiers de Paris sont intervenus pour un feu d\u2019appartement \u00e0 Paris 18. \ud83d\udd25L\u2019incendie d\u2019un appartement de 40m2 situ\u00e9 au 4e \u00e9tage, et de la cage d\u2019escalier a \u00e9t\u00e9 ma\u00eetris\u00e9 au moyen d\u2019une lance. \ud83d\udc68\u200d\ud83d\ude92 3 sauvetages ont \u00e9t\u00e9 r\u00e9alis\u00e9s.  pic.twitter.com\/1qZjCnqlEp \u2014 PompiersParis (@PompiersParis)  May 24, 2025<\/p><\/blockquote>\n<p data-module=\"article-paragraph\" class=\"jsx-362436225 Paragraph\">Les occupants du logement, situ\u00e9 rue Lepic, ont pu \u00eatre \u00e9vacu\u00e9s sain et sauf gr\u00e2ce \u00e0 l\u2019intervention rapide des sapeurs-pompiers de Paris.<\/p>\n<p data-module=\"article-paragraph\" class=\"jsx-362436225 Paragraph Paragraph__End\">\u00ab\u00a0L\u2019incendie d\u2019un appartement de 40 m\u00e8tres carr\u00e9s situ\u00e9 au 4e \u00e9tage, et de la cage d\u2019escalier, a \u00e9t\u00e9 ma\u00eetris\u00e9 au moyen d\u2019une lance\u00a0\u00bb, est-il pr\u00e9cis\u00e9. \u00ab\u00a0Trois sauvetages ont \u00e9t\u00e9 r\u00e9alis\u00e9s\u00a0\u00bb, ajoutent la brigade des pompiers de Paris. \u00ab\u00a0Cinq personnes ont \u00e9t\u00e9 l\u00e9g\u00e8rement intoxiqu\u00e9es\u00a0\u00bb, selon nos confr\u00e8res du journal Le Parisien.<\/p>\n<p>M.D.<\/p>\n<p><script async src=\"https:\/\/platform.twitter.com\/widgets.js\" charset=\"utf-8\"><\/script><\/p>\n","protected":false},"excerpt":{"rendered":"Un incendie s&rsquo;est d\u00e9clar\u00e9 dans la nuit de vendredi \u00e0 samedi dans un immeuble du quartier de Montmartre,&hellip;\n","protected":false},"author":2,"featured_media":124079,"comment_status":"","ping_status":"","sticky":false,"template":"","format":"standard","meta":{"footnotes":""},"categories":[1888],"tags":[1111,1928,11,1927,1921,1777,674,5582,1011,27,1310,1922,2954,12,1926,626,1925,4775,25,133,2953],"class_list":{"0":"post-124078","1":"post","2":"type-post","3":"status-publish","4":"format-standard","5":"has-post-thumbnail","7":"category-paris","8":"tag-actu","9":"tag-actu-paris","10":"tag-actualites","11":"tag-actualites-paris","12":"tag-article-video","13":"tag-eu","14":"tag-europe","15":"tag-forces-de-lordre-armee-pompiers","16":"tag-fr","17":"tag-france","18":"tag-incendie","19":"tag-info","20":"tag-justice-et-faits-divers","21":"tag-news","22":"tag-news-paris","23":"tag-paris","24":"tag-paris-news","25":"tag-pompier","26":"tag-republique-francaise","27":"tag-video","28":"tag-video-police"},"share_on_mastodon":{"url":"https:\/\/pubeurope.com\/@fr\/114561901047661816","error":""},"_links":{"self":[{"href":"https:\/\/www.europesays.com\/fr\/wp-json\/wp\/v2\/posts\/124078","targetHints":{"allow":["GET"]}}],"collection":[{"href":"https:\/\/www.europesays.com\/fr\/wp-json\/wp\/v2\/posts"}],"about":[{"href":"https:\/\/www.europesays.com\/fr\/wp-json\/wp\/v2\/types\/post"}],"author":[{"embeddable":true,"href":"https:\/\/www.europesays.com\/fr\/wp-json\/wp\/v2\/users\/2"}],"replies":[{"embeddable":true,"href":"https:\/\/www.europesays.com\/fr\/wp-json\/wp\/v2\/comments?post=124078"}],"version-history":[{"count":0,"href":"https:\/\/www.europesays.com\/fr\/wp-json\/wp\/v2\/posts\/124078\/revisions"}],"wp:featuredmedia":[{"embeddable":true,"href":"https:\/\/www.europesays.com\/fr\/wp-json\/wp\/v2\/media\/124079"}],"wp:attachment":[{"href":"https:\/\/www.europesays.com\/fr\/wp-json\/wp\/v2\/media?parent=124078"}],"wp:term":[{"taxonomy":"category","embeddable":true,"href":"https:\/\/www.europesays.com\/fr\/wp-json\/wp\/v2\/categories?post=124078"},{"taxonomy":"post_tag","embeddable":true,"href":"https:\/\/www.europesays.com\/fr\/wp-json\/wp\/v2\/tags?post=124078"}],"curies":[{"name":"wp","href":"https:\/\/api.w.org\/{rel}","templated":true}]}}