{"id":124082,"date":"2025-05-24T08:38:12","date_gmt":"2025-05-24T08:38:12","guid":{"rendered":"https:\/\/www.europesays.com\/fr\/124082\/"},"modified":"2025-05-24T08:38:12","modified_gmt":"2025-05-24T08:38:12","slug":"villa-minuty-un-ete-mediterraneen-sur-le-rooftop-du-brach-paris","status":"publish","type":"post","link":"https:\/\/www.europesays.com\/fr\/124082\/","title":{"rendered":"Villa Minuty : un \u00e9t\u00e9 m\u00e9diterran\u00e9en sur le rooftop du Brach Paris"},"content":{"rendered":"<p><img loading=\"lazy\" decoding=\"async\" alt=\"\u00a9 Cl\u00e9lia Stevenard - La Villa Minuty s'installe sur les toits de Paris pour l'\u00e9t\u00e9.\" data-zoom-src=\"https:\/\/www.europesays.com\/fr\/wp-content\/uploads\/2025\/05\/initial-villa-minuty.jpg\" data-zoomable=\"\" height=\"702\" src=\"https:\/\/www.europesays.com\/fr\/wp-content\/uploads\/2025\/05\/initial-villa-minuty.jpg\" width=\"1248\"\/>  <\/p>\n<p class=\"article-desc\">\u00a9 Cl\u00e9lia Stevenard &#8211; La Villa Minuty s&rsquo;installe sur les toits de Paris pour l&rsquo;\u00e9t\u00e9. <\/p>\n<p data-end=\"841\" data-start=\"491\">Un vent de Provence souffle sur le 16e arrondissement. Depuis les hauteurs du Brach Paris, la <strong>Villa Minuty<\/strong> d\u00e9ploie ses accents azur\u00e9ens dans un d\u00e9cor estival raffin\u00e9. \u00ab\u00a0Chaque d\u00e9tail de ce nouveau <a href=\"https:\/\/mesinfos.fr\/75000-paris\/le-rendez-vous-chic-et-festif-de-l-ete-au-rooftop-molitor-222897.html\" rel=\"noopener nofollow\" target=\"_blank\">rooftop<\/a>, du mobilier aux couleurs inspir\u00e9es des rivages azur\u00e9ens, a \u00e9t\u00e9 soigneusement pens\u00e9 pour recr\u00e9er l\u2019atmosph\u00e8re de la Presqu\u2019\u00eele de Saint-Tropez\u00a0\u00bb, ont d\u00e9clar\u00e9 les organisateurs. <\/p>\n<p> Une Minuty face \u00e0 la tour Eiffel <\/p>\n<p data-end=\"1223\" data-start=\"843\">Le domaine viticole Minuty s\u2019offre ainsi une <strong>vitrine parisienne<\/strong> unique avec cette activation in\u00e9dite : \u00ab\u00a0La Villa Minuty est l\u2019adresse id\u00e9ale pour d\u00e9guster un verre de Minuty, avec la Tour Eiffel comme toile de fond\u00a0\u00bb, a pr\u00e9cis\u00e9 le communiqu\u00e9. Nich\u00e9 au sommet de l\u2019h\u00f4tel imagin\u00e9 par Philippe Starck, le <strong>rooftop du Brach <\/strong>a \u00e9t\u00e9 enti\u00e8rement repens\u00e9 pour offrir une exp\u00e9rience immersive dans l\u2019univers Minuty.<\/p>\n<p> <img decoding=\"async\" alt=\"\" data-zoomable=\"\" height=\"533\" loading=\"lazy\" src=\"https:\/\/www.europesays.com\/fr\/wp-content\/uploads\/2025\/05\/rooftop-villa-minuty.jpg\" width=\"800\"\/> \u00a9 Cl\u00e9lia Stevenard &#8211; Le Brach Paris se met au ros\u00e9 pour l&rsquo;\u00e9t\u00e9. <\/p>\n<p data-end=\"1583\" data-start=\"1225\">La carte fait la part belle \u00e0 la <strong>Provence<\/strong> avec des mets typiques : poivron farci au thon et ch\u00e8vre, tapenade d\u2019olives \u00e0 la figue, artichaut poivrade confit \u00e0 l\u2019huile d\u2019olive, ventr\u00e8che de thon, pecorino, barquettes de tomates, l\u00e9gumes du potager ou fruits rouges. Des bouch\u00e9es \u00e0 partager de 17 h \u00e0 minuit, pens\u00e9es pour sublimer les <strong>grands ros\u00e9s de la Maison<\/strong>. <\/p>\n<p data-end=\"1981\" data-start=\"1585\">Les cuv\u00e9es signatures <strong>Ch\u00e2teau Minuty Or<\/strong> et la cuv\u00e9e 281 sont \u00e0 l\u2019honneur.\u00a0Rose et Or, issu d\u2019un assemblage Grenache, Cinsault, Syrah et Rolle, s\u00e9duit par sa fra\u00eecheur. Blanc et Or s\u2019impose avec son expression aromatique intense, tandis que Rouge et Or affirme une personnalit\u00e9 plus rac\u00e9e. Quant \u00e0 la cuv\u00e9e Ch\u00e2teau Minuty 281, elle r\u00e9v\u00e8le toute la richesse du terroir de Gassin.\u00a0<\/p>\n<p> <img decoding=\"async\" alt=\"\" data-zoomable=\"\" height=\"533\" loading=\"lazy\" src=\"https:\/\/www.europesays.com\/fr\/wp-content\/uploads\/2025\/05\/rooftop-restaurant-villa-minuty.jpg\" width=\"800\"\/> \u00a9 Cl\u00e9lia Stevenard &#8211; Le rooftop est ouvert de 17 h \u00e0 minuit. <\/p>\n<p data-end=\"2856\" data-start=\"2628\">\u00a0<\/p>\n","protected":false},"excerpt":{"rendered":"\u00a9 Cl\u00e9lia Stevenard &#8211; La Villa Minuty s&rsquo;installe sur les toits de Paris pour l&rsquo;\u00e9t\u00e9. Un vent de&hellip;\n","protected":false},"author":2,"featured_media":124083,"comment_status":"","ping_status":"","sticky":false,"template":"","format":"standard","meta":{"footnotes":""},"categories":[1888],"tags":[11,1777,674,1011,27,12,626,25,10022],"class_list":{"0":"post-124082","1":"post","2":"type-post","3":"status-publish","4":"format-standard","5":"has-post-thumbnail","7":"category-paris","8":"tag-actualites","9":"tag-eu","10":"tag-europe","11":"tag-fr","12":"tag-france","13":"tag-news","14":"tag-paris","15":"tag-republique-francaise","16":"tag-rooftop"},"share_on_mastodon":{"url":"https:\/\/pubeurope.com\/@fr\/114561909102963015","error":""},"_links":{"self":[{"href":"https:\/\/www.europesays.com\/fr\/wp-json\/wp\/v2\/posts\/124082","targetHints":{"allow":["GET"]}}],"collection":[{"href":"https:\/\/www.europesays.com\/fr\/wp-json\/wp\/v2\/posts"}],"about":[{"href":"https:\/\/www.europesays.com\/fr\/wp-json\/wp\/v2\/types\/post"}],"author":[{"embeddable":true,"href":"https:\/\/www.europesays.com\/fr\/wp-json\/wp\/v2\/users\/2"}],"replies":[{"embeddable":true,"href":"https:\/\/www.europesays.com\/fr\/wp-json\/wp\/v2\/comments?post=124082"}],"version-history":[{"count":0,"href":"https:\/\/www.europesays.com\/fr\/wp-json\/wp\/v2\/posts\/124082\/revisions"}],"wp:featuredmedia":[{"embeddable":true,"href":"https:\/\/www.europesays.com\/fr\/wp-json\/wp\/v2\/media\/124083"}],"wp:attachment":[{"href":"https:\/\/www.europesays.com\/fr\/wp-json\/wp\/v2\/media?parent=124082"}],"wp:term":[{"taxonomy":"category","embeddable":true,"href":"https:\/\/www.europesays.com\/fr\/wp-json\/wp\/v2\/categories?post=124082"},{"taxonomy":"post_tag","embeddable":true,"href":"https:\/\/www.europesays.com\/fr\/wp-json\/wp\/v2\/tags?post=124082"}],"curies":[{"name":"wp","href":"https:\/\/api.w.org\/{rel}","templated":true}]}}