{"id":124086,"date":"2025-05-24T08:40:10","date_gmt":"2025-05-24T08:40:10","guid":{"rendered":"https:\/\/www.europesays.com\/fr\/124086\/"},"modified":"2025-05-24T08:40:10","modified_gmt":"2025-05-24T08:40:10","slug":"kiev-de-nouveau-frappee-en-pleine-nuit-par-des-missiles-russes-au-moins-15-blesses","status":"publish","type":"post","link":"https:\/\/www.europesays.com\/fr\/124086\/","title":{"rendered":"Kiev de nouveau frapp\u00e9e en pleine nuit par des missiles russes, au moins 15 bless\u00e9s"},"content":{"rendered":"<p>Une attaque massive de drones et de missiles russes sur Kiev a fait au moins 15 bless\u00e9s t\u00f4t samedi matin, jour o\u00f9 les deux bellig\u00e9rants doivent proc\u00e9der \u00e0 la deuxi\u00e8me phase d\u2019un \u00e9change record de prisonniers. \u00ab\u00a0La capitale et sa r\u00e9gion subissent \u00e0 nouveau une attaque massive de l\u2019ennemi. Les syst\u00e8mes de d\u00e9fense antia\u00e9rienne fonctionnent en permanence \u00e0 Kiev et dans sa banlieue\u00a0\u00bb, a indiqu\u00e9 sur Telegram le maire de Kiev, Vitali Klitschko. Les forces a\u00e9riennes ont affirm\u00e9 dans un communiqu\u00e9 avoir \u00ab\u00a0abattu six missiles balistiques Iskander-M \/ KN-23 et neutralis\u00e9 245 UAV ennemis de type Shahed\u00a0\u00bb, sur un total de 14 missiles balistiques et 250 drones.<\/p>\n<p>\u00c0 lire aussi <a href=\"https:\/\/www.parismatch.com\/actu\/international\/guerre-en-ukraine-les-enregistrements-qui-montrent-des-prisonniers-ukrainiens-executes-par-les-russes-251842\" rel=\"nofollow noopener\" target=\"_blank\" data-ylk=\"slk:\u00ab\u00a0Prenez le commandant en captivit\u00e9 et tuez tous les autres\u00a0\u00bb\u00a0: des enregistrements de la guerre en Ukraine diffus\u00e9s;elm:context_link;itc:0;sec:content-canvas\" class=\"link \">\u00ab\u00a0Prenez le commandant en captivit\u00e9 et tuez tous les autres\u00a0\u00bb\u00a0: des enregistrements de la guerre en Ukraine diffus\u00e9s <\/a><\/p>\n<p>Des journalistes de l\u2019AFP ont entendu des explosions dans la nuit. Le maire et l\u2019administration civile et militaire de Kiev ont fait \u00e9tat de plusieurs incendies et de chutes de d\u00e9bris de missiles et de drones sur des immeubles dans un grand nombre de quartiers de la ville. Plus t\u00f4t vendredi, deux personnes avaient \u00e9t\u00e9 tu\u00e9es dans des frappes russes sur le port d\u2019Odessa (sud) et trois dans la r\u00e9gion de Kherson (sud), tandis que l\u2019arm\u00e9e russe a de son c\u00f4t\u00e9 indiqu\u00e9 que l\u2019Ukraine avait vis\u00e9 le territoire russe avec 788 drones et missiles depuis mardi, dont 776 ont \u00e9t\u00e9 abattus.<\/p>\n<p><a href=\"https:\/\/www.parismatch.com\/actu\/international\/guerre-en-ukraine-kiev-de-nouveau-frappee-en-pleine-nuit-par-des-missiles-russes-au-moins-15-blesses-251860?at_medium=affiliate&amp;at_campaign=Yahoo\" rel=\"nofollow noopener\" target=\"_blank\" data-ylk=\"slk:Lire la suite sur ParisMatch;elm:context_link;itc:0;sec:content-canvas\" class=\"link \">Lire la suite sur ParisMatch<\/a><\/p>\n","protected":false},"excerpt":{"rendered":"Une attaque massive de drones et de missiles russes sur Kiev a fait au moins 15 bless\u00e9s t\u00f4t&hellip;\n","protected":false},"author":2,"featured_media":124087,"comment_status":"","ping_status":"","sticky":false,"template":"","format":"standard","meta":{"footnotes":""},"categories":[1590],"tags":[11,1777,674,11229,24668,24667,24666,12,220,14746],"class_list":{"0":"post-124086","1":"post","2":"type-post","3":"status-publish","4":"format-standard","5":"has-post-thumbnail","7":"category-ukraine","8":"tag-actualites","9":"tag-eu","10":"tag-europe","11":"tag-kiev","12":"tag-les-systemes-de-defense-antiaerienne","13":"tag-missiles-balistiques","14":"tag-missiles-russes","15":"tag-news","16":"tag-ukraine","17":"tag-vitali-klitschko"},"share_on_mastodon":{"url":"https:\/\/pubeurope.com\/@fr\/114561916899728659","error":""},"_links":{"self":[{"href":"https:\/\/www.europesays.com\/fr\/wp-json\/wp\/v2\/posts\/124086","targetHints":{"allow":["GET"]}}],"collection":[{"href":"https:\/\/www.europesays.com\/fr\/wp-json\/wp\/v2\/posts"}],"about":[{"href":"https:\/\/www.europesays.com\/fr\/wp-json\/wp\/v2\/types\/post"}],"author":[{"embeddable":true,"href":"https:\/\/www.europesays.com\/fr\/wp-json\/wp\/v2\/users\/2"}],"replies":[{"embeddable":true,"href":"https:\/\/www.europesays.com\/fr\/wp-json\/wp\/v2\/comments?post=124086"}],"version-history":[{"count":0,"href":"https:\/\/www.europesays.com\/fr\/wp-json\/wp\/v2\/posts\/124086\/revisions"}],"wp:featuredmedia":[{"embeddable":true,"href":"https:\/\/www.europesays.com\/fr\/wp-json\/wp\/v2\/media\/124087"}],"wp:attachment":[{"href":"https:\/\/www.europesays.com\/fr\/wp-json\/wp\/v2\/media?parent=124086"}],"wp:term":[{"taxonomy":"category","embeddable":true,"href":"https:\/\/www.europesays.com\/fr\/wp-json\/wp\/v2\/categories?post=124086"},{"taxonomy":"post_tag","embeddable":true,"href":"https:\/\/www.europesays.com\/fr\/wp-json\/wp\/v2\/tags?post=124086"}],"curies":[{"name":"wp","href":"https:\/\/api.w.org\/{rel}","templated":true}]}}