{"id":124092,"date":"2025-05-24T08:43:24","date_gmt":"2025-05-24T08:43:24","guid":{"rendered":"https:\/\/www.europesays.com\/fr\/124092\/"},"modified":"2025-05-24T08:43:24","modified_gmt":"2025-05-24T08:43:24","slug":"bien-lances-contre-lallemagne-3-0","status":"publish","type":"post","link":"https:\/\/www.europesays.com\/fr\/124092\/","title":{"rendered":"Bien lanc\u00e9s contre l&rsquo;Allemagne (3-0)"},"content":{"rendered":"<p>                                                              <img data-twic-src=\"https:\/\/www.europesays.com\/fr\/wp-content\/uploads\/2025\/05\/ce2fd5075c170db1c66eb18ec2203144.jpeg\" data-credit=\"Ben McSHANE \/ Sportsfile \/ UEFA via Getty Images\" title=\"Ben McSHANE \/ Sportsfile \/ UEFA via Getty Images\" alt=\"R\u00e9mi Himbert\" class=\"block\"\/>                                        <\/p>\n<p style=\"font-weight: bold\">En dominant l&rsquo;Allemagne (3-0), les U17 tricolores ont sign\u00e9 des d\u00e9buts prometteurs dans l&rsquo;Euro 2025, lundi 19 mai \u00e0 Elbasan (photo), en Albanie. Prochain adversaire, le Portugal, jeudi. <\/p>\n<p>D\u00e9collage r\u00e9ussi pour l&rsquo;\u00e9quipe de France U17 dans l&rsquo;Euro 2025 organis\u00e9 en Albanie (19 mai-1er juin). Elle a fait le plein de points et de confiance avec une victoire autoritaire 3 \u00e0 0 face \u00e0 l&rsquo;Allemagne, pour son premier match du groupe A, lundi soir \u00e0 la Elbasan Arena. Les joueurs de Lionel Rouxel ont pris rapidement la mesure de leur adversaire en inscrivant deux buts dans le premier quart d&rsquo;heure et ont livr\u00e9 un match s\u00e9rieux de bout en bout.\u00a0<\/p>\n<p>Un autre concurrent de taille, le Portugal, les attend pour la suite de la comp\u00e9tition et dans la course aux demi-finales, jeudi 22 mai prochain \u00e0 Tirana (20h30, en direct sur l&rsquo;\u00c9quipe Live). Les Portugais se sont install\u00e9s en t\u00eate du groupe, devant les Fran\u00e7ais, apr\u00e8s leur succ\u00e8s 4-0 aux d\u00e9pens des Albanais.\u00a0<\/p>\n<p><img decoding=\"async\" title=\"Archives  FFF\" src=\"https:\/\/www.europesays.com\/fr\/wp-content\/uploads\/2025\/05\/539f133cb4ae5ce2fd9d5298204a78c4.jpeg\" alt=\"\"\/>Photo Ben McSHANE \/ Sportsfile \/ UEFA via Getty Images.<\/p>\n<p>\u00a0LE MATCH\u00a0<br \/>Un sc\u00e9nario id\u00e9al<\/p>\n<p>Les Bleuets n&rsquo;auraient peut-\u00eatre m\u00eame pas os\u00e9 en r\u00eaver : un but d\u00e8s la premi\u00e8re minute et un deuxi\u00e8me \u00e0 la douzi\u00e8me contre l&rsquo;Allemagne ! Et pourtant Ilyas Azizi et Djylian N&rsquo;Guessan, leurs deux attaquants, en ont fait une r\u00e9alit\u00e9 en trouvant tour \u00e0 tour le chemin des filets d\u00e8s l&rsquo;entame de cette rencontre.<\/p>\n<p><strong>Apr\u00e8s 45 secondes<\/strong><br \/>Le Toulousain a d&rsquo;abord sign\u00e9 un exploit personnel, subtilisant le ballon dans les pieds d&rsquo;Abraha sur le c\u00f4t\u00e9 gauche dans sa moiti\u00e9 de terrain pour une \u00e9chapp\u00e9e \u00e0 pleine vitesse jusque dans la surface allemande, suivie d&rsquo;un crochet int\u00e9rieur pour \u00e9viter le retour d&rsquo;Abraha et ouvrir le score d&rsquo;une frappe tendue du droit plein cadre apr\u00e8s quarante-cinq secondes de jeu (1-0, 1e) ! Le St\u00e9phanois a lui conclu de pr\u00e8s un beau mouvement enclench\u00e9 par Emmanuel Mbemba d&rsquo;une longue transversale \u00e0 destination de R\u00e9mi Himbert c\u00f4t\u00e9 droit, lequel contr\u00f4le, d\u00e9borde son d\u00e9fenseur pour centrer id\u00e9alement pour N&rsquo;Guessan face \u00e0 la cage (2-0, 12e).<\/p>\n<p><strong>En sup\u00e9riorit\u00e9 num\u00e9rique<\/strong><br \/>Ce sc\u00e9nario id\u00e9al a permis aux jeunes Tricolores de rejoindre la pause forts de ce double avantage mais aussi d&rsquo;une sup\u00e9riorit\u00e9 num\u00e9rique cons\u00e9cutive \u00e0 l&rsquo;expulsion de Mussa Kaba (31e), le milieu allemand, pour une intervention sur Abdoulaye Camara jug\u00e9e dangereuse par l&rsquo;arbitre. Ils ont parfaitement su en tirer profit tout au long d&rsquo;une seconde p\u00e9riode aussi ma\u00eetris\u00e9e que la premi\u00e8re, ce qui s&rsquo;est concr\u00e9tis\u00e9 par un troisi\u00e8me but marqu\u00e9 par Christ Batola, l&rsquo;attaquant troyen, d&rsquo;une t\u00eate piqu\u00e9e \u00e0 la r\u00e9ception d&rsquo;un centre de la gauche de Lucas Badbedat (3-0, 78e).\u00a0<\/p>\n<p><img decoding=\"async\" title=\"Archives  FFF\" src=\"https:\/\/www.europesays.com\/fr\/wp-content\/uploads\/2025\/05\/305aef255677f328d7aa14c22083552a.jpeg\" alt=\"\"\/>Kyllian Antonio \u00e0 la lutte avec Alexander Staff (photo Ben McSHANE \/ Sportsfile \/ UEFA via Getty Images).<\/p>\n<p>\u00a0LA R\u00c9ACTION DU S\u00c9LECTIONNEUR\u00a0<\/p>\n<p><strong>Lionel Rouxel :<\/strong> \u00ab Il \u00e9tait important de tr\u00e8s bien commencer et de prendre des points. On s&rsquo;\u00e9tait bien pr\u00e9par\u00e9 pour cette affiche et les joueurs ont r\u00e9pondu pr\u00e9sents. La semaine d&rsquo;entra\u00eenement et le match amical jou\u00e9 contre le Paris FC (3-1) avaient permis de bien travailler et de faire quelques corrections. Le plan de jeu a \u00e9t\u00e9 respect\u00e9, on avait identifi\u00e9 certaines failles allemandes, les gar\u00e7ons ont \u00e9t\u00e9 \u00e0 la hauteur de l&rsquo;\u00e9v\u00e9nement. Le sc\u00e9nario a \u00e9t\u00e9 favorable, c&rsquo;est vrai, mais m\u00eame \u00e0 2-0 et \u00e0 onze contre dix, on devait se m\u00e9fier. Un but pouvait ramener l&rsquo;Allemagne. J&rsquo;ai demand\u00e9 aux joueurs de rester vigilants et ils ont \u00e9t\u00e9 attentifs. Donc grosse satisfaction, trois points, trois buts. C&rsquo;est une premi\u00e8re \u00e9tape, une premi\u00e8re bataille, chaque match en sera une. Le contrat est rempli pour la premi\u00e8re. Il faut continuer d&rsquo;avancer, ne pas s&rsquo;enflammer, garder les pieds sur terre, la t\u00eate sur les \u00e9paules. Le groupe vit bien, tout le monde est concern\u00e9, ceux qui commencent et ceux qui finissent. \u00bb<\/p>\n<p>Euro U17 2025 : r\u00e9sultats et calendrier<\/p>\n<p class=\"light\"><strong>Groupe A<\/strong><\/p>\n<p class=\"light\">\u00a0<\/p>\n<p class=\"light\">&#8211; Lundi 19 mai 2025 :\u00a0<\/p>\n<ul>\n<li class=\"light\">Albanie &#8211; Portugal 0-4<\/li>\n<li class=\"light\">Allemagne &#8211; <strong>France <\/strong>0-3<\/li>\n<\/ul>\n<p><strong>Classement<\/strong> : 1. Portugal, 3 pts (+4) ; 2. <strong>France,<\/strong> 3 pts (+3) ; 3. Allemagne, 0 pt (-3) ; 4. Albanie, 0 pt (-4)<\/p>\n<p>\u00a0<\/p>\n<p>&#8211; Jeudi 22 mai 2025 :\u00a0<\/p>\n<ul>\n<li>18h00 : Albanie &#8211; Allemagne (Elbasan Arena, Elbasan)<\/li>\n<li>20h30 : <strong>France<\/strong> &#8211; Portugal (Arena Komb\u00ebtare,Tirana)<\/li>\n<\/ul>\n<p>&#8211; Dimanche 25 mai 2025 :\u00a0<\/p>\n<ul>\n<li>20h30 : <strong>France<\/strong> &#8211; Albanie (Elbasan Arena, Elbasan)<\/li>\n<li>20h30 : Portugal &#8211; Allemagne (Arena Komb\u00ebtare,Tirana)<\/li>\n<\/ul>\n<p><strong>Phase \u00e0 \u00e9limination directe\u00a0<\/strong><\/p>\n<p>\u00a0<\/p>\n<p>&#8211; Demi-finales, le jeudi 29 mai 2025\u00a0<\/p>\n<ul>\n<li>1er groupe A &#8211; 2e groupe B<\/li>\n<li>1er groupe B &#8211; 2e groupe A<\/li>\n<\/ul>\n<p>Finale : le dimanche 1er juin 2025, \u00e0 l&rsquo;Arena Komb\u00ebtare de Tirana.\u00a0<\/p>\n<p>\u00a0<\/p>\n","protected":false},"excerpt":{"rendered":"En dominant l&rsquo;Allemagne (3-0), les U17 tricolores ont sign\u00e9 des d\u00e9buts prometteurs dans l&rsquo;Euro 2025, lundi 19 mai&hellip;\n","protected":false},"author":2,"featured_media":124093,"comment_status":"","ping_status":"","sticky":false,"template":"","format":"standard","meta":{"footnotes":""},"categories":[1587],"tags":[11,672,1804,1805,1803,1777,674,85,1801,12,1802],"class_list":{"0":"post-124092","1":"post","2":"type-post","3":"status-publish","4":"format-standard","5":"has-post-thumbnail","7":"category-allemagne","8":"tag-actualites","9":"tag-allemagne","10":"tag-bundesrepublik-deutschland","11":"tag-de","12":"tag-deutschland","13":"tag-eu","14":"tag-europe","15":"tag-fff","16":"tag-germany","17":"tag-news","18":"tag-republique-federale-dallemagne"},"share_on_mastodon":{"url":"https:\/\/pubeurope.com\/@fr\/114561928629717229","error":""},"_links":{"self":[{"href":"https:\/\/www.europesays.com\/fr\/wp-json\/wp\/v2\/posts\/124092","targetHints":{"allow":["GET"]}}],"collection":[{"href":"https:\/\/www.europesays.com\/fr\/wp-json\/wp\/v2\/posts"}],"about":[{"href":"https:\/\/www.europesays.com\/fr\/wp-json\/wp\/v2\/types\/post"}],"author":[{"embeddable":true,"href":"https:\/\/www.europesays.com\/fr\/wp-json\/wp\/v2\/users\/2"}],"replies":[{"embeddable":true,"href":"https:\/\/www.europesays.com\/fr\/wp-json\/wp\/v2\/comments?post=124092"}],"version-history":[{"count":0,"href":"https:\/\/www.europesays.com\/fr\/wp-json\/wp\/v2\/posts\/124092\/revisions"}],"wp:featuredmedia":[{"embeddable":true,"href":"https:\/\/www.europesays.com\/fr\/wp-json\/wp\/v2\/media\/124093"}],"wp:attachment":[{"href":"https:\/\/www.europesays.com\/fr\/wp-json\/wp\/v2\/media?parent=124092"}],"wp:term":[{"taxonomy":"category","embeddable":true,"href":"https:\/\/www.europesays.com\/fr\/wp-json\/wp\/v2\/categories?post=124092"},{"taxonomy":"post_tag","embeddable":true,"href":"https:\/\/www.europesays.com\/fr\/wp-json\/wp\/v2\/tags?post=124092"}],"curies":[{"name":"wp","href":"https:\/\/api.w.org\/{rel}","templated":true}]}}