{"id":124105,"date":"2025-05-24T08:50:07","date_gmt":"2025-05-24T08:50:07","guid":{"rendered":"https:\/\/www.europesays.com\/fr\/124105\/"},"modified":"2025-05-24T08:50:07","modified_gmt":"2025-05-24T08:50:07","slug":"en-bref-en-lozere-travaux-rue-daigues-passes-fete-du-pain-dallenc-et-match-de-volley-ball","status":"publish","type":"post","link":"https:\/\/www.europesays.com\/fr\/124105\/","title":{"rendered":"En bref en Loz\u00e8re\u00a0: travaux rue d\u2019Aigues-Passes, f\u00eate du pain d\u2019Allenc et match de volley-ball"},"content":{"rendered":"<p>Travaux rue d\u2019Aigues-Passes<\/p>\n<p>La rue d\u2019Aigues-Passes sera ferm\u00e9e \u00e0 la circulation depuis la place Estoup du lundi\u00a026 au mardi 27\u00a0mai inclus, pour les besoins de travaux d\u2019un raccordement Enedis, pour le b\u00e2timent dit la Caille. Une d\u00e9viation sera mise en place par la rue de la Rov\u00e8re et la place Urbain-V.<\/p>\n<p>F\u00eate du pain d\u2019Allenc<\/p>\n<p>Le foyer rural d\u2019Allenc organise la f\u00eate du pain, ce dimanche, aux Salelles. Au programme\u00a0: ap\u00e9ro \u00e0 11\u00a0h\u00a030 et repas \u00e0 12\u00a0h\u00a030. Tarifs\u00a0: 18\u00a0\u20ac adultes et 9\u00a0\u20ac enfants. Inscription\u00a0: 06\u00a084\u00a007\u00a060\u00a053 ou frallenc48@gmail.com<\/p>\n<p>Match du volley-club<\/p>\n<p>Aujourd\u2019hui, \u00e0 17\u00a0h, rendez-vous au gymnase Piencourt pour la finale r\u00e9gionale d\u2019Occitanie o\u00f9 s\u2019affronteront le Mende Loz\u00e8re volley-ball et Fonsorbes Seysses. Les Loz\u00e9riens tenteront de rester invaincus.<\/p>\n","protected":false},"excerpt":{"rendered":"Travaux rue d\u2019Aigues-Passes La rue d\u2019Aigues-Passes sera ferm\u00e9e \u00e0 la circulation depuis la place Estoup du lundi\u00a026 au&hellip;\n","protected":false},"author":2,"featured_media":124106,"comment_status":"","ping_status":"","sticky":false,"template":"","format":"standard","meta":{"footnotes":""},"categories":[1417],"tags":[1011,27,60,1470,1469],"class_list":{"0":"post-124105","1":"post","2":"type-post","3":"status-publish","4":"format-standard","5":"has-post-thumbnail","7":"category-volley","8":"tag-fr","9":"tag-france","10":"tag-sports","11":"tag-volley","12":"tag-volleyball"},"share_on_mastodon":{"url":"https:\/\/pubeurope.com\/@fr\/114561956140723495","error":""},"_links":{"self":[{"href":"https:\/\/www.europesays.com\/fr\/wp-json\/wp\/v2\/posts\/124105","targetHints":{"allow":["GET"]}}],"collection":[{"href":"https:\/\/www.europesays.com\/fr\/wp-json\/wp\/v2\/posts"}],"about":[{"href":"https:\/\/www.europesays.com\/fr\/wp-json\/wp\/v2\/types\/post"}],"author":[{"embeddable":true,"href":"https:\/\/www.europesays.com\/fr\/wp-json\/wp\/v2\/users\/2"}],"replies":[{"embeddable":true,"href":"https:\/\/www.europesays.com\/fr\/wp-json\/wp\/v2\/comments?post=124105"}],"version-history":[{"count":0,"href":"https:\/\/www.europesays.com\/fr\/wp-json\/wp\/v2\/posts\/124105\/revisions"}],"wp:featuredmedia":[{"embeddable":true,"href":"https:\/\/www.europesays.com\/fr\/wp-json\/wp\/v2\/media\/124106"}],"wp:attachment":[{"href":"https:\/\/www.europesays.com\/fr\/wp-json\/wp\/v2\/media?parent=124105"}],"wp:term":[{"taxonomy":"category","embeddable":true,"href":"https:\/\/www.europesays.com\/fr\/wp-json\/wp\/v2\/categories?post=124105"},{"taxonomy":"post_tag","embeddable":true,"href":"https:\/\/www.europesays.com\/fr\/wp-json\/wp\/v2\/tags?post=124105"}],"curies":[{"name":"wp","href":"https:\/\/api.w.org\/{rel}","templated":true}]}}