{"id":124118,"date":"2025-05-24T08:58:10","date_gmt":"2025-05-24T08:58:10","guid":{"rendered":"https:\/\/www.europesays.com\/fr\/124118\/"},"modified":"2025-05-24T08:58:10","modified_gmt":"2025-05-24T08:58:10","slug":"braquage-de-kim-kardashian-jusqua-3-ans-de-prison-ferme-pour-les-papys-braqueurs-la-star-satisfaite-du-verdict","status":"publish","type":"post","link":"https:\/\/www.europesays.com\/fr\/124118\/","title":{"rendered":"Braquage de Kim Kardashian : jusqu&rsquo;\u00e0 3 ans de prison ferme pour les \u00ab\u00a0papys braqueurs\u00a0\u00bb, la star \u00ab\u00a0satisfaite du verdict\u00a0\u00bb"},"content":{"rendered":"<p>Les \u00ab\u00a0papys braqueurs\u00a0\u00bb \u00e9taient accus\u00e9s d&rsquo;avoir s\u00e9questr\u00e9, ligot\u00e9 et vol\u00e9 pr\u00e8s de 9 millions d&rsquo;euros de bijoux \u00e0 la superstar am\u00e9ricaine Kim Kardashian.Ce vendredi 23 mai, huit personnes ont \u00e9t\u00e9 reconnues coupables et deux ont \u00e9t\u00e9 acquitt\u00e9es.La peine maximale s&rsquo;\u00e9l\u00e8ve \u00e0 3 ans de prison ferme.<a href=\"https:\/\/www.tf1info.fr\/actualite\/kim-kardashian-braquee-a-paris-11382\/\" rel=\"noopener\" class=\"jsx-3118104007 Link jsx-1428418400 jsx-609604686\" target=\"_blank\"><\/p>\n<p style=\"font-weight:400\" class=\"jsx-1837267516\">Suivez la couverture compl\u00e8te<\/p>\n<p style=\"font-weight:800\" class=\"jsx-1837267516\">Kim Kardashian braqu\u00e9e \u00e0 Paris : jusqu&rsquo;\u00e0 3 ans de prison ferme pour les \u00ab\u00a0papys braqueurs\u00a0\u00bb<\/p>\n<p><\/a><\/p>\n<p data-module=\"article-paragraph\" class=\"jsx-362436225 Paragraph\">Un verdict dont <a href=\"https:\/\/www.tf1info.fr\/actualite\/kim-kardashian-10607\/\" target=\"_blank\" rel=\"noopener\">Kim Kardashian<\/a> s&rsquo;est tout de suite dite \u00ab\u00a0satisfaite\u00a0\u00bb. La cour d&rsquo;assises de Paris a condamn\u00e9, vendredi 23 mai, <a href=\"https:\/\/www.tf1info.fr\/justice-faits-divers\/video-proces-kim-kardashian-les-derniers-mots-des-papys-braqueurs-avant-le-verdict-2372657.html\" target=\"_blank\" rel=\"noopener\">les \u00ab\u00a0papys braqueurs\u00a0\u00bb<\/a> de la superstar am\u00e9ricaine \u00e0 des peines allant jusqu&rsquo;\u00e0 huit ans de prison, dont trois ferme pour Aomar A.K, le \u00ab\u00a0cerveau\u00a0\u00bb de l&rsquo;op\u00e9ration, qui ne purgera cependant pas sa peine en prison.<\/p>\n<p data-module=\"article-paragraph\" class=\"jsx-362436225 Paragraph Paragraph__End\">\u00ab\u00a0Je suis profond\u00e9ment reconnaissante envers les autorit\u00e9s fran\u00e7aises d&rsquo;avoir rendu justice dans cette affaire. Ce crime a \u00e9t\u00e9 l&rsquo;exp\u00e9rience la plus terrifiante de ma vie\u00a0\u00bb, a expliqu\u00e9 <a href=\"https:\/\/www.tf1info.fr\/justice-faits-divers\/en-direct-proces-des-papys-braqueurs-partie-civile-la-star-kim-kardashian-a-la-barre-ce-mardi-13-mai-2025-les-dernieres-informations-2370467.html\" target=\"_blank\" rel=\"noopener\">la reine des influenceuses<\/a> dans une d\u00e9claration transmise par ses avocats, disant d\u00e9sormais vouloir \u00ab\u00a0tourner la page\u00a0\u00bb.<\/p>\n<blockquote class=\"jsx-2786790838 Quote__Text\"><p>Profond\u00e9ment reconnaissante envers les autorit\u00e9s fran\u00e7aises d&rsquo;avoir rendu justice<\/p><\/blockquote>\n<p>Kim Kardashian<\/p>\n<p data-module=\"article-paragraph\" class=\"jsx-362436225 Paragraph\">Pour Aomar A.K., 69 ans, reconnu coupable d&rsquo;avoir \u00e9t\u00e9 le \u00ab\u00a0cerveau\u00a0\u00bb de <a href=\"https:\/\/www.tf1info.fr\/justice-faits-divers\/video-sept-a-huit-programme-tv-tf1-a-une-semaine-du-proces-l-un-des-papys-braqueurs-livre-un-recit-detaille-du-vol-des-bijoux-de-kim-kardashian-2366197.html\" target=\"_blank\" rel=\"noopener\">ce braquage record \u00e0 9 millions d&rsquo;euros de bijoux<\/a> , qui s&rsquo;est d\u00e9roul\u00e9 dans la nuit du 2 au 3 octobre 2016 pendant la Fashion Week, la cour d&rsquo;assises de Paris a d\u00e9cid\u00e9 d&rsquo;une confusion de peine avec une pr\u00e9c\u00e9dente condamnation \u00e0 cinq ans de prison. Ce qui signifie qu&rsquo;il ne retournera pas en d\u00e9tention, comme aucun autre des accus\u00e9s, tous condamn\u00e9s \u00e0 des peines largement inf\u00e9rieures \u00e0 celles qui avaient \u00e9t\u00e9 r\u00e9clam\u00e9es, mercredi 21 mai, par l&rsquo;accusation.\u00a0<\/p>\n<p data-module=\"article-paragraph\" class=\"jsx-362436225 Paragraph Paragraph__End\">Surnomm\u00e9 \u00ab\u00a0Omar le Vieux\u00a0\u00bb et aujourd&rsquo;hui sourd et quasiment muet, il a suivi les quatre semaines d&rsquo;audiences sur un \u00e9cran o\u00f9 \u00e9taient retranscrits les d\u00e9bats. Didier D. ou \u00ab\u00a0Yeux bleus\u00a0\u00bb, 69 ans \u00e9galement, qui jurait ne pas \u00eatre le deuxi\u00e8me homme mont\u00e9 dans la chambre d&rsquo;h\u00f4tel o\u00f9 logeait Kim Kardashian, s&rsquo;est vu infliger sept ans de prison dont deux ans ferme. Il \u00e9tait absent du d\u00e9lib\u00e9r\u00e9 &#8211; il suivait une chimioth\u00e9rapie en marge du proc\u00e8s pour un cancer et a d\u00fb \u00eatre hospitalis\u00e9 il y a quelques jours.<\/p>\n<blockquote class=\"jsx-2786790838 Quote__Text\"><p>Des peines assez peu s\u00e9v\u00e8res, (&#8230;) pens\u00e9es \u00e0 distance de cet \u00e9v\u00e8nement grave<\/p><\/blockquote>\n<p>David De Pas, pr\u00e9sident de la cour d&rsquo;assises de Paris<\/p>\n<p data-module=\"article-paragraph\" class=\"jsx-362436225 Paragraph Paragraph__End\">Yunice A., 71 ans et Marc-Alexandre B., 35 ans, ont \u00e9t\u00e9 sanctionn\u00e9s de la m\u00eame peine pour avoir fait le guet ce soir-l\u00e0. Le premier a \u00e9t\u00e9 op\u00e9r\u00e9 du coeur pendant sa d\u00e9tention provisoire et est atteint de la maladie de Parkinson. Le fils d&rsquo;Aomar A.K., Harminy, a \u00e9cop\u00e9 de cinq ans dont un an ferme et Cathy G., son ancienne compagne, de quatre ans de prison avec sursis. En dehors des deux acquitt\u00e9s, qui \u00e9taient <a href=\"https:\/\/www.tf1info.fr\/justice-faits-divers\/proces-kim-kardashian-braqueur-guetteur-informateur-ce-qui-est-reproche-aux-dix-accuses-2367224.html\" target=\"_blank\" rel=\"noopener\">soup\u00e7onn\u00e9s d&rsquo;\u00eatre les \u00ab\u00a0taupes\u00a0\u00bb<\/a> ayant fourni de pr\u00e9cieuses informations sur l&rsquo;agenda de <a href=\"https:\/\/www.tf1info.fr\/culture\/apres-6-ans-d-etudes-kim-kardashian-annonce-qu-elle-a-obtenu-son-diplome-de-droit-2372487.html\" target=\"_blank\" rel=\"noopener\">la toute r\u00e9cente dipl\u00f4m\u00e9e de droit<\/a>, les deux derniers accus\u00e9s ont \u00e9t\u00e9 condamn\u00e9s \u00e0 une amende ou du sursis pour des d\u00e9lits connexes.<\/p>\n<ul class=\"jsx-3657663356 ReadMoreArticle__List flex flex-column\">\n<li class=\"jsx-3657663356\"><a href=\"https:\/\/www.tf1info.fr\/culture\/apres-6-ans-d-etudes-kim-kardashian-annonce-qu-elle-a-obtenu-son-diplome-de-droit-2372487.html\" rel=\"noopener\" class=\"jsx-4233824444 Link flex\" target=\"_blank\"><img decoding=\"async\" src=\"https:\/\/www.europesays.com\/fr\/wp-content\/uploads\/2025\/05\/kim-kardashian-a-los-angeles-en-octobre-2024-ad36c5-0@1x.jpeg\" alt=\"Kim Kardashian \u00e0 Los Angeles en octobre 2024.\" loading=\"lazy\" importance=\"low\" fetchpriority=\"low\" class=\"\"\/>\n<p class=\"jsx-3657663356 ReadMoreArticle__Title\">Lire aussi<\/p>\n<p class=\"jsx-3657663356\">Apr\u00e8s 6 ans d&rsquo;\u00e9tudes, Kim Kardashian annonce qu&rsquo;elle a obtenu son dipl\u00f4me de droit<\/p>\n<p><\/a><\/li>\n<\/ul>\n<p data-module=\"article-paragraph\" class=\"jsx-362436225 Paragraph Paragraph__End\">\u00ab\u00a0Les peines sont assez peu s\u00e9v\u00e8res, elles ont \u00e9t\u00e9 pens\u00e9es \u00e0 distance de cet \u00e9v\u00e8nement grave qui a marqu\u00e9 les parties civiles et j&rsquo;entends que vous entendiez, vous avez fait du mal\u00a0\u00bb, a d\u00e9clar\u00e9 le pr\u00e9sident David De Pas en s&rsquo;adressant aux accus\u00e9s. La cour a pris en compte \u00ab\u00a0le temps \u00e9coul\u00e9\u00a0\u00bb et le fait que \u00ab\u00a0aucun d&rsquo;entre vous n&rsquo;a fait parler de lui durant ces neuf ann\u00e9es\u00a0\u00bb. Mais aussi, \u00ab\u00a0comment ne pas le voir, comment ne pas l&rsquo;entendre, l&rsquo;\u00e9tat de sant\u00e9 des principaux protagonistes interdit \u00e9thiquement d&rsquo;incarc\u00e9rer quiconque et de fait, il aurait \u00e9t\u00e9 injuste de vous conduire en prison ce soir.\u00a0\u00bb<\/p>\n<p>La r\u00e9daction de TF1info<\/p>\n","protected":false},"excerpt":{"rendered":"Les \u00ab\u00a0papys braqueurs\u00a0\u00bb \u00e9taient accus\u00e9s d&rsquo;avoir s\u00e9questr\u00e9, ligot\u00e9 et vol\u00e9 pr\u00e8s de 9 millions d&rsquo;euros de bijoux \u00e0&hellip;\n","protected":false},"author":2,"featured_media":124119,"comment_status":"","ping_status":"","sticky":false,"template":"","format":"standard","meta":{"footnotes":""},"categories":[1359],"tags":[1111,11,1921,58,59,1011,27,1922,2954,8932,24669,973,133,2953],"class_list":{"0":"post-124118","1":"post","2":"type-post","3":"status-publish","4":"format-standard","5":"has-post-thumbnail","7":"category-people","8":"tag-actu","9":"tag-actualites","10":"tag-article-video","11":"tag-divertissement","12":"tag-entertainment","13":"tag-fr","14":"tag-france","15":"tag-info","16":"tag-justice-et-faits-divers","17":"tag-kim-kardashian","18":"tag-kim-kardashian-braquee-a-paris-jusqua-3-ans-de-prison-ferme-pour-les-papys-braqueurs","19":"tag-people","20":"tag-video","21":"tag-video-police"},"share_on_mastodon":{"url":"https:\/\/pubeurope.com\/@fr\/114561987788180888","error":""},"_links":{"self":[{"href":"https:\/\/www.europesays.com\/fr\/wp-json\/wp\/v2\/posts\/124118","targetHints":{"allow":["GET"]}}],"collection":[{"href":"https:\/\/www.europesays.com\/fr\/wp-json\/wp\/v2\/posts"}],"about":[{"href":"https:\/\/www.europesays.com\/fr\/wp-json\/wp\/v2\/types\/post"}],"author":[{"embeddable":true,"href":"https:\/\/www.europesays.com\/fr\/wp-json\/wp\/v2\/users\/2"}],"replies":[{"embeddable":true,"href":"https:\/\/www.europesays.com\/fr\/wp-json\/wp\/v2\/comments?post=124118"}],"version-history":[{"count":0,"href":"https:\/\/www.europesays.com\/fr\/wp-json\/wp\/v2\/posts\/124118\/revisions"}],"wp:featuredmedia":[{"embeddable":true,"href":"https:\/\/www.europesays.com\/fr\/wp-json\/wp\/v2\/media\/124119"}],"wp:attachment":[{"href":"https:\/\/www.europesays.com\/fr\/wp-json\/wp\/v2\/media?parent=124118"}],"wp:term":[{"taxonomy":"category","embeddable":true,"href":"https:\/\/www.europesays.com\/fr\/wp-json\/wp\/v2\/categories?post=124118"},{"taxonomy":"post_tag","embeddable":true,"href":"https:\/\/www.europesays.com\/fr\/wp-json\/wp\/v2\/tags?post=124118"}],"curies":[{"name":"wp","href":"https:\/\/api.w.org\/{rel}","templated":true}]}}