{"id":124179,"date":"2025-05-24T09:34:39","date_gmt":"2025-05-24T09:34:39","guid":{"rendered":"https:\/\/www.europesays.com\/fr\/124179\/"},"modified":"2025-05-24T09:34:39","modified_gmt":"2025-05-24T09:34:39","slug":"le-tramway-franchit-lerdre-et-le-peripherique-une-premiere","status":"publish","type":"post","link":"https:\/\/www.europesays.com\/fr\/124179\/","title":{"rendered":"le tramway franchit l&rsquo;Erdre et le p\u00e9riph\u00e9rique, une premi\u00e8re"},"content":{"rendered":"<p>            Par<br \/>\n        <strong><br \/>\n            <a href=\"https:\/\/actu.fr\/auteur\/redaction-nantes\" title=\"Consulter tous les articles de R\u00e9daction Nantes\" rel=\"nofollow noopener\" target=\"_blank\">R\u00e9daction Nantes<\/a><br \/>\n        <\/strong><\/p>\n<p>        Publi\u00e9 le<\/p>\n<p>            23 mai 2025 \u00e0 14h02        <\/p>\n<p>Un nouveau terminus pour <strong>la ligne 1 du tramway<\/strong>. Depuis ce vendredi 23\u00a0mai 2025, le r\u00e9seau a \u00e9t\u00e9 prolong\u00e9 \u00e0 <a href=\"https:\/\/actu.fr\/pays-de-la-loire\/la-chapelle-sur-erdre_44035\" rel=\"nofollow noopener\" target=\"_blank\">La Chapelle-sur-Erdre<\/a> au niveau de la Babini\u00e8re. Le tramway franchit d\u00e9sormais l\u2019Erdre et le <a href=\"https:\/\/actu.fr\/pays-de-la-loire\/nantes_44109\/peripherique-de-nantes-les-travaux-debutent-sur-la-rn-165-des-bouchons-attendus_62621090.html\" rel=\"nofollow noopener\" target=\"_blank\">p\u00e9riph\u00e9rique de Nantes<\/a>, une premi\u00e8re dans l\u2019histoire du transport en commun m\u00e9tropolitain.<\/p>\n<p class=\" wall-content\">Une nouvelle liaison pour les v\u00e9los et pi\u00e9tons a \u00e9galement \u00e9t\u00e9 mise en service du pont de la Joneli\u00e8re jusqu\u2019\u00e0 la Babini\u00e8re.<\/p>\n<p>Rejoindre le centre-ville en 30\u00a0minutes<\/p>\n<p class=\" wall-content\">Le tron\u00e7on emprunte le pont de la Joneli\u00e8re au-dessus de l\u2019Erdre, o\u00f9 circule d\u00e9j\u00e0 le\u00a0<a href=\"https:\/\/actu.fr\/tag\/tram-train-nantes-chateaubriant\" rel=\"nofollow noopener\" target=\"_blank\">tram-train Nantes \u2013 Ch\u00e2teaubriant<\/a>. Le tram circule au-dessus du p\u00e9riph\u00e9rique gr\u00e2ce \u00e0 un nouveau pont de 87\u00a0m\u00e8tres de long, <strong>compos\u00e9 de deux voies pour les tramways<\/strong> ainsi qu\u2019une voie de 4\u00a0m\u00e8tres de large pour les v\u00e9los et les pi\u00e9tons.<\/p>\n<p class=\" wall-content\">Plus de 110 tramways desserviront le nouveau terminus toutes<strong> les 9\u00a0minutes en heures de pointe<\/strong> et <strong>toutes les 15\u00a0minutes en heures creuses<\/strong>.<\/p>\n<p class=\" wall-content\">Le projet de Nantes M\u00e9tropole vise \u00e0 \u00ab\u2009faciliter les d\u00e9placements quotidiens\u2009\u00bb des habitants vivants au nord de l\u2019agglom\u00e9ration. \u00ab\u2009Il sera possible, d\u00e8s le 23\u00a0mai 2025, de rallier les quartiers est de Nantes, ainsi que la gare et le centre-ville de Nantes en 30\u00a0minutes depuis La Chapelle-sur-Erdre\u2009\u00bb, explique la collectivit\u00e9 dans un communiqu\u00e9 transmis \u00e0 <a href=\"https:\/\/actu.fr\/nantes\/\" rel=\"nofollow noopener\" target=\"_blank\">actu Nantes<\/a>.<\/p>\n<p>Vid\u00e9os : en ce moment sur Actu<\/p>\n<p class=\" wall-content\">Le projet, confi\u00e9 \u00e0 la Semitan pour la ma\u00eetrise d\u2019ouvrage, a co\u00fbt\u00e9 <strong>50\u00a0millions d\u2019euros <\/strong>TTC, financ\u00e9s par Nantes M\u00e9tropole, avec le soutien du d\u00e9partement de Loire-Atlantique, de l\u2019\u00c9tat et de l\u2019Union europ\u00e9enne.<\/p>\n<p class=\" wall-content\">\u00ab\u2009\u00c0 horizon fin 2027, les usagers pourront se rendre directement <strong>de La Chapelle-sur-Erdre \u00e0 Rez\u00e9,<\/strong> via le <a href=\"https:\/\/actu.fr\/tag\/chu-de-nantes\" rel=\"nofollow noopener\" target=\"_blank\">futur CHU<\/a> sur l\u2019\u00eele de Nantes, en 40\u00a0minutes gr\u00e2ce \u00e0 cette partie de la ligne 1 qui deviendra <a href=\"https:\/\/actu.fr\/pays-de-la-loire\/nantes_44109\/nouvelles-lignes-de-trams-et-de-busway-a-nantes-quels-sont-les-travaux-prevus-en-2025_62071006.html\" rel=\"nofollow noopener\" target=\"_blank\">le bout de la ligne 6<\/a>\u2009\u00bb, rappelle Nantes M\u00e9tropole.<\/p>\n<p class=\" wall-content\">Suivez toute l\u2019actualit\u00e9 de vos villes et m\u00e9dias favoris en vous inscrivant \u00e0 <a href=\"https:\/\/moncompte.actu.fr\" title=\"D\u00e9couvez Mon Actu\" rel=\"nofollow noopener\" data-trk=\"{&quot;cta&quot;:{&quot;action&quot;:&quot;https:\\\/\\\/moncompte.actu.fr&quot;,&quot;category&quot;:&quot;mon compte&quot;,&quot;from&quot;:&quot;article footer&quot;,&quot;name&quot;:&quot;Mon actu&quot;,&quot;type&quot;:&quot;cta&quot;}}\" target=\"_blank\">Mon Actu<\/a>.<\/p>\n<ul class=\"ac-article-tag wall-content\">\n<li><a href=\"https:\/\/actu.fr\/tag\/tram-train-nantes-chateaubriant\" data-trk=\"{&quot;cta&quot;:{&quot;action&quot;:&quot;Tram-train Nantes-Ch\\u00e2teaubriant&quot;,&quot;category&quot;:&quot;tag&quot;,&quot;from&quot;:&quot;article footer&quot;,&quot;name&quot;:&quot;Tram-train Nantes-Ch\\u00e2teaubriant&quot;,&quot;type&quot;:&quot;cta&quot;}}\" rel=\"nofollow noopener\" target=\"_blank\">#Tram-train Nantes-Ch\u00e2teaubriant<\/a><\/li>\n<li><a href=\"https:\/\/actu.fr\/tag\/transport\" data-trk=\"{&quot;cta&quot;:{&quot;action&quot;:&quot;Transport&quot;,&quot;category&quot;:&quot;tag&quot;,&quot;from&quot;:&quot;article footer&quot;,&quot;name&quot;:&quot;Transport&quot;,&quot;type&quot;:&quot;cta&quot;}}\" rel=\"nofollow noopener\" target=\"_blank\">#Transport<\/a><\/li>\n<\/ul>\n","protected":false},"excerpt":{"rendered":"Par R\u00e9daction Nantes Publi\u00e9 le 23 mai 2025 \u00e0 14h02 Un nouveau terminus pour la ligne 1 du&hellip;\n","protected":false},"author":2,"featured_media":124180,"comment_status":"","ping_status":"","sticky":false,"template":"","format":"standard","meta":{"footnotes":""},"categories":[2818],"tags":[1111,11,1777,674,1011,27,766,12,2636,25,104,23861,2803],"class_list":{"0":"post-124179","1":"post","2":"type-post","3":"status-publish","4":"format-standard","5":"has-post-thumbnail","7":"category-nantes","8":"tag-actu","9":"tag-actualites","10":"tag-eu","11":"tag-europe","12":"tag-fr","13":"tag-france","14":"tag-nantes","15":"tag-news","16":"tag-pays-de-la-loire","17":"tag-republique-francaise","18":"tag-societe","19":"tag-tram-train-nantes-chateaubriant","20":"tag-transport"},"share_on_mastodon":{"url":"https:\/\/pubeurope.com\/@fr\/114562129221327593","error":""},"_links":{"self":[{"href":"https:\/\/www.europesays.com\/fr\/wp-json\/wp\/v2\/posts\/124179","targetHints":{"allow":["GET"]}}],"collection":[{"href":"https:\/\/www.europesays.com\/fr\/wp-json\/wp\/v2\/posts"}],"about":[{"href":"https:\/\/www.europesays.com\/fr\/wp-json\/wp\/v2\/types\/post"}],"author":[{"embeddable":true,"href":"https:\/\/www.europesays.com\/fr\/wp-json\/wp\/v2\/users\/2"}],"replies":[{"embeddable":true,"href":"https:\/\/www.europesays.com\/fr\/wp-json\/wp\/v2\/comments?post=124179"}],"version-history":[{"count":0,"href":"https:\/\/www.europesays.com\/fr\/wp-json\/wp\/v2\/posts\/124179\/revisions"}],"wp:featuredmedia":[{"embeddable":true,"href":"https:\/\/www.europesays.com\/fr\/wp-json\/wp\/v2\/media\/124180"}],"wp:attachment":[{"href":"https:\/\/www.europesays.com\/fr\/wp-json\/wp\/v2\/media?parent=124179"}],"wp:term":[{"taxonomy":"category","embeddable":true,"href":"https:\/\/www.europesays.com\/fr\/wp-json\/wp\/v2\/categories?post=124179"},{"taxonomy":"post_tag","embeddable":true,"href":"https:\/\/www.europesays.com\/fr\/wp-json\/wp\/v2\/tags?post=124179"}],"curies":[{"name":"wp","href":"https:\/\/api.w.org\/{rel}","templated":true}]}}