{"id":124195,"date":"2025-05-24T09:44:10","date_gmt":"2025-05-24T09:44:10","guid":{"rendered":"https:\/\/www.europesays.com\/fr\/124195\/"},"modified":"2025-05-24T09:44:10","modified_gmt":"2025-05-24T09:44:10","slug":"une-vieille-decharge-sauvage-dans-le-parc-de-la-tete-dor-a-lyon-cet-elu-alerte-les-verts-pour-agir","status":"publish","type":"post","link":"https:\/\/www.europesays.com\/fr\/124195\/","title":{"rendered":"Une vieille d\u00e9charge sauvage dans le parc de la T\u00eate d\u2019Or \u00e0 Lyon ? Cet \u00e9lu alerte les Verts pour agir"},"content":{"rendered":"<p>Une vieille d\u00e9charge sauvage dans le parc de la T\u00eate d\u2019Or \u00e0 Lyon ? Cet \u00e9lu alerte les Verts pour agir &#8211; DR<\/p>\n<p itemprop=\"description\"><strong>Cette semaine, les \u00e9cologistes ont d\u00e9voil\u00e9 leurs plans pour le futur du Parc de la T\u00eate d&rsquo;Or.<\/strong><\/p>\n<p>Un projet idyllique sur le papier, mais qui a fait enrager Romain Billard. Car selon le conseiller municipal LR et \u00e9lu du 6e arrondissement de Lyon, l&rsquo;\u00e9quipe de Gr\u00e9gory Doucet ferait mieux de d&rsquo;abord s&rsquo;occuper d&rsquo;une d\u00e9charge sauvage qui existe aux yeux de tous.<\/p>\n<p>Apr\u00e8s s\u2019\u00eatre rendu sur l\u2019\u00eele des Tamaris dans le parc de la T\u00eate d\u2019Or, Romain Billard a d\u00e9couvert une d\u00e9charge sauvage et demande \u00e0 la mairie de r\u00e9aliser une op\u00e9ration de d\u00e9pollution.<\/p>\n<p>Ce vendredi, le conseiller du 6e arrondissement d\u00e9l\u00e9gu\u00e9 \u00e0 la Protection et \u00e0 la Valorisation du patrimoine a publi\u00e9 une missive \u00e0 l\u2019encontre des \u00e9lus \u00e9cologistes de la Ville.<\/p>\n<p>En cause, l\u2019\u00eele des Tamaris, situ\u00e9e en plein c\u0153ur du parc de la T\u00eate d\u2019Or, est pollu\u00e9e et semble \u00eatre laiss\u00e9e \u00e0 l\u2019abandon. \u00ab\u00a0Ce site est envahi de d\u00e9chets : f\u00fbts m\u00e9talliques, t\u00f4les, \u00e9paves d\u2019embarcations, mobilier urbain hors d\u2019usage\u2026 Une v\u00e9ritable d\u00e9charge silencieuse, ignor\u00e9e dans les discours officiels mais bien pr\u00e9sente sur le terrain. Et ce sont au milieu de ces d\u00e9tritus que la faune tente de survivre\u00a0\u00bb, a expliqu\u00e9 l\u2019\u00e9lu LR, photos \u00e0 l&rsquo;appui.<\/p>\n<p style=\"text-align:center\"><img loading=\"lazy\" decoding=\"async\" alt=\"\" height=\"800\" src=\"https:\/\/www.europesays.com\/fr\/wp-content\/uploads\/2025\/05\/img-1096.jpg\" width=\"600\"\/><\/p>\n<p><strong>Une op\u00e9ration de d\u00e9pollution r\u00e9clam\u00e9e par l\u2019\u00e9lu<\/strong><\/p>\n<p>T\u00f4les rouill\u00e9es, pneus, tables\u2026 Sur les images, on peut apercevoir toutes sortes de d\u00e9chets, visiblement l\u00e0 depuis des ann\u00e9es. \u00ab\u00a0Je demande que la Ville engage une op\u00e9ration de d\u00e9pollution cibl\u00e9e de l\u2019\u00eele, dans le respect de la biodiversit\u00e9 et des p\u00e9riodes de nidification, en lien avec les services techniques comp\u00e9tents et, si n\u00e9cessaire, les associations naturalistes\u00a0\u00bb, peut-on aussi lire dans son texte.<\/p>\n<p>Une action de la municipalit\u00e9 est donc attendue par l\u2019\u00e9lu de l\u2019opposition.<\/p>\n","protected":false},"excerpt":{"rendered":"Une vieille d\u00e9charge sauvage dans le parc de la T\u00eate d\u2019Or \u00e0 Lyon ? Cet \u00e9lu alerte les&hellip;\n","protected":false},"author":2,"featured_media":124196,"comment_status":"","ping_status":"","sticky":false,"template":"","format":"standard","meta":{"footnotes":""},"categories":[1889],"tags":[1111,11,2813,2190,2430,1109,251,1112,2811,1777,674,118,1011,27,1922,1110,1114,2428,2810,12,241,316,25,2812,517,800],"class_list":{"0":"post-124195","1":"post","2":"type-post","3":"status-publish","4":"format-standard","5":"has-post-thumbnail","7":"category-lyon","8":"tag-actu","9":"tag-actualites","10":"tag-article","11":"tag-asvel","12":"tag-auvergne-rhone-alpes","13":"tag-breves","14":"tag-culture","15":"tag-depeches","16":"tag-economique","17":"tag-eu","18":"tag-europe","19":"tag-faits-divers","20":"tag-fr","21":"tag-france","22":"tag-info","23":"tag-informations","24":"tag-infos","25":"tag-lyon","26":"tag-lyonmag","27":"tag-news","28":"tag-ol","29":"tag-politique","30":"tag-republique-francaise","31":"tag-sociale","32":"tag-sport","33":"tag-transports"},"share_on_mastodon":{"url":"https:\/\/pubeurope.com\/@fr\/114562168566451175","error":""},"_links":{"self":[{"href":"https:\/\/www.europesays.com\/fr\/wp-json\/wp\/v2\/posts\/124195","targetHints":{"allow":["GET"]}}],"collection":[{"href":"https:\/\/www.europesays.com\/fr\/wp-json\/wp\/v2\/posts"}],"about":[{"href":"https:\/\/www.europesays.com\/fr\/wp-json\/wp\/v2\/types\/post"}],"author":[{"embeddable":true,"href":"https:\/\/www.europesays.com\/fr\/wp-json\/wp\/v2\/users\/2"}],"replies":[{"embeddable":true,"href":"https:\/\/www.europesays.com\/fr\/wp-json\/wp\/v2\/comments?post=124195"}],"version-history":[{"count":0,"href":"https:\/\/www.europesays.com\/fr\/wp-json\/wp\/v2\/posts\/124195\/revisions"}],"wp:featuredmedia":[{"embeddable":true,"href":"https:\/\/www.europesays.com\/fr\/wp-json\/wp\/v2\/media\/124196"}],"wp:attachment":[{"href":"https:\/\/www.europesays.com\/fr\/wp-json\/wp\/v2\/media?parent=124195"}],"wp:term":[{"taxonomy":"category","embeddable":true,"href":"https:\/\/www.europesays.com\/fr\/wp-json\/wp\/v2\/categories?post=124195"},{"taxonomy":"post_tag","embeddable":true,"href":"https:\/\/www.europesays.com\/fr\/wp-json\/wp\/v2\/tags?post=124195"}],"curies":[{"name":"wp","href":"https:\/\/api.w.org\/{rel}","templated":true}]}}