{"id":124201,"date":"2025-05-24T09:47:10","date_gmt":"2025-05-24T09:47:10","guid":{"rendered":"https:\/\/www.europesays.com\/fr\/124201\/"},"modified":"2025-05-24T09:47:10","modified_gmt":"2025-05-24T09:47:10","slug":"plus-que-quelques-jours-pour-faire-sa-declaration-de-revenus-a-paris-et-en-ile-de-france","status":"publish","type":"post","link":"https:\/\/www.europesays.com\/fr\/124201\/","title":{"rendered":"plus que quelques jours pour faire sa d\u00e9claration de revenus \u00e0 Paris et en \u00cele-de-France"},"content":{"rendered":"<p>            Par<br \/>\n        <strong><br \/>\n            <a href=\"https:\/\/actu.fr\/auteur\/thomas-martin\" title=\"Consulter tous les articles de Thomas Martin\" rel=\"nofollow noopener\" target=\"_blank\">Thomas Martin<\/a><br \/>\n        <\/strong><\/p>\n<p>        Publi\u00e9 le<\/p>\n<p>            24 mai 2025 \u00e0 11h03        <\/p>\n<p>C\u2019est le rituel annuel et comme chaque ann\u00e9e, certains retardataires vont s\u2019y prendre \u00e0 la derni\u00e8re minute pour effectuer leur <a href=\"https:\/\/actu.fr\/economie\/impots-2025-remplir-votre-declaration-de-revenus-c-est-une-vraie-galere-voici-ou-trouver-de-l-aide_62483793.html\" rel=\"nofollow noopener\" target=\"_blank\">d\u00e9claration de revenus<\/a> aupr\u00e8s des services des <a href=\"https:\/\/actu.fr\/tag\/impots\" rel=\"nofollow noopener\" target=\"_blank\">imp\u00f4ts<\/a>. Pour ceux qui la font toujours sur papier, la date limite est d\u00e9j\u00e0 pass\u00e9e puisque les contribuables avaient jusqu\u2019au 20 mai 2025. Pour ceux qui ont opt\u00e9 pour la d\u00e9claration en ligne, il leur reste encore quelques jours.\u00a0<\/p>\n<p>Quelles sanctions en cas de retard ?\u00a0<\/p>\n<p class=\" wall-content\">Il existe trois dates limites de d\u00e9claration fix\u00e9es annuellement selon le d\u00e9partement dans lequel on r\u00e9side. Les contribuables des d\u00e9partements num\u00e9rot\u00e9s de 01 \u00e0 19 avaient ainsi jusqu\u2019au 22 mai. Ceux habitant dans les d\u00e9partements 20 \u00e0 54 ont jusqu\u2019au mercredi 28 mai et les autres, dont ceux de Paris et de l\u2019\u00cele-de-France (d\u00e9partements n\u00b055 \u00e0 974\/976) jusqu\u2019au jeudi 5 juin.\u00a0<\/p>\n<p class=\" wall-content\">Si vous d\u00e9clarez vos revenus en retard, vous devrez verser des p\u00e9nalit\u00e9s, une majoration de vos imp\u00f4ts et \u00e9ventuellement des int\u00e9r\u00eats de retard :\u00a0<\/p>\n<ul class=\" wall-content\">\n<li>10 % en l\u2019absence de mise en demeure<\/li>\n<li>20 % en cas de d\u00e9p\u00f4t tardif de la d\u00e9claration dans les 30 jours suivant la mise en demeure<\/li>\n<li>40 % lorsque la d\u00e9claration n\u2019a pas \u00e9t\u00e9 d\u00e9pos\u00e9e dans les 30 jours suivant la r\u00e9ception d\u2019une mise en demeure<\/li>\n<li>80\u00a0%\u00a0en cas de d\u00e9couverte d\u2019une\u00a0activit\u00e9 occulte, sans besoin d\u2019une mise en demeure.<\/li>\n<\/ul>\n<p class=\" wall-content\">\u00ab\u00a0Les p\u00e9nalit\u00e9s pour retard de d\u00e9claration sont calcul\u00e9es sur le montant total de l\u2019imp\u00f4t d\u00fb, sans prise en compte des acomptes et pr\u00e9l\u00e8vements d\u00e9j\u00e0 vers\u00e9s\u00a0\u00bb, rappelle le site Service Public.\u00a0<\/p>\n<p>Vid\u00e9os : en ce moment sur Actu<\/p>\n<p class=\" wall-content\">Des int\u00e9r\u00eats de retard sont aussi appliqu\u00e9s. Ils s\u2019\u00e9l\u00e8vent \u00e0 0,20 % de l\u2019imp\u00f4t d\u00fb par mois de retard (soit 2,4 % sur 1 an). \u00ab\u00a0Ces int\u00e9r\u00eats s\u2019appliquent jusqu\u2019au dernier jour du mois du d\u00e9p\u00f4t de la d\u00e9claration de revenus\u00a0\u00bb, pr\u00e9cise Service Public.\u00a0<\/p>\n<p class=\" wall-content\">Suivez toute l\u2019actualit\u00e9 de vos villes et m\u00e9dias favoris en vous inscrivant \u00e0 <a href=\"https:\/\/moncompte.actu.fr\" title=\"D\u00e9couvez Mon Actu\" rel=\"nofollow noopener\" data-trk=\"{&quot;cta&quot;:{&quot;action&quot;:&quot;https:\\\/\\\/moncompte.actu.fr&quot;,&quot;category&quot;:&quot;mon compte&quot;,&quot;from&quot;:&quot;article footer&quot;,&quot;name&quot;:&quot;Mon actu&quot;,&quot;type&quot;:&quot;cta&quot;}}\" target=\"_blank\">Mon Actu<\/a>.<\/p>\n","protected":false},"excerpt":{"rendered":"Par Thomas Martin Publi\u00e9 le 24 mai 2025 \u00e0 11h03 C\u2019est le rituel annuel et comme chaque ann\u00e9e,&hellip;\n","protected":false},"author":2,"featured_media":124202,"comment_status":"","ping_status":"","sticky":false,"template":"","format":"standard","meta":{"footnotes":""},"categories":[1592],"tags":[1111,11,1261,1777,674,1011,27,662,342,12,626,25,104],"class_list":{"0":"post-124201","1":"post","2":"type-post","3":"status-publish","4":"format-standard","5":"has-post-thumbnail","7":"category-ile-de-france","8":"tag-actu","9":"tag-actualites","10":"tag-argent","11":"tag-eu","12":"tag-europe","13":"tag-fr","14":"tag-france","15":"tag-ile-de-france","16":"tag-impots","17":"tag-news","18":"tag-paris","19":"tag-republique-francaise","20":"tag-societe"},"share_on_mastodon":{"url":"https:\/\/pubeurope.com\/@fr\/114562180299015329","error":""},"_links":{"self":[{"href":"https:\/\/www.europesays.com\/fr\/wp-json\/wp\/v2\/posts\/124201","targetHints":{"allow":["GET"]}}],"collection":[{"href":"https:\/\/www.europesays.com\/fr\/wp-json\/wp\/v2\/posts"}],"about":[{"href":"https:\/\/www.europesays.com\/fr\/wp-json\/wp\/v2\/types\/post"}],"author":[{"embeddable":true,"href":"https:\/\/www.europesays.com\/fr\/wp-json\/wp\/v2\/users\/2"}],"replies":[{"embeddable":true,"href":"https:\/\/www.europesays.com\/fr\/wp-json\/wp\/v2\/comments?post=124201"}],"version-history":[{"count":0,"href":"https:\/\/www.europesays.com\/fr\/wp-json\/wp\/v2\/posts\/124201\/revisions"}],"wp:featuredmedia":[{"embeddable":true,"href":"https:\/\/www.europesays.com\/fr\/wp-json\/wp\/v2\/media\/124202"}],"wp:attachment":[{"href":"https:\/\/www.europesays.com\/fr\/wp-json\/wp\/v2\/media?parent=124201"}],"wp:term":[{"taxonomy":"category","embeddable":true,"href":"https:\/\/www.europesays.com\/fr\/wp-json\/wp\/v2\/categories?post=124201"},{"taxonomy":"post_tag","embeddable":true,"href":"https:\/\/www.europesays.com\/fr\/wp-json\/wp\/v2\/tags?post=124201"}],"curies":[{"name":"wp","href":"https:\/\/api.w.org\/{rel}","templated":true}]}}