{"id":124246,"date":"2025-05-24T10:11:12","date_gmt":"2025-05-24T10:11:12","guid":{"rendered":"https:\/\/www.europesays.com\/fr\/124246\/"},"modified":"2025-05-24T10:11:12","modified_gmt":"2025-05-24T10:11:12","slug":"c-a-vous-je-ne-couche-pas-avec-adil-rami-seme-la-pagaille-anne-elisabeth-lemoine-en-perd-ses-mots","status":"publish","type":"post","link":"https:\/\/www.europesays.com\/fr\/124246\/","title":{"rendered":"C \u00e0 vous : \u00ab\u00a0Je ne couche pas avec\u2026\u00a0\u00bb, Adil Rami s\u00e8me la pagaille, Anne-Elisabeth Lemoine en perd ses mots"},"content":{"rendered":"<p><a href=\"https:\/\/www.closermag.fr\/people\/adil-rami-en-couple-a-monaco-il-officialise-avec-louana-franco-3546208\" target=\"_blank\" rel=\"noopener\"><br \/>\nAdil Rami<\/a> a plus d&rsquo;une corde \u00e0 son arc. On l&rsquo;a ainsi vu<br \/>\nr\u00e9cemment <strong>fouler le parquet de Danse avec les<br \/>\nstars<\/strong>. Le footballeur a montr\u00e9 une certaine aisance dans<br \/>\nl&rsquo;ex\u00e9cution des pas de rumba. Les auditeurs de RTL se r\u00e9galent de<br \/>\nle retrouver chaque semaine <strong>au micro des Grosses<br \/>\nT\u00eates<\/strong> depuis maintenant deux ans.<\/p>\n<p>C&rsquo;est d&rsquo;ailleurs \u00e0 l&rsquo;antenne que l&rsquo;ex-d\u00e9fenseur a fait une<br \/>\nr\u00e9v\u00e9lation fracassante au d\u00e9but du mois de mai. \u00ab\u00a0Je suis pris<br \/>\nen ce moment, je fais tr\u00e8s attention\u00a0\u00bb, a-t-il d\u00e9clar\u00e9 sur les<br \/>\nondes. L&rsquo;ancien sportif a poursuivi en sp\u00e9cifiant qu&rsquo;il \u00e9tait en<br \/>\ncouple depuis deux mois. L&rsquo;identit\u00e9 de l&rsquo;heureuse \u00e9lue a \u00e9t\u00e9<br \/>\nfinalement r\u00e9v\u00e9l\u00e9e sur le tapis rouge du Festival de Cannes o\u00f9<br \/>\ncelui-ci est apparu <strong>au bras de&#8230; Louana<br \/>\nFranco<\/strong>.<\/p>\n<p>Adil Rami : cette petite vanne qui a pris de court<br \/>\nAnne-Elisabeth Lemoine<\/p>\n<p>Ce vendredi 23 mai 2025, Adil Rami n&rsquo;\u00e9tait pas<br \/>\n<strong>dans<\/strong> <a href=\"https:\/\/www.closermag.fr\/tv_tele_realite\/c-a-vous-un-climat-de-peur-dans-les-coulisses-bien-sur-que-un-chroniqueur-raconte-3543740\" target=\"_blank\" rel=\"noopener\"><br \/>\nC \u00e0 vous<\/a> pour \u00e9voquer sa vie amoureuse. <strong>Anne-Elisabeth<br \/>\nLemoine<\/strong> souhaitait l&rsquo;interroger sur son rapport au<br \/>\ncin\u00e9ma.\u00a0\u00ab\u00a0Vous \u00eates <strong>un fid\u00e8le du Festival de<br \/>\nCannes<\/strong>, vous aviez mont\u00e9 les marche ux c\u00f4t\u00e9s de Jean<br \/>\nDujardin il y a trois ans [&#8230;] pour la projection de Novembre<br \/>\nde C\u00e9dric Jim\u00e9nez\u00a0\u00bb, a commenc\u00e9 par rappeler l&rsquo;animatrice,<br \/>\npr\u00e9cisant que <strong>son invit\u00e9 \u00e9tait<br \/>\n\u00ab\u00a0cin\u00e9phile\u00a0\u00bb<\/strong>.<\/p>\n<p>Le qualificatif a fait aussit\u00f4t r\u00e9agir Adil Rami. \u00ab\u00a0Je suis<br \/>\nquoi ? <strong>Je ne couche pas avec le monde du<br \/>\ncin\u00e9ma<\/strong>\u00ab\u00a0, a balanc\u00e9 effront\u00e9ment le natif de Bastia.<br \/>\nLa petite bague a d\u00e9contenanc\u00e9 Anne-Elisabeth Lemoine. \u00ab\u00a0Pardon<br \/>\n?\u00a0\u00bb, s&rsquo;est \u00e9tonn\u00e9e cette derni\u00e8re. L&rsquo;ancien footballeur l&rsquo;a<br \/>\nalors rassur\u00e9e : \u00ab\u00a0Je fais partie des Grosses T\u00eates,<br \/>\n<strong>c&rsquo;est de l&rsquo;humour<\/strong>\u00ab\u00a0. \u00ab\u00a0C&rsquo;est all\u00e9 trop vite<br \/>\npour moi !\u00a0\u00bb, a admis la pr\u00e9sentatrice de C \u00e0 vous.<\/p>\n<p>Adil Rami : aimerait-il faire du cin\u00e9ma<br \/>\n?<\/p>\n<p>Adil Rami nourrit <strong>une passion secr\u00e8te pour le 7e<br \/>\nart.<\/strong> \u00ab\u00a0Quand on vous demande vos films pr\u00e9f\u00e9r\u00e9s, vous<br \/>\ncitez La Ligne Verte avec Tom Hanks, The Greatest<br \/>\nShowman avec Hugh Jackman, mais aussi Les Dents de la Mer<br \/>\nqui vous a bien fait flipper tout petit\u00a0\u00bb, a rapport\u00e9<br \/>\n<a href=\"https:\/\/www.telestar.fr\/actu_tv\/c_a_vous\/c-a-vous-fou-rire-en-plein-direct-anne-elisabeth-et-geraldine-nakache-perdent-leurs-moyens-avant-larrivee-de-deux-stars-a-cannes-1724142\" target=\"_blank\" rel=\"noopener\"><br \/>\nAnne-Elisabeth Lemoine<\/a> hier soir, en direct de la<br \/>\nCroisette.<\/p>\n<p>\u00ab\u00a0\u00c7a m&rsquo;a fait tellement peur qu&rsquo;aujourd&rsquo;hui quand je me<br \/>\nbaigne dans la M\u00e9diterran\u00e9e, j&rsquo;ai tr\u00e8s tr\u00e8s peur. Je saute dans<br \/>\nl&rsquo;eau et je remonte tr\u00e8s tr\u00e8s vite\u00a0\u00bb, s&rsquo;en est amus\u00e9 son<br \/>\ninvit\u00e9. Interrog\u00e9 sur <strong>son envie de passer devant la<br \/>\ncam\u00e9ra<\/strong>, Adil Rami a donn\u00e9 une r\u00e9ponse claire :<br \/>\n\u00ab\u00a0<strong>Je kifferais<\/strong>, mais je ne sais pas <strong>si<br \/>\nj&rsquo;ai le talent pour<\/strong>. Mais plus je grandis, plus je me dis<br \/>\n: &lsquo;En fait, t&rsquo;es un vrai autodidacte?&rsquo; <strong>\u00c7a peut<br \/>\nr\u00e9ussir<\/strong>. J&rsquo;arrive \u00e0 surprendre. Regardez la danse&#8230;\u00a0\u00bb<br \/>\nAdil Rami, bient\u00f4t sur grand \u00e9cran ? Un nouveau d\u00e9fi \u00e0 relever<br \/>\n!<\/p>\n","protected":false},"excerpt":{"rendered":"Adil Rami a plus d&rsquo;une corde \u00e0 son arc. On l&rsquo;a ainsi vu r\u00e9cemment fouler le parquet de&hellip;\n","protected":false},"author":2,"featured_media":124247,"comment_status":"","ping_status":"","sticky":false,"template":"","format":"standard","meta":{"footnotes":""},"categories":[1359],"tags":[1682,548,58,59,1011,27,973],"class_list":{"0":"post-124246","1":"post","2":"type-post","3":"status-publish","4":"format-standard","5":"has-post-thumbnail","7":"category-people","8":"tag-adil-rami","9":"tag-article-simple","10":"tag-divertissement","11":"tag-entertainment","12":"tag-fr","13":"tag-france","14":"tag-people"},"share_on_mastodon":{"url":"https:\/\/pubeurope.com\/@fr\/114562274716139948","error":""},"_links":{"self":[{"href":"https:\/\/www.europesays.com\/fr\/wp-json\/wp\/v2\/posts\/124246","targetHints":{"allow":["GET"]}}],"collection":[{"href":"https:\/\/www.europesays.com\/fr\/wp-json\/wp\/v2\/posts"}],"about":[{"href":"https:\/\/www.europesays.com\/fr\/wp-json\/wp\/v2\/types\/post"}],"author":[{"embeddable":true,"href":"https:\/\/www.europesays.com\/fr\/wp-json\/wp\/v2\/users\/2"}],"replies":[{"embeddable":true,"href":"https:\/\/www.europesays.com\/fr\/wp-json\/wp\/v2\/comments?post=124246"}],"version-history":[{"count":0,"href":"https:\/\/www.europesays.com\/fr\/wp-json\/wp\/v2\/posts\/124246\/revisions"}],"wp:featuredmedia":[{"embeddable":true,"href":"https:\/\/www.europesays.com\/fr\/wp-json\/wp\/v2\/media\/124247"}],"wp:attachment":[{"href":"https:\/\/www.europesays.com\/fr\/wp-json\/wp\/v2\/media?parent=124246"}],"wp:term":[{"taxonomy":"category","embeddable":true,"href":"https:\/\/www.europesays.com\/fr\/wp-json\/wp\/v2\/categories?post=124246"},{"taxonomy":"post_tag","embeddable":true,"href":"https:\/\/www.europesays.com\/fr\/wp-json\/wp\/v2\/tags?post=124246"}],"curies":[{"name":"wp","href":"https:\/\/api.w.org\/{rel}","templated":true}]}}