{"id":124248,"date":"2025-05-24T10:12:12","date_gmt":"2025-05-24T10:12:12","guid":{"rendered":"https:\/\/www.europesays.com\/fr\/124248\/"},"modified":"2025-05-24T10:12:12","modified_gmt":"2025-05-24T10:12:12","slug":"elle-etait-derriere-les-soldats-en-premiere-ligne-une-photographe-de-la-liberation-exposee-a-la-citadelle-de-port-louis","status":"publish","type":"post","link":"https:\/\/www.europesays.com\/fr\/124248\/","title":{"rendered":"\u00ab\u00a0Elle \u00e9tait derri\u00e8re les soldats en premi\u00e8re ligne\u00a0\u00bb, une photographe de la Lib\u00e9ration expos\u00e9e \u00e0 la Citadelle de Port-Louis"},"content":{"rendered":"<p>\u00ab\u00a0Le point de d\u00e9part de cette exposition temporaire est une premi\u00e8re exposition que nous avions r\u00e9alis\u00e9e en 2025 sur <a href=\"https:\/\/www.letelegramme.fr\/morbihan\/port-louis-56290\/trois-inconnus-du-charnier-de-la-citadelle-ont-ete-identifies-3708297.php\" target=\"_blank\" rel=\"noopener\">le charnier de Port-Louis<\/a> o\u00f9 les corps de 69 r\u00e9sistants avaient \u00e9t\u00e9 retrouv\u00e9s en mai 1945. Cette ann\u00e9e, je voulais reparler de cet \u00e9v\u00e8nement dramatique\u00a0\u00bb, explique Anne Belaud-de-Saulce, commissaire de l\u2019exposition et administratrice du Mus\u00e9e national de la Marine \u00e0 Port-Louis. Une photographe a document\u00e9 la d\u00e9couverte des corps et leur identification\u00a0: Germaine Kanova. De cette femme, avant l\u2019exposition, il restait les milliers de clich\u00e9s qu\u2019elle a pris au cours de sa carri\u00e8re et tr\u00e8s peu d\u2019\u00e9l\u00e9ments sur sa vie personnelle. \u00ab\u00a0On n\u2019\u00e9tait pas certain de sa date de naissance ni m\u00eame de l\u2019orthographe de son nom de famille. Monter cette exposition nous a permis de retracer sa vie et de retrouver des membres de sa famille\u00a0\u00bb, ajoute Anne Belaud-de-Saulce.<\/p>\n<p><img decoding=\"async\" src=\"https:\/\/www.europesays.com\/fr\/wp-content\/uploads\/2025\/05\/6830adbbafca3f98100321a4.1.jpeg\" width=\"480\" height=\"300\" class=\"web_golden_m\" loading=\"lazy\" alt=\"\u00ab\u00a0Portrait du chauffeur du g\u00e9n\u00e9ral de Gaulle dans le village du Bonhomme (Haut-Rhin) lors d\u2019une visite du g\u00e9n\u00e9ral au 2e corps d\u2019arm\u00e9e (2e CA) sur le front des Vosges\u00a0\u00bb - Germaine Kanova, 18\u00a0d\u00e9cembre 1944.\"\/>\u00ab\u00a0Portrait du chauffeur du g\u00e9n\u00e9ral de Gaulle dans le village du Bonhomme (Haut-Rhin) lors d\u2019une visite du g\u00e9n\u00e9ral au 2e corps d\u2019arm\u00e9e (2e CA) sur le front des Vosges\u00a0\u00bb &#8211; Germaine Kanova, 18\u00a0d\u00e9cembre 1944. (Germaine Kanova\/ECPAD\/D\u00e9fense)Portraitiste londonienne<\/p>\n<p>Germaine Kanova est n\u00e9e \u00e0 Boulognes-sur-Mer en 1902. Apr\u00e8s avoir pris des cours de photographie, elle s\u2019installe \u00e0 Londres o\u00f9 elle devient une portraitiste reconnue. C\u2019est depuis Londres qu\u2019elle se met au service de la propagande antinazie. En 1944, elle rentre en France et travaille pour le Service cin\u00e9matographique de l\u2019arm\u00e9e (SCA) pouss\u00e9e par un sentiment patriotique. \u00ab\u00a0Ce service a pour objectif de combattre la propagande nazie et de remonter le moral des troupes. Elle part en mission sur des sujets choisis par l\u2019arm\u00e9e\u00a0\u00bb, commente Constance Lemans-Louvet, co-commissaire de l\u2019exposition et adjointe \u00e0 la cheffe du P\u00f4le d\u00e9veloppement culturel de l\u2019\u00e9tablissement de communication et de production audiovisuelle de la d\u00e9fense (ECPA) qui d\u00e9tient presque 1\u00a0800 images de Germaine Kanova. \u00ab\u00a0C\u2019est 10\u00a0% des photos sur la Lib\u00e9ration que nous avons en possession en archives\u00a0\u00bb, pr\u00e9cise-t-elle.<\/p>\n<p><img decoding=\"async\" src=\"https:\/\/www.europesays.com\/fr\/wp-content\/uploads\/2025\/05\/6830adbb918e9a4c580a4503.1.jpeg\" width=\"480\" height=\"300\" class=\"web_golden_m\" loading=\"lazy\" alt=\"\u00ab\u00a0Une colonne de v\u00e9hicules et de blind\u00e9s de la 1re arm\u00e9e fran\u00e7aise traverse le Rhin sur le pont flottant de Mannheim\u00a0\u00bb -Germaine Kanova, 3\u00a0avril 1945\"\/>\u00ab\u00a0Une colonne de v\u00e9hicules et de blind\u00e9s de la 1re arm\u00e9e fran\u00e7aise traverse le Rhin sur le pont flottant de Mannheim\u00a0\u00bb -Germaine Kanova, 3\u00a0avril 1945 (Germaine Kanova\/ECPAD\/D\u00e9fense)\u00ab\u00a0\u00c0 travers son travail qu\u2019on devine son courage\u00a0\u00bb<\/p>\n<p>La reporter re\u00e7oit la croix de guerre pour ses reportages sur le front. \u00ab\u00a0Elle n\u2019est pas oblig\u00e9e d\u2019accepter les missions qu\u2019on lui donne. Mais elle y va. Elle est derri\u00e8re les soldats en premi\u00e8re ligne. Elle fait parler tout son talent de portraitiste \u00e0 travers les images qu\u2019elle r\u00e9alise des soldats mais aussi des civils\u00a0\u00bb, d\u00e9crit Constance Lemans-Louvet. La photographe d\u00e9barque \u00e0 Lorient et \u00e0 Port-Louis en mai 1944. Elle prend de nombreux clich\u00e9s de la d\u00e9couverte et de l\u2019identification des corps du charnier de la commune. \u00ab\u00a0C\u2019est aussi \u00e0 travers son travail qu\u2019on devine son courage. Elle r\u00e9alise des plans larges mais aussi des gros plans car il faut des preuves. Alors que cela a d\u00fb \u00eatre tr\u00e8s dur pour elle. Pour des questions de public, nous n\u2019avons pas pu mettre toutes ses photos qui sont trop difficiles \u00e0 regarder\u00a0\u00bb, compl\u00e8te cette derni\u00e8re.<\/p>\n<p><img decoding=\"async\" src=\"https:\/\/www.europesays.com\/fr\/wp-content\/uploads\/2025\/05\/6830adba820466c0a90ccca3.1.jpeg\" width=\"480\" height=\"300\" class=\"web_golden_m\" loading=\"lazy\" alt=\"\u00ab\u00a0Des zouaves du 2e bataillon de zouaves port\u00e9s, unit\u00e9 affect\u00e9e au Combat Command 3 (CC3), sont post\u00e9s devant F\u00fctzen\u00a0\u00bb -Germaine Kanova, 26\u00a0avril 1945\"\/>\u00ab\u00a0Des zouaves du 2e bataillon de zouaves port\u00e9s, unit\u00e9 affect\u00e9e au Combat Command 3 (CC3), sont post\u00e9s devant F\u00fctzen\u00a0\u00bb -Germaine Kanova, 26\u00a0avril 1945 (Germaine Kanova\/ECPAD\/D\u00e9fense)\u00ab\u00a0Le reste de vie d\u2019avant au milieu de la guerre\u00a0\u00bb<\/p>\n<p>Dans l\u2019exposition qui est consacr\u00e9e \u00e0 son travail, certaines images tranchent avec les nombreux portraits et photos de type reportage. \u00ab\u00a0On a choisi de montrer certains de ces clich\u00e9s qui sont plus po\u00e9tiques. Par exemple, une machine \u00e0 coudre au milieu des d\u00e9combres fumant. C\u2019est comme si elle captait le reste de vie d\u2019avant au milieu de la guerre. On sent aussi au fil de ses l\u00e9gendes qu\u2019elle \u00e9crit qu\u2019elle se pose des questions sur le sens du conflit\u00a0\u00bb, interpr\u00e8te Constance Lemans-Louvet.<\/p>\n<p>Pratique<\/p>\n<p class=\"note\">Mus\u00e9e national de la Marine, Citadelle de Port-Louis, du 24 mai 2025 au 4 janvier 2026. Tarifs\u00a0: de 7 \u00e0 10 \u20ac.<\/p>\n","protected":false},"excerpt":{"rendered":"\u00ab\u00a0Le point de d\u00e9part de cette exposition temporaire est une premi\u00e8re exposition que nous avions r\u00e9alis\u00e9e en 2025&hellip;\n","protected":false},"author":2,"featured_media":124249,"comment_status":"","ping_status":"","sticky":false,"template":"","format":"standard","meta":{"footnotes":""},"categories":[1358],"tags":[1348,1384,1385,1386,58,59,1011,27,24680,1781,24679],"class_list":{"0":"post-124248","1":"post","2":"type-post","3":"status-publish","4":"format-standard","5":"has-post-thumbnail","7":"category-arts-et-design","8":"tag-arts","9":"tag-arts-and-design","10":"tag-arts-et-design","11":"tag-design","12":"tag-divertissement","13":"tag-entertainment","14":"tag-fr","15":"tag-france","16":"tag-liberation-de-la-poche-de-lorient","17":"tag-lorient","18":"tag-port-louis"},"share_on_mastodon":{"url":"https:\/\/pubeurope.com\/@fr\/114562279103412075","error":""},"_links":{"self":[{"href":"https:\/\/www.europesays.com\/fr\/wp-json\/wp\/v2\/posts\/124248","targetHints":{"allow":["GET"]}}],"collection":[{"href":"https:\/\/www.europesays.com\/fr\/wp-json\/wp\/v2\/posts"}],"about":[{"href":"https:\/\/www.europesays.com\/fr\/wp-json\/wp\/v2\/types\/post"}],"author":[{"embeddable":true,"href":"https:\/\/www.europesays.com\/fr\/wp-json\/wp\/v2\/users\/2"}],"replies":[{"embeddable":true,"href":"https:\/\/www.europesays.com\/fr\/wp-json\/wp\/v2\/comments?post=124248"}],"version-history":[{"count":0,"href":"https:\/\/www.europesays.com\/fr\/wp-json\/wp\/v2\/posts\/124248\/revisions"}],"wp:featuredmedia":[{"embeddable":true,"href":"https:\/\/www.europesays.com\/fr\/wp-json\/wp\/v2\/media\/124249"}],"wp:attachment":[{"href":"https:\/\/www.europesays.com\/fr\/wp-json\/wp\/v2\/media?parent=124248"}],"wp:term":[{"taxonomy":"category","embeddable":true,"href":"https:\/\/www.europesays.com\/fr\/wp-json\/wp\/v2\/categories?post=124248"},{"taxonomy":"post_tag","embeddable":true,"href":"https:\/\/www.europesays.com\/fr\/wp-json\/wp\/v2\/tags?post=124248"}],"curies":[{"name":"wp","href":"https:\/\/api.w.org\/{rel}","templated":true}]}}