{"id":124268,"date":"2025-05-24T10:22:11","date_gmt":"2025-05-24T10:22:11","guid":{"rendered":"https:\/\/www.europesays.com\/fr\/124268\/"},"modified":"2025-05-24T10:22:11","modified_gmt":"2025-05-24T10:22:11","slug":"la-syrie-salue-la-levee-des-sanctions-americaines","status":"publish","type":"post","link":"https:\/\/www.europesays.com\/fr\/124268\/","title":{"rendered":"la Syrie salue la lev\u00e9e des sanctions am\u00e9ricaines"},"content":{"rendered":"<p>Les nouveaux dirigeants syriens se sont publiquement r\u00e9jouis, samedi, de la lev\u00e9e formelle des sanctions am\u00e9ricaines annonc\u00e9e par Donald Trump.<\/p>\n<p class=\"fig-paragraph\">Le pouvoir syrien a salu\u00e9 samedi\u00a0<a href=\"http:\/\/www.lefigaro.fr\/flash-actu\/le-tresor-americain-formalise-la-levee-des-sanctions-contre-la-syrie-et-encourage-les-investissements-20250523\" data-fig-type=\"NewsFlash\" data-gtm-custom-categorie=\"navigation\" data-gtm-custom-action=\"crossclick\" data-gtm-custom-label=\"Contextuel\" data-gtm-event=\"customEventSPE\" data-fig-domain=\"LEFIGARO\" rel=\"nofollow noopener\" target=\"_blank\">la lev\u00e9e formelle des sanctions am\u00e9ricaines impos\u00e9es au pays<\/a>, en proie \u00e0 une grave crise \u00e9conomique apr\u00e8s plus de 13 ans de guerre civile. Le pr\u00e9sident Donald Trump a cr\u00e9\u00e9 la surprise\u00a0<a href=\"http:\/\/www.lefigaro.fr\/international\/bonne-chance-a-la-syrie-donald-trump-adoube-ahmed-al-charaa-et-leve-les-sanctions-contre-damas-20250514\" data-fig-type=\"Article\" data-gtm-custom-categorie=\"navigation\" data-gtm-custom-action=\"crossclick\" data-gtm-custom-label=\"Contextuel\" data-gtm-event=\"customEventSPE\" data-fig-domain=\"LEFIGARO\" rel=\"nofollow noopener\" target=\"_blank\">en annon\u00e7ant lors d&rsquo;une visite \u00e0 Ryad le 13 mai<\/a>\u00a0la lev\u00e9e de sanctions am\u00e9ricaines, disant vouloir \u00abdonner une chance de grandeur\u00bb aux nouvelles autorit\u00e9s de Damas.<\/p>\n<p class=\"fig-paragraph\">Il a aussi rencontr\u00e9 le lendemain le pr\u00e9sident syrien par int\u00e9rim, Ahmad al-Chareh, qui a dirig\u00e9 la coalition de groupes rebelles islamistes radicaux ayant renvers\u00e9 en d\u00e9cembre le pr\u00e9sident syrien Bachar al-Assad.<\/p>\n<p class=\"fig-body-link\">\n            \u00c0 lire aussi<br \/>\n        <a class=\"fig-body-link__link fig-premium-mark\" href=\"http:\/\/www.lefigaro.fr\/international\/bonne-chance-a-la-syrie-donald-trump-adoube-ahmed-al-charaa-et-leve-les-sanctions-contre-damas-20250514\" data-fig-type=\"Article\" data-gtm-custom-categorie=\"navigation\" data-gtm-custom-action=\"crossclick\" data-gtm-custom-label=\"Contextuel\" data-gtm-event=\"customEventSPE\" data-fig-domain=\"LEFIGARO\" rel=\"nofollow noopener\" target=\"_blank\">\u00abBonne chance \u00e0 la Syrie\u00bb\u00a0: Donald Trump adoube Ahmed al-Charaa et l\u00e8ve les sanctions contre Damas<br \/>\n    <\/a>\n<\/p>\n<p class=\"fig-paragraph\">\u00abLa R\u00e9publique arabe syrienne se f\u00e9licite de la d\u00e9cision du gouvernement am\u00e9ricain de lever les sanctions impos\u00e9es \u00e0 la Syrie et \u00e0 son peuple depuis de longues ann\u00e9es\u00bb, a d\u00e9clar\u00e9 le minist\u00e8re syrien des Affaires \u00e9trang\u00e8res. \u00abIl s&rsquo;agit d&rsquo;un pas positif dans la bonne direction pour r\u00e9duire les souffrances sur les plans \u00e9conomique et humanitaire\u00bb, a-t-il ajout\u00e9.<\/p>\n<p class=\"fig-paragraph\">La Syrie, dirig\u00e9e par le clan Assad pendant plusieurs d\u00e9cennies, fait l&rsquo;objet de sanctions internationales depuis 1979. Celles-ci ont \u00e9t\u00e9 renforc\u00e9es apr\u00e8s la r\u00e9pression par le pouvoir de Bachar al-Assad de manifestations prod\u00e9mocratie en 2011, \u00e9l\u00e9ment d\u00e9clencheur de la guerre. Ces sanctions internationales \u00e9taient le principal obstacle \u00e0 la relance de l&rsquo;\u00e9conomie syrienne et leur lev\u00e9e permettra le retour des investissements en Syrie, o\u00f9 le pouvoir syrien s&#8217;emploie \u00e0 trouver le fonds pour la reconstruction du pays d\u00e9vast\u00e9 par la guerre.<\/p>\n<p class=\"fig-paragraph\">Vendredi, le secr\u00e9taire au Tr\u00e9sor am\u00e9ricain, Scott Bessent, a indiqu\u00e9 que le d\u00e9partement du Tr\u00e9sor et le d\u00e9partement d&rsquo;\u00c9tat mettaient \u00aben \u0153uvre des autorisations pour encourager de nouveaux investissements en Syrie\u00bb. En outre, le d\u00e9partement d&rsquo;\u00c9tat a d\u00e9livr\u00e9 une d\u00e9rogation au titre de la \u00abloi C\u00e9sar\u00bb sur la protection des civils en Syrie \u00abqui permettra \u00e0 nos partenaires \u00e9trangers, \u00e0 nos alli\u00e9s et \u00e0 la r\u00e9gion d&rsquo;exploiter davantage le potentiel (du pays)\u00bb, ajoute le communiqu\u00e9. Cette loi de 2020 pr\u00e9voyait des sanctions s\u00e9v\u00e8res contre toute entit\u00e9 ou entreprise coop\u00e9rant avec le pouvoir d\u00e9chu de Bachar al-Assad.<\/p>\n<p class=\"fig-paragraph\">Cette exemption est valable pendant 180 jours, a pr\u00e9cis\u00e9 le secr\u00e9taire d&rsquo;\u00c9tat am\u00e9ricain Marco Rubio dans un communiqu\u00e9 s\u00e9par\u00e9. Ces mesures \u00abs&rsquo;inscrivent dans le cadre d&rsquo;un effort plus large du gouvernement am\u00e9ricain visant \u00e0 supprimer l&rsquo;ensemble des sanctions impos\u00e9es \u00e0 la Syrie en raison des abus commis par le r\u00e9gime Assad\u00bb, a indiqu\u00e9 le Tr\u00e9sor.<\/p>\n<p class=\"fig-body-link\">\n            \u00c0 lire aussi<br \/>\n        <a class=\"fig-body-link__link fig-premium-mark\" href=\"http:\/\/www.lefigaro.fr\/conjoncture\/a-peine-la-levee-des-sanctions-americaines-annoncee-les-investisseurs-renouent-avec-la-syrie-20250515\" data-fig-type=\"Article\" data-gtm-custom-categorie=\"navigation\" data-gtm-custom-action=\"crossclick\" data-gtm-custom-label=\"Contextuel\" data-gtm-event=\"customEventSPE\" data-fig-domain=\"LEFIGARO\" rel=\"nofollow noopener\" target=\"_blank\">\u00c0 peine la lev\u00e9e des sanctions am\u00e9ricaines annonc\u00e9e, les investisseurs renouent avec la Syrie<br \/>\n    <\/a>\n<\/p>\n<p class=\"fig-paragraph\">La lev\u00e9e des sanctions am\u00e9ricaines doit permettre de \u00abr\u00e9aliser des investissements favorables \u00e0 la stabilit\u00e9 et \u00e0 faire progresser les efforts de redressement et de reconstruction\u00bb, selon Marco Rubio. Washington s&rsquo;attend d\u00e9sormais \u00e0 \u00abune action rapide de la part du gouvernement syrien sur des priorit\u00e9s politiques importantes\u00bb, a-t-il ajout\u00e9, en allusion au respect des droits des minorit\u00e9s et aux progr\u00e8s sur le chemin de la d\u00e9mocratie.<\/p>\n<p class=\"fig-paragraph\">Le 20 mai, l&rsquo;Union europ\u00e9enne a annonc\u00e9 la lev\u00e9e de toutes les sanctions \u00e9conomiques contre la Syrie mises en place sous le pouvoir Assad. Cette lev\u00e9e des sanctions concerne essentiellement le syst\u00e8me bancaire syrien, jusque-l\u00e0 interdit d&rsquo;acc\u00e8s au march\u00e9 international des capitaux. Elle pr\u00e9voit \u00e9galement un d\u00e9gel des avoirs de la banque centrale syrienne.<\/p>\n","protected":false},"excerpt":{"rendered":"Les nouveaux dirigeants syriens se sont publiquement r\u00e9jouis, samedi, de la lev\u00e9e formelle des sanctions am\u00e9ricaines annonc\u00e9e par&hellip;\n","protected":false},"author":2,"featured_media":124269,"comment_status":"","ping_status":"","sticky":false,"template":"","format":"standard","meta":{"footnotes":""},"categories":[5],"tags":[259,11,260,1011,27,14,261,12,262,32,28],"class_list":{"0":"post-124268","1":"post","2":"type-post","3":"status-publish","4":"format-standard","5":"has-post-thumbnail","7":"category-international","8":"tag-actualite-internationale","9":"tag-actualites","10":"tag-affaires-etrangeres","11":"tag-fr","12":"tag-france","13":"tag-international","14":"tag-ministere-des-affaires-etrangeres","15":"tag-news","16":"tag-politique-etrangere","17":"tag-syrie","18":"tag-world"},"share_on_mastodon":{"url":"https:\/\/pubeurope.com\/@fr\/114562317858176733","error":""},"_links":{"self":[{"href":"https:\/\/www.europesays.com\/fr\/wp-json\/wp\/v2\/posts\/124268","targetHints":{"allow":["GET"]}}],"collection":[{"href":"https:\/\/www.europesays.com\/fr\/wp-json\/wp\/v2\/posts"}],"about":[{"href":"https:\/\/www.europesays.com\/fr\/wp-json\/wp\/v2\/types\/post"}],"author":[{"embeddable":true,"href":"https:\/\/www.europesays.com\/fr\/wp-json\/wp\/v2\/users\/2"}],"replies":[{"embeddable":true,"href":"https:\/\/www.europesays.com\/fr\/wp-json\/wp\/v2\/comments?post=124268"}],"version-history":[{"count":0,"href":"https:\/\/www.europesays.com\/fr\/wp-json\/wp\/v2\/posts\/124268\/revisions"}],"wp:featuredmedia":[{"embeddable":true,"href":"https:\/\/www.europesays.com\/fr\/wp-json\/wp\/v2\/media\/124269"}],"wp:attachment":[{"href":"https:\/\/www.europesays.com\/fr\/wp-json\/wp\/v2\/media?parent=124268"}],"wp:term":[{"taxonomy":"category","embeddable":true,"href":"https:\/\/www.europesays.com\/fr\/wp-json\/wp\/v2\/categories?post=124268"},{"taxonomy":"post_tag","embeddable":true,"href":"https:\/\/www.europesays.com\/fr\/wp-json\/wp\/v2\/tags?post=124268"}],"curies":[{"name":"wp","href":"https:\/\/api.w.org\/{rel}","templated":true}]}}