{"id":124280,"date":"2025-05-24T10:28:09","date_gmt":"2025-05-24T10:28:09","guid":{"rendered":"https:\/\/www.europesays.com\/fr\/124280\/"},"modified":"2025-05-24T10:28:09","modified_gmt":"2025-05-24T10:28:09","slug":"asnl-la-date-de-reprise-quatre-matchs-amicaux-et-un-stage-sont-connus","status":"publish","type":"post","link":"https:\/\/www.europesays.com\/fr\/124280\/","title":{"rendered":"ASNL &#8211; La date de reprise, quatre matchs amicaux et un stage sont connus"},"content":{"rendered":"<p style=\"text-align: justify;\">Apr\u00e8s la joie et les c\u00e9l\u00e9brations, les vacances et le repos bien m\u00e9rit\u00e9, l\u2019AS Nancy Lorraine va repasser en mode comp\u00e9tition pour pr\u00e9parer au mieux la saison de son retour en <strong>Ligue 2<\/strong> ! Aucune h\u00e2te puisque les Nanc\u00e9iens ne retrouveront les terrains que le mardi 01\/07\/2025, apr\u00e8s plus d\u2019un mois de pause, avec au programme un stage dans les Vosges deux mises au vert de cinq jour sans interruption, en groupe, au centre d\u2019entra\u00eenement. D\u00e9couvrez ci-dessous le programme d\u00e9voil\u00e9 par le club au chardon.<\/p>\n<p>\u00c0 lire aussi &gt;&gt;\u00a0<a href=\"https:\/\/maligue2.fr\/2025\/05\/23\/mercato-asnl-quelques-departs-prevus-apres-la-montee-en-ligue-2-peu-parmi-les-titulaires\/\" target=\"_blank\" rel=\"noopener\">Mercato ASNL \u2013 Quelques d\u00e9parts pr\u00e9vus apr\u00e8s la mont\u00e9e en Ligue 2, peu parmi les titulaires<\/a><\/p>\n<p><strong>Le programme estival de l\u2019AS Nancy Lorraine :<\/strong><\/p>\n<ul>\n<li><strong>Reprise de l\u2019entra\u00eenement<\/strong>\u00a0: mardi 1er juillet<\/li>\n<li><strong>Journ\u00e9es continues \u00e0 la For\u00eat de Haye<\/strong>\u00a0: du 7 au 11 juillet et du 14 au 18 juillet<\/li>\n<li><strong>Match\u00a0<\/strong>: mercredi 16 juillet face \u00e0 Villefranche \u00e0 Selongey (17h00, horaire \u00e0 confirmer)<\/li>\n<li><strong>Stage de pr\u00e9paration \u00e0 Vittel<\/strong>\u00a0: du 21 au 26 juillet\n<ul>\n<li><strong>Match<\/strong>\u00a0: mardi 22 juillet face au RC Strasbourg \u00e0 \u00c9pinal (18h00, horaire \u00e0 confirmer)<\/li>\n<li><strong>Match<\/strong>\u00a0: samedi 26 juillet face au SAS \u00c9pinal \u00e0 Vittel (17h00, horaire \u00e0 confirmer)<\/li>\n<\/ul>\n<\/li>\n<li><strong>Dernier match de pr\u00e9paration<\/strong> : vendredi 1er ao\u00fbt face \u00e0 l\u2019UNFP \u00e0 Hom\u00e9court (18h00, horaire \u00e0 confirmer).<\/li>\n<\/ul>\n<p>\u00a0<\/p>\n<blockquote class=\"twitter-tweet\">\n<p dir=\"ltr\" lang=\"fr\">\ud83d\udce3 Le programme de la pr\u00e9-saison 2025-2026 est d\u00e9sormais connu !<\/p>\n<p>Voici le calendrier complet de la pr\u00e9paration estivale \ud83d\udd25<\/p>\n<p>Entre entra\u00eenements intensifs, matchs amicaux et stage de pr\u00e9paration, l\u2019\u00e9quipe se met en ordre de bataille pour une reprise ambitieuse \ud83d\udcaa<\/p>\n<p>\ud83d\udcc5 Premier\u2026 <a href=\"https:\/\/t.co\/bfUddzcPxU\">pic.twitter.com\/bfUddzcPxU<\/a><\/p>\n<p>\u2014 AS Nancy-Lorraine (@asnlofficiel) <a href=\"https:\/\/twitter.com\/asnlofficiel\/status\/1925899467653308901?ref_src=twsrc%5Etfw\" target=\"_blank\" rel=\"noopener\">May 23, 2025<\/a><\/p>\n<\/blockquote>\n<p>Photo Antonin Utz\/Icon Sport<\/p>\n<p>\t\t<script async src=\"https:\/\/platform.twitter.com\/widgets.js\" charset=\"utf-8\"><\/script><\/p>\n","protected":false},"excerpt":{"rendered":"Apr\u00e8s la joie et les c\u00e9l\u00e9brations, les vacances et le repos bien m\u00e9rit\u00e9, l\u2019AS Nancy Lorraine va repasser&hellip;\n","protected":false},"author":2,"featured_media":124281,"comment_status":"","ping_status":"","sticky":false,"template":"","format":"standard","meta":{"footnotes":""},"categories":[9635],"tags":[24683,1111,11,1777,674,1011,27,775,1702,12,25],"class_list":{"0":"post-124280","1":"post","2":"type-post","3":"status-publish","4":"format-standard","5":"has-post-thumbnail","7":"category-nancy","8":"tag-alaune4","9":"tag-actu","10":"tag-actualites","11":"tag-eu","12":"tag-europe","13":"tag-fr","14":"tag-france","15":"tag-grand-est","16":"tag-nancy","17":"tag-news","18":"tag-republique-francaise"},"share_on_mastodon":{"url":"https:\/\/pubeurope.com\/@fr\/114562341540416543","error":""},"_links":{"self":[{"href":"https:\/\/www.europesays.com\/fr\/wp-json\/wp\/v2\/posts\/124280","targetHints":{"allow":["GET"]}}],"collection":[{"href":"https:\/\/www.europesays.com\/fr\/wp-json\/wp\/v2\/posts"}],"about":[{"href":"https:\/\/www.europesays.com\/fr\/wp-json\/wp\/v2\/types\/post"}],"author":[{"embeddable":true,"href":"https:\/\/www.europesays.com\/fr\/wp-json\/wp\/v2\/users\/2"}],"replies":[{"embeddable":true,"href":"https:\/\/www.europesays.com\/fr\/wp-json\/wp\/v2\/comments?post=124280"}],"version-history":[{"count":0,"href":"https:\/\/www.europesays.com\/fr\/wp-json\/wp\/v2\/posts\/124280\/revisions"}],"wp:featuredmedia":[{"embeddable":true,"href":"https:\/\/www.europesays.com\/fr\/wp-json\/wp\/v2\/media\/124281"}],"wp:attachment":[{"href":"https:\/\/www.europesays.com\/fr\/wp-json\/wp\/v2\/media?parent=124280"}],"wp:term":[{"taxonomy":"category","embeddable":true,"href":"https:\/\/www.europesays.com\/fr\/wp-json\/wp\/v2\/categories?post=124280"},{"taxonomy":"post_tag","embeddable":true,"href":"https:\/\/www.europesays.com\/fr\/wp-json\/wp\/v2\/tags?post=124280"}],"curies":[{"name":"wp","href":"https:\/\/api.w.org\/{rel}","templated":true}]}}