{"id":124290,"date":"2025-05-24T10:34:11","date_gmt":"2025-05-24T10:34:11","guid":{"rendered":"https:\/\/www.europesays.com\/fr\/124290\/"},"modified":"2025-05-24T10:34:11","modified_gmt":"2025-05-24T10:34:11","slug":"psychologue-a-rouen-elle-deconstruit-les-stereotypes-sur-linceste-et-son-systeme-familial","status":"publish","type":"post","link":"https:\/\/www.europesays.com\/fr\/124290\/","title":{"rendered":"Psychologue \u00e0 Rouen, elle d\u00e9construit les st\u00e9r\u00e9otypes sur l&rsquo;inceste et son \u00ab\u00a0syst\u00e8me familial \u00bb"},"content":{"rendered":"<p>            Par<br \/>\n        <strong><br \/>\n            <a href=\"https:\/\/actu.fr\/auteur\/laredaction\" title=\"Consulter tous les articles de R\u00e9daction Normandie\" rel=\"nofollow noopener\" target=\"_blank\">R\u00e9daction Normandie<\/a><br \/>\n        <\/strong><\/p>\n<p>        Publi\u00e9 le<\/p>\n<p>            24 mai 2025 \u00e0 11h50        <\/p>\n<p>Psychologue clinicienne de formation, la Rouennaise Swann Eglizeaud publie aux \u00e9ditions Baudelaire un Essai sur les dynamiques familiales dans l\u2019inceste et ses cons\u00e9quences. Dans une analyse \u00e9clairante,<strong> elle essaye de d\u00e9construire les st\u00e9r\u00e9otypes<\/strong> \u00e0 propos de ce sujet sensible.<\/p>\n<p>Une d\u00e9finition assez floue de l\u2019inceste<\/p>\n<p class=\" wall-content\"><strong>Sp\u00e9cialis\u00e9e dans la psycho-criminologie<\/strong>, Swann Eglizeaud, travaillant au sein de la <a href=\"https:\/\/actu.fr\/normandie\/rouen_76540\/bonne-nouvelle-pour-la-prison-de-rouen-gerald-darmanin-annonce-30-millions-d-euros-de-travaux_62624443.html\" rel=\"nofollow noopener\" target=\"_blank\">maison d\u2019arr\u00eat de Rouen<\/a>, s\u2019est pench\u00e9e sur la probl\u00e9matique de <strong>l\u2019inceste<\/strong> lors de son m\u00e9moire \u00e0 l\u2019universit\u00e9 d\u2019Angers. Elle a d\u00e9cid\u00e9 de publier son travail dans un ouvrage publi\u00e9 aux \u00c9ditions Baudelaire en mars 2025.<\/p>\n<p class=\" wall-content\">Titulaire d\u2019une licence de psychologie \u00e0 l\u2019universit\u00e9 Paris XVIII et ayant effectu\u00e9 de nombreux stages au centre de d\u00e9tention de Rouen et \u00e0 la protection judiciaire de la jeunesse (PJJ) de Dieppe, Swann Eglizeaud s\u2019est int\u00e9ress\u00e9e aux violences sexuelles au cours des entretiens avec des personnes d\u00e9tenues. \u00ab\u00a0J\u2019ai \u00e9t\u00e9 confront\u00e9e \u00e0 la probl\u00e9matique [des violences sexuelles] lors de mes prises en charge\u00a0\u00bb e<strong>t le sujet de \u00ab\u00a0l\u2019inceste est ressorti\u00a0\u00bb<\/strong>, raconte-t-elle.<\/p>\n<p class=\" wall-content\">Selon Swann Eglizeaud, <strong>la d\u00e9finition qu\u2019on donne \u00e0 l\u2019inceste est assez restrictive<\/strong>. D\u2019apr\u00e8s les textes de loi en vigueur, l\u2019inceste est d\u00e9fini comme condition aggravante d\u2019une violence sexuelle \u00ab\u00a0commise par un ascendant [\u2026] ayant sur la victime une autorit\u00e9\u00a0\u00bb (article 222.24 du Code p\u00e9nal). Pour la psychologue, il faudrait alors pr\u00e9ciser cette notion pour comprendre r\u00e9ellement \u00ab\u00a0ce qu\u2019est l\u2019inceste et ce que cela implique\u00a0\u00bb.<\/p>\n<p>L\u2019inceste, au prisme de plusieurs dimensions<\/p>\n<p class=\" wall-content\">Ainsi, cela suppose de voir l\u2019inceste <strong>au-del\u00e0 de sa seule dimension d\u2019agression sexuelle<\/strong> et prendre en compte le \u00ab\u00a0syst\u00e8me familial\u00a0\u00bb de la victime. Selon la psychologue, l\u2019inceste engendre souvent une \u00ab\u00a0confusion des r\u00f4les\u00a0\u00bb et \u00ab\u00a0touche \u00e0 la g\u00e9n\u00e9alogie, \u00e0 la filiation. Cela donne des arbres g\u00e9n\u00e9alogiques d\u00e9sorganis\u00e9s [dans la psych\u00e9 des victimes] avec des branches qui se croisent, se rejoignent\u00a0\u00bb, indique-t-elle. L\u2019inceste m\u00e8ne aussi<strong> \u00e0 une confusion \u00ab\u00a0identitaire\u00a0\u00bb<\/strong> chez la victime.<\/p>\n<p>Vid\u00e9os : en ce moment sur Actu<\/p>\n<p class=\" wall-content\">Elle pointe aussi du doigt <strong>le silence autour de ces violences<\/strong> qui est dur \u00e0 briser. \u00ab\u00a0Il y a un double poids pour la victime : un poids individuel et le poids du syst\u00e8me familial qui engendre une culpabilit\u00e9.\u00a0\u00bb La victime est alors confront\u00e9e \u00e0 des \u00ab\u00a0conflits de loyaut\u00e9\u00a0\u00bb vis-\u00e0-vis de l\u2019agresseur \u00ab\u00a0qui laisse transpara\u00eetre qu\u2019il ne faut pas qu\u2019il parte [en prison] car cela ferait du mal au reste de la famille\u00a0\u00bb, pr\u00e9cise l\u2019autrice.<\/p>\n<p>Essai sur les dynamiques familiales dans l\u2019inceste et ses cons\u00e9quences, Swann Eglizeaud, Editions Baudelaire, 74 pages, 13,50 euros<\/p>\n<p class=\" wall-content\"><strong>Noah Dumaine<\/strong><\/p>\n<p class=\" wall-content\">Suivez toute l\u2019actualit\u00e9 de vos villes et m\u00e9dias favoris en vous inscrivant \u00e0 <a href=\"https:\/\/moncompte.actu.fr\" title=\"D\u00e9couvez Mon Actu\" rel=\"nofollow noopener\" data-trk=\"{&quot;cta&quot;:{&quot;action&quot;:&quot;https:\\\/\\\/moncompte.actu.fr&quot;,&quot;category&quot;:&quot;mon compte&quot;,&quot;from&quot;:&quot;article footer&quot;,&quot;name&quot;:&quot;Mon actu&quot;,&quot;type&quot;:&quot;cta&quot;}}\" target=\"_blank\">Mon Actu<\/a>.<\/p>\n<ul class=\"ac-article-tag wall-content\">\n<li><a href=\"https:\/\/actu.fr\/tag\/livres\" data-trk=\"{&quot;cta&quot;:{&quot;action&quot;:&quot;Livres&quot;,&quot;category&quot;:&quot;tag&quot;,&quot;from&quot;:&quot;article footer&quot;,&quot;name&quot;:&quot;Livres&quot;,&quot;type&quot;:&quot;cta&quot;}}\" rel=\"nofollow noopener\" target=\"_blank\">#Livres<\/a><\/li>\n<li><a href=\"https:\/\/actu.fr\/tag\/violences-sexuelles\" data-trk=\"{&quot;cta&quot;:{&quot;action&quot;:&quot;Violences sexuelles&quot;,&quot;category&quot;:&quot;tag&quot;,&quot;from&quot;:&quot;article footer&quot;,&quot;name&quot;:&quot;Violences sexuelles&quot;,&quot;type&quot;:&quot;cta&quot;}}\" rel=\"nofollow noopener\" target=\"_blank\">#Violences sexuelles<\/a><\/li>\n<\/ul>\n","protected":false},"excerpt":{"rendered":"Par R\u00e9daction Normandie Publi\u00e9 le 24 mai 2025 \u00e0 11h50 Psychologue clinicienne de formation, la Rouennaise Swann Eglizeaud&hellip;\n","protected":false},"author":2,"featured_media":124291,"comment_status":"","ping_status":"","sticky":false,"template":"","format":"standard","meta":{"footnotes":""},"categories":[9587],"tags":[1111,11,1777,674,1011,27,1380,12,5161,25,9590,104,799],"class_list":{"0":"post-124290","1":"post","2":"type-post","3":"status-publish","4":"format-standard","5":"has-post-thumbnail","7":"category-rouen","8":"tag-actu","9":"tag-actualites","10":"tag-eu","11":"tag-europe","12":"tag-fr","13":"tag-france","14":"tag-livres","15":"tag-news","16":"tag-normandie","17":"tag-republique-francaise","18":"tag-rouen","19":"tag-societe","20":"tag-violences-sexuelles"},"share_on_mastodon":{"url":"https:\/\/pubeurope.com\/@fr\/114562365234264361","error":""},"_links":{"self":[{"href":"https:\/\/www.europesays.com\/fr\/wp-json\/wp\/v2\/posts\/124290","targetHints":{"allow":["GET"]}}],"collection":[{"href":"https:\/\/www.europesays.com\/fr\/wp-json\/wp\/v2\/posts"}],"about":[{"href":"https:\/\/www.europesays.com\/fr\/wp-json\/wp\/v2\/types\/post"}],"author":[{"embeddable":true,"href":"https:\/\/www.europesays.com\/fr\/wp-json\/wp\/v2\/users\/2"}],"replies":[{"embeddable":true,"href":"https:\/\/www.europesays.com\/fr\/wp-json\/wp\/v2\/comments?post=124290"}],"version-history":[{"count":0,"href":"https:\/\/www.europesays.com\/fr\/wp-json\/wp\/v2\/posts\/124290\/revisions"}],"wp:featuredmedia":[{"embeddable":true,"href":"https:\/\/www.europesays.com\/fr\/wp-json\/wp\/v2\/media\/124291"}],"wp:attachment":[{"href":"https:\/\/www.europesays.com\/fr\/wp-json\/wp\/v2\/media?parent=124290"}],"wp:term":[{"taxonomy":"category","embeddable":true,"href":"https:\/\/www.europesays.com\/fr\/wp-json\/wp\/v2\/categories?post=124290"},{"taxonomy":"post_tag","embeddable":true,"href":"https:\/\/www.europesays.com\/fr\/wp-json\/wp\/v2\/tags?post=124290"}],"curies":[{"name":"wp","href":"https:\/\/api.w.org\/{rel}","templated":true}]}}