{"id":124294,"date":"2025-05-24T10:36:20","date_gmt":"2025-05-24T10:36:20","guid":{"rendered":"https:\/\/www.europesays.com\/fr\/124294\/"},"modified":"2025-05-24T10:36:20","modified_gmt":"2025-05-24T10:36:20","slug":"prison-avec-sursis-requise-contre-linfluenceur-algerien","status":"publish","type":"post","link":"https:\/\/www.europesays.com\/fr\/124294\/","title":{"rendered":"prison avec sursis requise contre l&rsquo;influenceur alg\u00e9rien"},"content":{"rendered":"<p itemprop=\"description\"><strong>Il y a quelques mois, la justice fran\u00e7aise s&rsquo;\u00e9tait empar\u00e9e du dossier des influenceurs alg\u00e9riens, ces personnes aux discours parfois inqui\u00e9tants tenus devant des centaines de milliers d&rsquo;internautes.<\/strong><\/p>\n<p>En Is\u00e8re, Imad Tintin \u00e9tait l&rsquo;un d&rsquo;entre eux, soup\u00e7onn\u00e9 d&rsquo;avoir appel\u00e9 sur le compte TikTok Bledard de Luxe \u00e0 \u00ab\u00a0br\u00fbler vif, tuer et violer sur le sol fran\u00e7ais\u00a0\u00bb.<\/p>\n<p>Jug\u00e9 ce vendredi par le tribunal judiciaire de Grenoble, l&rsquo;Alg\u00e9rien, vivant \u00e0 Echirolles et sous le coup d&rsquo;une OQTF contre laquelle il a d\u00e9pos\u00e9 un recours, a vu le dossier prendre une tournure nouvelle.<\/p>\n<p>Car sa vid\u00e9o incrimin\u00e9e a \u00e9t\u00e9 traduite par un expert, \u00e0 la demande de la d\u00e9fense. Et les juges se sont rendus compte qu&rsquo;il tenait en r\u00e9alit\u00e9 des propos totalement diff\u00e9rents de ceux d\u00e9nonc\u00e9s \u00e0 l&rsquo;\u00e9poque par le ministre de l&rsquo;Int\u00e9rieur Bruno Retailleau\u2026<\/p>\n<p>En arabe, Imad Tintin d\u00e9clarait plut\u00f4t, \u00e0 l&rsquo;occasion d&rsquo;une altercation verbale avec un autre Alg\u00e9rien oppos\u00e9 au gouvernement d&rsquo;Abdelmadjid Tebboune : \u00ab\u00a0Nous les Alg\u00e9riens, nous avons grandi dans le sang, nous nous sommes relev\u00e9s dans le sang (&#8230;) Ici, si on te croise, on va te donner une racl\u00e9e. Celui qui veut du sang, qu&rsquo;il avance\u00a0\u00bb.<\/p>\n<p>Le procureur de la R\u00e9publique a tout de m\u00eame requis 6 mois de prison dont 2 mois ferme \u00e0 son encontre, estimant que les propos restaient violents.<\/p>\n<p>L&rsquo;avocat du pr\u00e9venu a lui plaid\u00e9 la relaxe.<\/p>\n<p>Le jugement a \u00e9t\u00e9 mis en d\u00e9lib\u00e9r\u00e9 et sera connu le 10 juin prochain.<\/p>\n","protected":false},"excerpt":{"rendered":"Il y a quelques mois, la justice fran\u00e7aise s&rsquo;\u00e9tait empar\u00e9e du dossier des influenceurs alg\u00e9riens, ces personnes aux&hellip;\n","protected":false},"author":2,"featured_media":124295,"comment_status":"","ping_status":"","sticky":false,"template":"","format":"standard","meta":{"footnotes":""},"categories":[9566],"tags":[1111,11,7733,8279,2430,7736,650,7734,2889,2263,1777,674,1011,27,2731,8280,6417,1114,108,4662,12,3725,1825,25,7737],"class_list":{"0":"post-124294","1":"post","2":"type-post","3":"status-publish","4":"format-standard","5":"has-post-thumbnail","7":"category-grenoble","8":"tag-actu","9":"tag-actualites","10":"tag-alpes","11":"tag-alpes1","12":"tag-auvergne-rhone-alpes","13":"tag-cds","14":"tag-cinema","15":"tag-ecoute","16":"tag-emission","17":"tag-equipe","18":"tag-eu","19":"tag-europe","20":"tag-fr","21":"tag-france","22":"tag-grenoble","23":"tag-haute","24":"tag-information","25":"tag-infos","26":"tag-isere","27":"tag-journal","28":"tag-news","29":"tag-podcast","30":"tag-radio","31":"tag-republique-francaise","32":"tag-winamp"},"share_on_mastodon":{"url":"https:\/\/pubeurope.com\/@fr\/114562372987037053","error":""},"_links":{"self":[{"href":"https:\/\/www.europesays.com\/fr\/wp-json\/wp\/v2\/posts\/124294","targetHints":{"allow":["GET"]}}],"collection":[{"href":"https:\/\/www.europesays.com\/fr\/wp-json\/wp\/v2\/posts"}],"about":[{"href":"https:\/\/www.europesays.com\/fr\/wp-json\/wp\/v2\/types\/post"}],"author":[{"embeddable":true,"href":"https:\/\/www.europesays.com\/fr\/wp-json\/wp\/v2\/users\/2"}],"replies":[{"embeddable":true,"href":"https:\/\/www.europesays.com\/fr\/wp-json\/wp\/v2\/comments?post=124294"}],"version-history":[{"count":0,"href":"https:\/\/www.europesays.com\/fr\/wp-json\/wp\/v2\/posts\/124294\/revisions"}],"wp:featuredmedia":[{"embeddable":true,"href":"https:\/\/www.europesays.com\/fr\/wp-json\/wp\/v2\/media\/124295"}],"wp:attachment":[{"href":"https:\/\/www.europesays.com\/fr\/wp-json\/wp\/v2\/media?parent=124294"}],"wp:term":[{"taxonomy":"category","embeddable":true,"href":"https:\/\/www.europesays.com\/fr\/wp-json\/wp\/v2\/categories?post=124294"},{"taxonomy":"post_tag","embeddable":true,"href":"https:\/\/www.europesays.com\/fr\/wp-json\/wp\/v2\/tags?post=124294"}],"curies":[{"name":"wp","href":"https:\/\/api.w.org\/{rel}","templated":true}]}}