{"id":124296,"date":"2025-05-24T10:37:20","date_gmt":"2025-05-24T10:37:20","guid":{"rendered":"https:\/\/www.europesays.com\/fr\/124296\/"},"modified":"2025-05-24T10:37:20","modified_gmt":"2025-05-24T10:37:20","slug":"six-hommes-soupconnes-detre-impliques-dans-des-fusillades-envoyes-en-prison","status":"publish","type":"post","link":"https:\/\/www.europesays.com\/fr\/124296\/","title":{"rendered":"Six hommes soup\u00e7onn\u00e9s d\u2019\u00eatre impliqu\u00e9s dans des fusillades envoy\u00e9s en prison"},"content":{"rendered":"<p>C\u2019\u00e9tait la premi\u00e8re fusillade de l\u2019ann\u00e9e. Le 5 janvier, en pleine journ\u00e9e, trois personnes encagoul\u00e9es et v\u00eatues de tenues sombres <a href=\"https:\/\/www.20minutes.fr\/rennes\/4132194-20250106-rennes-devenu-sport-local-tirs-arme-automatique-pleine-journee-place-pietonne\" class=\"color-ultramarine c-link\" target=\"_blank\" rel=\"noopener\">avaient tir\u00e9 sur un groupe de revendeurs de drogue<\/a> nouvellement install\u00e9 dans le quartier de Villejean, \u00e0 <a href=\"https:\/\/www.20minutes.fr\/rennes\/\" class=\"color-ultramarine c-link\" target=\"_blank\" rel=\"noopener\">Rennes <\/a>(Ille-et-Vilaine). Ils avaient pris la fuite \u00e0 pied. Quelques jours plus tard, le samedi 11\u00a0janvier, une nouvelle fusillade \u00e0 coups de fusil-mitrailleur avait eu lieu tout pr\u00e8s de l\u00e0. Deux hommes avaient \u00e9t\u00e9 bless\u00e9s, dont l\u2019un tr\u00e8s gri\u00e8vement. Six hommes soup\u00e7onn\u00e9s d\u2019\u00eatre impliqu\u00e9s dans ces r\u00e8glements de compte ont \u00e9t\u00e9 incarc\u00e9r\u00e9s, a annonc\u00e9 le procureur de la R\u00e9publique Fr\u00e9d\u00e9ric Teillet.<\/p>\n<p>Les six hommes sont \u00e2g\u00e9s de 17 \u00e0 26 ans. \u00ab\u00a0Aucun ne reconna\u00eet sa participation aux faits sauf l\u2019un d\u2019entre eux, qui admet avoir r\u00e9cup\u00e9r\u00e9 les tireurs\u00a0\u00bb lors d\u2019une des fusillades et \u00ab\u00a0avoir particip\u00e9 au trafic de stup\u00e9fiants\u00a0\u00bb, pr\u00e9cise le procureur. Certains d\u2019entre eux ne sont pas connus de la justice, d\u2019autres encore ont de nombreux ant\u00e9c\u00e9dents.<\/p>\n<\/p>\n<p>Ces tirs, <a href=\"https:\/\/www.20minutes.fr\/faits_divers\/faits-divers-rennes\/4149321-20250418-rennes-jeunes-criaient-temoin-fusillade-subway-elu-raconte-violence-scene\" class=\"color-ultramarine c-link\" target=\"_blank\" rel=\"noopener\">les premiers d\u2019une longue s\u00e9rie<\/a>, avaient provoqu\u00e9 un \u00e9moi \u00e9vident dans le quartier Villejean. Le 5 janvier, un homme et sa compagne <a href=\"https:\/\/www.20minutes.fr\/rennes\/4132424-20250107-rennes-apres-tirs-pleine-journee-police-privee-images-videosurveillance-cause-bug\" class=\"color-ultramarine c-link\" target=\"_blank\" rel=\"noopener\">avaient vu une balle traverser leur baie vitr\u00e9e<\/a> et terminer sa course dans leur canap\u00e9 o\u00f9 ils \u00e9taient assis. A quelques centim\u00e8tres pr\u00e8s.<\/p>\n<p>La maire appelle l\u2019Etat \u00e0 l\u2019aide<\/p>\n<p>Les suspects plac\u00e9s en d\u00e9tention provisoire ont notamment \u00e9t\u00e9 mis en examen pour \u00ab\u00a0tentative de meurtre en bande organis\u00e9e, participation \u00e0 une association de malfaiteurs en vue de la pr\u00e9paration d\u2019un crime et acquisition, transport, d\u00e9tention, offre ou cession de stup\u00e9fiants\u00a0\u00bb. Depuis le d\u00e9but de l\u2019ann\u00e9e, de nombreux r\u00e8glements de compte \u00e0 l\u2019arme lourde ont \u00e9t\u00e9 recens\u00e9s \u00e0 Rennes. La maire de la capitale bretonne Nathalie App\u00e9r\u00e9 (PS) <a href=\"https:\/\/www.20minutes.fr\/societe\/4151673-20250504-fusillade-rennes-enquete-ouverte-tentatives-meurtre-bande-organisee\" class=\"color-ultramarine c-link\" target=\"_blank\" rel=\"noopener\">a appel\u00e9 l\u2019Etat \u00e0 l\u2019aide<\/a>, r\u00e9clamant des renforts policiers. Des renforts qui tardent \u00e0 arriver.<\/p>\n","protected":false},"excerpt":{"rendered":"C\u2019\u00e9tait la premi\u00e8re fusillade de l\u2019ann\u00e9e. Le 5 janvier, en pleine journ\u00e9e, trois personnes encagoul\u00e9es et v\u00eatues de&hellip;\n","protected":false},"author":2,"featured_media":124297,"comment_status":"","ping_status":"","sticky":false,"template":"","format":"standard","meta":{"footnotes":""},"categories":[2821],"tags":[1111,47,11,829,1777,674,118,7641,1011,27,3832,848,10909,813,12,806,11681,584,25,887],"class_list":{"0":"post-124296","1":"post","2":"type-post","3":"status-publish","4":"format-standard","5":"has-post-thumbnail","7":"category-rennes","8":"tag-actu","9":"tag-actualite","10":"tag-actualites","11":"tag-bretagne","12":"tag-eu","13":"tag-europe","14":"tag-faits-divers","15":"tag-faits-divers-rennes","16":"tag-fr","17":"tag-france","18":"tag-fusillade","19":"tag-ille-et-vilaine","20":"tag-kalachnikov","21":"tag-narcotrafiquants","22":"tag-news","23":"tag-prison","24":"tag-reglement-de-comptes","25":"tag-rennes","26":"tag-republique-francaise","27":"tag-trafic-de-drogue"},"share_on_mastodon":{"url":"https:\/\/pubeurope.com\/@fr\/114562376904698766","error":""},"_links":{"self":[{"href":"https:\/\/www.europesays.com\/fr\/wp-json\/wp\/v2\/posts\/124296","targetHints":{"allow":["GET"]}}],"collection":[{"href":"https:\/\/www.europesays.com\/fr\/wp-json\/wp\/v2\/posts"}],"about":[{"href":"https:\/\/www.europesays.com\/fr\/wp-json\/wp\/v2\/types\/post"}],"author":[{"embeddable":true,"href":"https:\/\/www.europesays.com\/fr\/wp-json\/wp\/v2\/users\/2"}],"replies":[{"embeddable":true,"href":"https:\/\/www.europesays.com\/fr\/wp-json\/wp\/v2\/comments?post=124296"}],"version-history":[{"count":0,"href":"https:\/\/www.europesays.com\/fr\/wp-json\/wp\/v2\/posts\/124296\/revisions"}],"wp:featuredmedia":[{"embeddable":true,"href":"https:\/\/www.europesays.com\/fr\/wp-json\/wp\/v2\/media\/124297"}],"wp:attachment":[{"href":"https:\/\/www.europesays.com\/fr\/wp-json\/wp\/v2\/media?parent=124296"}],"wp:term":[{"taxonomy":"category","embeddable":true,"href":"https:\/\/www.europesays.com\/fr\/wp-json\/wp\/v2\/categories?post=124296"},{"taxonomy":"post_tag","embeddable":true,"href":"https:\/\/www.europesays.com\/fr\/wp-json\/wp\/v2\/tags?post=124296"}],"curies":[{"name":"wp","href":"https:\/\/api.w.org\/{rel}","templated":true}]}}