{"id":124312,"date":"2025-05-24T10:46:11","date_gmt":"2025-05-24T10:46:11","guid":{"rendered":"https:\/\/www.europesays.com\/fr\/124312\/"},"modified":"2025-05-24T10:46:11","modified_gmt":"2025-05-24T10:46:11","slug":"girondins-des-anciens-joueurs-de-bordeaux-se-rassemblent-au-haillan","status":"publish","type":"post","link":"https:\/\/www.europesays.com\/fr\/124312\/","title":{"rendered":"Girondins : des anciens joueurs de Bordeaux se rassemblent au Haillan"},"content":{"rendered":"<p><img decoding=\"async\" src=\"https:\/\/www.europesays.com\/fr\/wp-content\/uploads\/2025\/05\/671_c5a716eff2bfb8e507c87e382fb31dd8.jpg\" alt=\"Girondins : des anciens joueurs de Bordeaux se rassemblent au Haillan\" class=\"img-responsive mt-3\"\/><\/p>\n<p class=\"text-center mb-3\" style=\"font-size: 14px\">\u00a9 Iconsport<\/p>\n<p style=\"text-align: justify;\">Cette initiative est n\u00e9e d&rsquo;Antoine Verg\u00e8s, aujourd&rsquo;hui entraineur (Stade Bordelais) qui a \u00e9t\u00e9 form\u00e9 au Haillan avec Rio Mavuba.<\/p>\n<p style=\"text-align: justify;\">Ils ont d\u00e9cid\u00e9 de cr\u00e9er un moment de partage avec les joueurs de leur g\u00e9n\u00e9ration et\/ou les suivantes pour vivre un instant autour du club qui les a form\u00e9. Arnaud Faget, Patrick Leguen, Ted Lavie, Paul Baysse, Benoit Tr\u00e9moulinas ou encore le kin\u00e9 du club David Das Neves seront pr\u00e9sents avec d&rsquo;autres personnalit\u00e9s et joueurs pass\u00e9s sous le maillot frapp\u00e9 du scapulaire.<\/p>\n<p style=\"text-align: justify;\">Pas question de jouer, mais plut\u00f4t d&rsquo;\u00e9voquer les souvenirs. Guy Dubois l&rsquo;intentant historique de la formation Girondins de Bordeaux qui a pris sa retraite en 2012 apr\u00e8s 21 ans de pr\u00e9sence, devrait \u00eatre pr\u00e9sent.<\/p>\n<p style=\"text-align: justify;\">Dans ces moments difficiles pour les Girondins de Bordeaux ce type d&rsquo;initiative renforce le lien et l&rsquo;identit\u00e9 autour du club au scapulaire. C&rsquo;est \u00e0 souligner.<\/p>\n<p style=\"text-align: justify;\">N.P<\/p>\n<p style=\"text-align: justify;\">\u00c0 lire &gt;&gt; <strong><a href=\"https:\/\/www.webgirondins.com\/actualite-girondins-girondins-le-kop-33-appelle-a-un-rassemblement-devant-le-tribunal-de-commerce-de-bordeaux-129192\" target=\"_blank\" rel=\"noopener nofollow\">le Kop 33 appelle \u00e0 un rassemblement devant le tribunal de commerce de Bordeaux<\/a><\/strong><\/p>\n<p style=\"text-align: justify;\">Notre podcast court \u00e0 \u00e9couter :<\/p>\n<p>\u00a0<\/p>\n<p>\u00a0<\/p>\n","protected":false},"excerpt":{"rendered":"\u00a9 Iconsport Cette initiative est n\u00e9e d&rsquo;Antoine Verg\u00e8s, aujourd&rsquo;hui entraineur (Stade Bordelais) qui a \u00e9t\u00e9 form\u00e9 au Haillan&hellip;\n","protected":false},"author":2,"featured_media":117918,"comment_status":"","ping_status":"","sticky":false,"template":"","format":"standard","meta":{"footnotes":""},"categories":[2817],"tags":[1111,11,8132,7051,1997,3335,5244,24685,24684,1777,674,1119,1011,27,3606,1987,6776,1441,4059,9862,12,2219,471,22237,24425,25,3982,24686,17074,17938],"class_list":{"0":"post-124312","1":"post","2":"type-post","3":"status-publish","4":"format-standard","5":"has-post-thumbnail","7":"category-bordeaux","8":"tag-actu","9":"tag-actualites","10":"tag-anciens","11":"tag-autour","12":"tag-bordeaux","13":"tag-centre","14":"tag-club","15":"tag-convivial","16":"tag-decide","17":"tag-eu","18":"tag-europe","19":"tag-formation","20":"tag-fr","21":"tag-france","22":"tag-generation","23":"tag-girondins","24":"tag-haillan","25":"tag-joueur","26":"tag-joueurs","27":"tag-moment","28":"tag-news","29":"tag-nouvelle-aquitaine","30":"tag-pour","31":"tag-rassemblent","32":"tag-rassembler","33":"tag-republique-francaise","34":"tag-samedi","35":"tag-scapulaire","36":"tag-souvenirs","37":"tag-valeurs"},"share_on_mastodon":{"url":"https:\/\/pubeurope.com\/@fr\/114562412245739125","error":""},"_links":{"self":[{"href":"https:\/\/www.europesays.com\/fr\/wp-json\/wp\/v2\/posts\/124312","targetHints":{"allow":["GET"]}}],"collection":[{"href":"https:\/\/www.europesays.com\/fr\/wp-json\/wp\/v2\/posts"}],"about":[{"href":"https:\/\/www.europesays.com\/fr\/wp-json\/wp\/v2\/types\/post"}],"author":[{"embeddable":true,"href":"https:\/\/www.europesays.com\/fr\/wp-json\/wp\/v2\/users\/2"}],"replies":[{"embeddable":true,"href":"https:\/\/www.europesays.com\/fr\/wp-json\/wp\/v2\/comments?post=124312"}],"version-history":[{"count":0,"href":"https:\/\/www.europesays.com\/fr\/wp-json\/wp\/v2\/posts\/124312\/revisions"}],"wp:featuredmedia":[{"embeddable":true,"href":"https:\/\/www.europesays.com\/fr\/wp-json\/wp\/v2\/media\/117918"}],"wp:attachment":[{"href":"https:\/\/www.europesays.com\/fr\/wp-json\/wp\/v2\/media?parent=124312"}],"wp:term":[{"taxonomy":"category","embeddable":true,"href":"https:\/\/www.europesays.com\/fr\/wp-json\/wp\/v2\/categories?post=124312"},{"taxonomy":"post_tag","embeddable":true,"href":"https:\/\/www.europesays.com\/fr\/wp-json\/wp\/v2\/tags?post=124312"}],"curies":[{"name":"wp","href":"https:\/\/api.w.org\/{rel}","templated":true}]}}