{"id":124315,"date":"2025-05-24T10:48:07","date_gmt":"2025-05-24T10:48:07","guid":{"rendered":"https:\/\/www.europesays.com\/fr\/124315\/"},"modified":"2025-05-24T10:48:07","modified_gmt":"2025-05-24T10:48:07","slug":"pres-de-toulouse-un-parent-deleve-sen-prend-violemment-a-une-personne-dans-ce-college","status":"publish","type":"post","link":"https:\/\/www.europesays.com\/fr\/124315\/","title":{"rendered":"Pr\u00e8s de Toulouse. Un parent d&rsquo;\u00e9l\u00e8ve s&rsquo;en prend violemment \u00e0 une personne dans ce coll\u00e8ge"},"content":{"rendered":"<p>            Par<br \/>\n        <strong><br \/>\n            <a href=\"https:\/\/actu.fr\/auteur\/lea-afonso\" title=\"Consulter tous les articles de L\u00e9a Afonso\" rel=\"nofollow noopener\" target=\"_blank\">L\u00e9a Afonso<\/a><br \/>\n        <\/strong><\/p>\n<p>        Publi\u00e9 le<\/p>\n<p>            24 mai 2025 \u00e0 12h14        <\/p>\n<p>C\u2019est une situation qui a de quoi choquer et le traumatisme n\u2019en est pas moindre. Ce vendredi 23\u00a0mai 2025 au matin, un <strong>parent<\/strong> d\u2019\u00e9l\u00e8ve d\u2019un coll\u00e8ge \u00e0 <a href=\"https:\/\/actu.fr\/occitanie\/castelginest_31116\" rel=\"nofollow noopener\" target=\"_blank\"><strong>Castelginest<\/strong><\/a>, au nord de <a href=\"https:\/\/actu.fr\/toulouse\/\" rel=\"nofollow noopener\" target=\"_blank\">Toulouse<\/a>, s\u2019en est pris <strong>violemment<\/strong> <strong>\u00e0 un assistant d\u2019\u00e9ducation<\/strong>. Explications.<\/p>\n<p>    <a href=\"https:\/\/www.google.com\/maps\/embed?pb=!1m18!1m12!1m3!1d23076.816803505248!2d1.4142584029518575!3d43.69803495036439!2m3!1f0!2f0!3f0!3m2!1i1024!2i768!4f13.1!3m3!1m2!1s0x12aea404de51e80f%3A0x406f69c2f412b60!2s31780%20Castelginest!5e0!3m2!1sfr!2sfr!4v1748070041584!5m2!1sfr!2sfr\" title=\"Ouvrie le lien\" rel=\"nofollow noopener\" target=\"_blank\">Cliquez ici pour visualiser le contenu<\/a><\/p>\n<p>On lui refuse l\u2019entr\u00e9e\u2026 il s\u2019emporte<\/p>\n<p class=\" wall-content\">Les faits se sont d\u00e9roul\u00e9s au<strong> coll\u00e8ge Jacques Maure de Castelginest.<\/strong> Alors que les cours allaient commercer ce vendredi matin, le p\u00e8re d\u2019un \u00e9l\u00e8ve s\u2019approche du portail du coll\u00e8ge et demande \u00e0 voir un autre jeune. Les assistants d\u2019\u00e9ducation refusent et le <strong>parent s\u2019emporte<\/strong> rapidement.<\/p>\n<p class=\" wall-content\">Il <strong>s\u2019\u00e9nerve<\/strong> jusqu\u2019\u00e0 <strong>donner plusieurs coups violents \u00e0 un des assistants<\/strong>.\u00a0L\u2019agresseur menace par ailleurs un agent territorial du coll\u00e8ge. Pr\u00e9venue, la gendarmerie est rapidement arriv\u00e9e sur les lieux pour canaliser cet homme. L\u2019<strong>assistant d\u2019\u00e9ducation, bless\u00e9,<\/strong> a \u00e9t\u00e9 conduit \u00e0 l\u2019h\u00f4pital.<\/p>\n<p>Quid de la suite\u2009?<\/p>\n<p class=\" wall-content\">Le rectorat de l\u2019acad\u00e9mie de Toulouse a rapidement envoy\u00e9 ses \u00e9quipes mobiles pour <strong>s\u00e9curiser l\u2019\u00e9tablissement<\/strong>. Un <strong>conseiller technique<\/strong> a aussi \u00e9t\u00e9 envoy\u00e9 sur place pour accompagner et soutenir le personnel, choqu\u00e9 par les faits. Un accompagnement par des <strong>psychologues du travail<\/strong> est aussi d\u00e9clench\u00e9.<\/p>\n<p class=\" wall-content\">Le recteur Karim Benmiloud \u00ab\u2009condamne fermement cet acte violent et inadmissible. Il assure de son total soutien cet assistant d\u2019\u00e9ducation et plus largement tous les personnels du coll\u00e8ge de Castelginest\u2009\u00bb, communique l\u2019acad\u00e9mie de Toulouse.<\/p>\n<p>Vid\u00e9os : en ce moment sur Actu<\/p>\n<p class=\" wall-content\">Suivez toute l\u2019actualit\u00e9 de vos villes et m\u00e9dias favoris en vous inscrivant \u00e0 <a href=\"https:\/\/moncompte.actu.fr\" title=\"D\u00e9couvez Mon Actu\" rel=\"nofollow noopener\" data-trk=\"{&quot;cta&quot;:{&quot;action&quot;:&quot;https:\\\/\\\/moncompte.actu.fr&quot;,&quot;category&quot;:&quot;mon compte&quot;,&quot;from&quot;:&quot;article footer&quot;,&quot;name&quot;:&quot;Mon actu&quot;,&quot;type&quot;:&quot;cta&quot;}}\" target=\"_blank\">Mon Actu<\/a>.<\/p>\n","protected":false},"excerpt":{"rendered":"Par L\u00e9a Afonso Publi\u00e9 le 24 mai 2025 \u00e0 12h14 C\u2019est une situation qui a de quoi choquer&hellip;\n","protected":false},"author":2,"featured_media":124316,"comment_status":"","ping_status":"","sticky":false,"template":"","format":"standard","meta":{"footnotes":""},"categories":[2816],"tags":[1111,11,1057,1777,674,1011,27,3381,12,2680,25,104,2312],"class_list":{"0":"post-124315","1":"post","2":"type-post","3":"status-publish","4":"format-standard","5":"has-post-thumbnail","7":"category-toulouse","8":"tag-actu","9":"tag-actualites","10":"tag-education","11":"tag-eu","12":"tag-europe","13":"tag-fr","14":"tag-france","15":"tag-gendarmerie","16":"tag-news","17":"tag-occitanie","18":"tag-republique-francaise","19":"tag-societe","20":"tag-toulouse"},"share_on_mastodon":{"url":"https:\/\/pubeurope.com\/@fr\/114562420433325951","error":""},"_links":{"self":[{"href":"https:\/\/www.europesays.com\/fr\/wp-json\/wp\/v2\/posts\/124315","targetHints":{"allow":["GET"]}}],"collection":[{"href":"https:\/\/www.europesays.com\/fr\/wp-json\/wp\/v2\/posts"}],"about":[{"href":"https:\/\/www.europesays.com\/fr\/wp-json\/wp\/v2\/types\/post"}],"author":[{"embeddable":true,"href":"https:\/\/www.europesays.com\/fr\/wp-json\/wp\/v2\/users\/2"}],"replies":[{"embeddable":true,"href":"https:\/\/www.europesays.com\/fr\/wp-json\/wp\/v2\/comments?post=124315"}],"version-history":[{"count":0,"href":"https:\/\/www.europesays.com\/fr\/wp-json\/wp\/v2\/posts\/124315\/revisions"}],"wp:featuredmedia":[{"embeddable":true,"href":"https:\/\/www.europesays.com\/fr\/wp-json\/wp\/v2\/media\/124316"}],"wp:attachment":[{"href":"https:\/\/www.europesays.com\/fr\/wp-json\/wp\/v2\/media?parent=124315"}],"wp:term":[{"taxonomy":"category","embeddable":true,"href":"https:\/\/www.europesays.com\/fr\/wp-json\/wp\/v2\/categories?post=124315"},{"taxonomy":"post_tag","embeddable":true,"href":"https:\/\/www.europesays.com\/fr\/wp-json\/wp\/v2\/tags?post=124315"}],"curies":[{"name":"wp","href":"https:\/\/api.w.org\/{rel}","templated":true}]}}